[{"id":31277,"date":"2026-09-03T08:56:58","date_gmt":"2026-09-03T15:56:58","guid":{"rendered":"https:\/\/seiu775.org\/recortes-en-la-atencin-a-los-inmigrantes\/"},"modified":"2026-09-03T09:00:06","modified_gmt":"2026-09-03T16:00:06","slug":"immigrant-care-cuts","status":"publish","type":"post","link":"https:\/\/seiu775.org\/es\/immigrant-care-cuts\/","title":{"rendered":"Recortes en la atenci&oacute;n a los inmigrantes&nbsp;"},"content":{"rendered":"\n<p class=\"wp-block-paragraph\">Debido a los crueles recortes a la financiaci\u00f3n de la atenci\u00f3n incluidos en el HR\u00a01 de Trump, conocido como el \u201cproyecto de ley Big Ugly\u201d, miles de inmigrantes corren el riesgo de perder su atenci\u00f3n m\u00e9dica y la atenci\u00f3n a largo plazo a partir del 1.\u00ba de octubre del 2026.<strong> Si su cliente se ve afectado por estos recortes, habr\u00e1 recibido una carta del DSHS en agosto inform\u00e1ndole sobre los cambios en su elegibilidad para Apple Health (Medicaid) y los servicios de atenci\u00f3n a largo plazo y conocer\u00e1 directamente de parte de su administrador del caso dicha situaci\u00f3n antes del 15 de septiembre del 2026.<sup>\u00a0<\/sup><\/strong>\u00a0<\/p>\n\n<p class=\"wp-block-paragraph\"><a href=\"https:\/\/seiu775.org\/wp-content\/uploads\/2026\/08\/DSHS-webinar-on-Medicaid-coverage-2026-08-18.pdf\" target=\"_blank\" rel=\"noreferrer noopener\"><strong>Review the slides from DSHS\u2019s August 18, 2026 webinar on changes to Medicaid eligibility because of HR 1 here<\/strong><\/a>.<\/p>\n\n<h4 class=\"wp-block-heading\">Preguntas frecuentes:\u00a0<\/h4>\n\n<ul class=\"wp-block-list\">\n<li><a href=\"#who\"><strong>\u00bfQui\u00e9nes perder\u00e1n los servicios de atenci\u00f3n?\u00a0<\/strong><\/a><\/li>\n\n\n\n<li><a href=\"#when\"><strong>\u00bfCu\u00e1ndo conocer\u00e1 mi cliente de parte del DSHS que perder\u00e1 los servicios de atenci\u00f3n?\u00a0<\/strong><\/a><\/li>\n\n\n\n<li><a href=\"#what\"><strong>\u00bfQu\u00e9 programas financiados por el estado est\u00e1n disponibles para los clientes que pierden la cobertura?\u00a0<\/strong><\/a><\/li>\n\n\n\n<li><a href=\"#resources\" data-type=\"internal\" data-id=\"#resources\"><strong>\u00bfQu\u00e9 recursos comunitarios existen para m\u00ed o mi cliente despu\u00e9s de perder los servicios de atenci\u00f3n?\u00a0\u00a0<\/strong><\/a><\/li>\n\n\n\n<li><a href=\"#carina\" data-type=\"internal\" data-id=\"#carina\"><strong>\u00bfC\u00f3mo puedo obtener m\u00e1s horas o clientes?\u00a0<\/strong><\/a><\/li>\n\n\n\n<li><a href=\"#legal\" data-type=\"internal\" data-id=\"#legal\"><strong>\u00bfC\u00f3mo puedo obtener ayuda legal relacionada con la inmigraci\u00f3n?\u00a0<\/strong><\/a><\/li>\n<\/ul>\n\n<h2 id=\"who\" class=\"wp-block-heading\">\u00bfQui\u00e9nes perder\u00e1n los servicios de atenci\u00f3n?\u00a0\u00a0<\/h2>\n\n<p class=\"wp-block-paragraph\">El 1.\u00ba de octubre del 2026, ciertos inmigrantes adultos inscritos en Medicaid federal (Apple Health) y en los programas de Servicios y Apoyos a Largo Plazo ya no cumplir\u00e1n con los requisitos para estos programas y, con limitadas excepciones, perder\u00e1n la atenci\u00f3n m\u00e9dica en caso de que su estado migratorio o de ciudadan\u00eda sea:\u00a0\u00a0<\/p>\n\n<ul class=\"wp-block-list\">\n<li>Refugiado<\/li>\n\n\n\n<li>Solicitante de asilo<\/li>\n\n\n\n<li>V\u00edctima de la trata<\/li>\n\n\n\n<li>Ucraniano parolee por razones humanitarias; o<\/li>\n\n\n\n<li>Inmigrante bajo otra forma de protecci\u00f3n humanitaria<\/li>\n<\/ul>\n\n<p class=\"wp-block-paragraph\"><strong><strong>Si usted o alguien que conoce ya no cumple con los requisitos para recibir los servicios debido a su estado migratorio, informe de inmediato al DSHS si:<\/strong>\u00a0<\/strong><\/p>\n\n<ul class=\"wp-block-list\">\n<li>Ha tenido un cambio en su estado migratorio<\/li>\n\n\n\n<li>Est\u00e1 embarazada o lo ha estado en los 12\u00a0meses previos al 1.\u00ba de octubre del 2026<\/li>\n\n\n\n<li>Est\u00e1 recibiendo servicios m\u00e9dicos de emergencia, tratamiento contra el c\u00e1ncer, medicamentos antirrechazo o di\u00e1lisis<\/li>\n<\/ul>\n\n<h2 id=\"when\" class=\"wp-block-heading\">\u00bfCu\u00e1ndo conocer\u00e1 mi cliente de parte del DSHS que perder\u00e1 los servicios de atenci\u00f3n?<\/h2>\n\n<p class=\"wp-block-paragraph\">En agosto del 2026, el DSHS envi\u00f3 cartas informativas a los clientes que probablemente se ver\u00e1n afectados por estos recortes. Los administradores del caso se comunicar\u00e1n directamente con los clientes afectados antes del 15 de septiembre del 2026. Si su cliente no recibi\u00f3 ninguna comunicaci\u00f3n del DSHS, pero usted considera que se ver\u00e1 afectado por estos recortes, comun\u00edquese con su administrador del caso del DSHS o de la Asociaci\u00f3n Norteamericana de Arbitraje (AAA).\u00a0<\/p>\n\n<p class=\"wp-block-paragraph\"><strong>A partir del 1.\u00ba de septiembre del 2026, el DSHS comenzar\u00e1 a enviar por correo las notificaciones sobre las acciones planificadas<\/strong>. Dichas notificaciones le informar\u00e1n si:\u00a0<\/p>\n\n<ul class=\"wp-block-list\">\n<li>El cliente <strong>cumple con los requisitos <\/strong>de elegibilidad para el nuevo Programa de Acceso Comunitario de Beneficios Limitados. Si se le traslada a este nuevo programa, recibir\u00e1 los mismos servicios que recib\u00eda el 30 de septiembre del 2026.\u00a0\u00a0<\/li>\n\n\n\n<li>El cliente <strong>no cumple con los requisitos<\/strong> de elegibilidad para el Programa de Acceso Comunitario de Beneficios Limitados y ser\u00e1 incluido en la lista de espera para un nuevo programa.\u00a0\u00a0<\/li>\n<\/ul>\n\n<p class=\"wp-block-paragraph\"><strong>Las notificaciones oficiales sobre la terminaci\u00f3n de Medicaid de ACES<\/strong> se enviar\u00e1n por correo a los clientes a partir del 14 de septiembre del 2026 por parte de los especialistas en beneficios p\u00fablicos de la Home and Community Living Administration del DSHS. ACES es el acr\u00f3nimo en ingl\u00e9s del Sistema Automatizado de Elegibilidad del Cliente, que determina la elegibilidad del cliente para los programas de atenci\u00f3n a largo plazo y Apple Health (Medicaid).<\/p>\n\n<h2 id=\"what\" class=\"wp-block-heading\">\u00bfQu\u00e9 programas financiados por el estado est\u00e1n disponibles para los clientes que pierden la cobertura?\u00a0<\/h2>\n\n<p class=\"wp-block-paragraph\">Durante la sesi\u00f3n legislativa del estado de Washington 2026, los cuidadores y nuestra Uni\u00f3n lucharon arduamente y lograron obtener fondos del presupuesto para proteger a algunos inmigrantes ante la p\u00e9rdida de sus servicios de atenci\u00f3n. Pero en junio, el Centro de Servicios de Medicare y Medicaid (CMS) de Trump aceler\u00f3 los recortes. Ahora, los recortes se est\u00e1n produciendo m\u00e1s r\u00e1pido y son m\u00e1s profundos de lo que nadie hab\u00eda previsto, mientras los fondos estatales dan cobertura a muchas menos personas de las que esperar\u00edan los legisladores.\u202f\u00a0<\/p>\n\n<p class=\"wp-block-paragraph\">Gracias a que alzamos la voz, el estado de Washington ha financiado un nuevo programa llamado Programa de Acceso Comunitario de Beneficios Limitados (LB-CAP), para brindarle atenci\u00f3n a largo plazo a aquellas personas que la han perdido en virtud del HR\u00a01. <strong>A partir del 1.\u00ba de septiembre del 2026, el cliente recibir\u00e1 las notificaciones sobre las acciones planificadas que el DSHS comenzar\u00e1 a enviar por correo para informarle si ser\u00e1 trasladado al Programa de Acceso Comunitario de Beneficios Limitados o si ser\u00e1 incluido en la lista de espera respectiva.\u00a0<\/strong>\u00a0<\/p>\n\n<p class=\"wp-block-paragraph\">Los detalles del Programa de Acceso Comunitario de Beneficios Limitados incluyen:<\/p>\n\n<ul class=\"wp-block-list\">\n<li>Cubre tanto los programas de los Servicios Domiciliarios y Comunitarios (HCS) como los de la Administraci\u00f3n de Discapacidades del Desarrollo (DDA).\u00a0<\/li>\n\n\n\n<li>Initial program enrollment will serve all current clients as of July 31, 2026, who:&nbsp;\n<ul class=\"wp-block-list\">\n<li>Residan en un centro residencial o de atenci\u00f3n las 24\u00a0horas del d\u00eda, los 7\u00a0d\u00edas de la semana, como un centro de enfermer\u00eda especializada o un Adult Family Home (hogar familiar para adultos); <strong>o<\/strong><\/li>\n\n\n\n<li>Cumplan con determinados requisitos de complejidad para acceder a los cupos disponibles.\u00a0<\/li>\n<\/ul>\n<\/li>\n\n\n\n<li>Al 18 de agosto del 2026, 173\u00a0personas, incluidos 160\u00a0clientes de los servicios de atenci\u00f3n domiciliaria y 13\u00a0clientes de la Administraci\u00f3n de Discapacidades del Desarrollo (DDA), son elegibles para este programa y continuar\u00e1n recibiendo todos los servicios que estaban recibiendo el 30 de septiembre del 2026.\u00a0\u00a0<\/li>\n\n\n\n<li>DSHS will create a waitlist of people whose long-term care was cut by HR 1, but are not initially eligible for the Limited Benefit Community Access Program.&nbsp;&nbsp;\n<ul class=\"wp-block-list\">\n<li>Se dar\u00e1 prioridad a los clientes seg\u00fan los datos relacionados con la ATENCI\u00d3N (complejidad) y el tiempo que lleven recibiendo servicios al 31 de julio de 2026, y,\u00a0<\/li>\n\n\n\n<li>Depender\u00e1 de la financiaci\u00f3n disponible.<\/li>\n<\/ul>\n<\/li>\n\n\n\n<li>Una vez que el cliente ingrese al programa, deber\u00e1 mantener su elegibilidad funcional y financiera.\u00a0\u00a0<\/li>\n<\/ul>\n\n<h2 id=\"resources\" class=\"wp-block-heading\">\u00bfQu\u00e9 recursos comunitarios existen para m\u00ed o mi cliente despu\u00e9s de perder los servicios de atenci\u00f3n?\u00a0\u00a0<\/h2>\n\n<p class=\"wp-block-paragraph\">Seguiremos luchando por la atenci\u00f3n vital financiada por el estado de la que dependen nuestros clientes. Aqu\u00ed encontrar\u00e1 recursos de atenci\u00f3n m\u00e9dica comunitarios para usted o su cliente, en caso de que pierdan su elegibilidad para la atenci\u00f3n m\u00e9dica a partir del 1.\u00ba de octubre del 2026.\u00a0\u00a0<\/p>\n\n<ul class=\"wp-block-list\">\n<li><a href=\"https:\/\/nohla.org\/reduced-cost-health-resources\/\" target=\"_blank\" rel=\"noreferrer noopener\">Northwest Health Law Advocates: Recursos para obtener atenci\u00f3n m\u00e9dica gratuita o a precio reducido en Washington<\/a>\u00a0<\/li>\n<\/ul>\n\n<ul class=\"wp-block-list\">\n<li><a href=\"https:\/\/wslc.org\/ffwf\/\" target=\"_blank\" rel=\"noreferrer noopener\">Solicitar asistencia de la Foundation for Working Families del Washington State Labor Coalition<\/a>.\u00a0\u00a0<\/li>\n<\/ul>\n\n<h2 id=\"carina\" class=\"wp-block-heading\">\u00bfC\u00f3mo puedo obtener m\u00e1s horas o clientes?\u00a0<\/h2>\n\n<p class=\"wp-block-paragraph\">Como miembro de SEIU\u00a0775, usted tiene acceso a Carina, una plataforma de ofertas de empleo que lo ayuda a encontrar personas que necesitan atenci\u00f3n y que se ajustan a su horario. Se trata de un beneficio de la Uni\u00f3n que le permite controlar con qui\u00e9n se conecta y cu\u00e1ndo. Es una plataforma privada, segura y f\u00e1cil de usar.\u00a0<\/p>\n\n<p class=\"wp-block-paragraph\">Como miembro de SEIU\u00a0775, usted tiene acceso a Carina, una plataforma de ofertas de empleo que lo ayuda a encontrar personas que necesitan atenci\u00f3n y que se ajustan a su horario. Se trata de un beneficio de la Uni\u00f3n que le permite controlar con qui\u00e9n se conecta y cu\u00e1ndo. Es una plataforma privada, segura y f\u00e1cil de usar.\u00a0<\/p>\n\n<ul class=\"wp-block-list\">\n<li>#RWS_SCM_ID#_2425efd3-4911-4c09-9d74-898e1bba8b39<\/li>\n\n\n\n<li>Cree un perfil de proveedor\u00a0<\/li>\n\n\n\n<li>Ingrese su c\u00f3digo postal para buscar clientes cercanos.\u00a0<\/li>\n<\/ul>\n\n<p class=\"wp-block-paragraph\">La lista de clientes de Carina cambia constantemente, as\u00ed que si no encuentra una oferta de inmediato, vuelva a consultar en una semana aproximadamente; se a\u00f1aden nuevos trabajos con regularidad.\u00a0<\/p>\n\n<h2 id=\"legal\" class=\"wp-block-heading\">\u00bfC\u00f3mo puedo obtener ayuda legal relacionada con la inmigraci\u00f3n?\u00a0<\/h2>\n\n<p class=\"wp-block-paragraph\">Los miembros de SEIU\u00a0775 que tengan preguntas legales espec\u00edficas sobre la inmigraci\u00f3n pueden comunicarse con el Member Resource Center (Centro de Informaci\u00f3n para Miembros) al 1-866-371-3200, de lunes a viernes, de 8\u00a0a.\u00a0m. a 4:30\u00a0p.\u00a0m. (hora del Pac\u00edfico), o enviarnos un correo electr\u00f3nico a <a href=\"mailto:mrc@seiu775.org\" target=\"_blank\" rel=\"noreferrer noopener\">mrc@seiu775.org<\/a>.\u00a0<\/p>\n\n<p class=\"wp-block-paragraph\">Tambi\u00e9n puede visitar nuestra p\u00e1gina de<a href=\"https:\/\/seiu775.org\/es\/immigration-defense-resources-es\/\" target=\"_blank\" rel=\"noreferrer noopener\"> recursos para la defensa en materia de inmigraci\u00f3n<\/a> para obtener recursos adicionales en materia de inmigraci\u00f3n.\u00a0\u00a0<\/p>\n\n<div class=\"schema-faq wp-block-yoast-faq-block\"><div class=\"schema-faq-section\" id=\"faq-question-1787610516176\"><strong class=\"schema-faq-question\"><\/strong> <p class=\"schema-faq-answer\"><\/p> <\/div> <\/div>\n","protected":false},"excerpt":{"rendered":"<p>Debido a los crueles recortes a la financiaci\u00f3n de la atenci\u00f3n incluidos en el HR\u00a01 de Trump, conocido como el \u201cproyecto de ley Big Ugly\u201d, miles de inmigrantes corren el riesgo de perder su atenci\u00f3n m\u00e9dica y la atenci\u00f3n a largo plazo a partir del 1.\u00ba de octubre del 2026. Si su cliente se ve [&hellip;]<\/p>\n","protected":false},"author":688,"featured_media":0,"comment_status":"closed","ping_status":"closed","sticky":false,"template":"","format":"standard","meta":{"_acf_changed":false,"inline_featured_image":false,"footnotes":"","_members_access_role":[],"_members_access_error":""},"categories":[208],"tags":[122,123,124,248,251,252,282],"class_list":["post-31277","post","type-post","status-publish","format-standard","hentry","category-208","tag-atencion-domiciliaria","tag-washington-es","tag-agency-provider-proveedor-de-la-agencia","tag-individual-provider-proveedor-individual","tag-medicaid","tag-inmigracin","tag-hr-1"],"acf":[],"yoast_head":"<!-- This site is optimized with the Yoast SEO plugin v28.0 - https:\/\/yoast.com\/product\/yoast-seo-wordpress\/ -->\n<title>Recortes en la atenci&oacute;n a los inmigrantes&nbsp; - SEIU 775<\/title>\n<meta name=\"robots\" content=\"index, follow, max-snippet:-1, max-image-preview:large, max-video-preview:-1\" \/>\n<link rel=\"canonical\" href=\"https:\/\/seiu775.org\/es\/immigrant-care-cuts\/\" \/>\n<meta property=\"og:locale\" content=\"es_ES\" \/>\n<meta property=\"og:type\" content=\"article\" \/>\n<meta property=\"og:title\" content=\"Recortes en la atenci&oacute;n a los inmigrantes&nbsp; - SEIU 775\" \/>\n<meta property=\"og:description\" content=\"Debido a los crueles recortes a la financiaci\u00f3n de la atenci\u00f3n incluidos en el HR\u00a01 de Trump, conocido como el \u201cproyecto de ley Big Ugly\u201d, miles de inmigrantes corren el riesgo de perder su atenci\u00f3n m\u00e9dica y la atenci\u00f3n a largo plazo a partir del 1.\u00ba de octubre del 2026. Si su cliente se ve [&hellip;]\" \/>\n<meta property=\"og:url\" content=\"https:\/\/seiu775.org\/es\/immigrant-care-cuts\/\" \/>\n<meta property=\"og:site_name\" content=\"SEIU 775\" \/>\n<meta property=\"article:publisher\" content=\"https:\/\/www.facebook.com\/seiu775\" \/>\n<meta property=\"article:published_time\" content=\"2026-09-03T15:56:58+00:00\" \/>\n<meta property=\"article:modified_time\" content=\"2026-09-03T16:00:06+00:00\" \/>\n<meta name=\"author\" content=\"Zan Lussier\" \/>\n<meta name=\"twitter:card\" content=\"summary_large_image\" \/>\n<meta name=\"twitter:creator\" content=\"@seiu775\" \/>\n<meta name=\"twitter:site\" content=\"@seiu775\" \/>\n<meta name=\"twitter:label1\" content=\"Escrito por\" \/>\n\t<meta name=\"twitter:data1\" content=\"Zan Lussier\" \/>\n\t<meta name=\"twitter:label2\" content=\"Tiempo de lectura\" \/>\n\t<meta name=\"twitter:data2\" content=\"6 minutos\" \/>\n<script type=\"application\/ld+json\" class=\"yoast-schema-graph\">{\"@context\":\"https:\\\/\\\/schema.org\",\"@graph\":[{\"@type\":\"Article\",\"@id\":\"https:\\\/\\\/seiu775.org\\\/es\\\/immigrant-care-cuts\\\/#article\",\"isPartOf\":{\"@id\":\"https:\\\/\\\/seiu775.org\\\/es\\\/immigrant-care-cuts\\\/\"},\"author\":{\"name\":\"Zan Lussier\",\"@id\":\"https:\\\/\\\/seiu775.org\\\/#\\\/schema\\\/person\\\/638049943d73fd92fae6e670310d550b\"},\"headline\":\"Recortes en la atenci&oacute;n a los inmigrantes&nbsp;\",\"datePublished\":\"2026-09-03T15:56:58+00:00\",\"dateModified\":\"2026-09-03T16:00:06+00:00\",\"mainEntityOfPage\":{\"@id\":\"https:\\\/\\\/seiu775.org\\\/es\\\/immigrant-care-cuts\\\/\"},\"wordCount\":1431,\"publisher\":{\"@id\":\"https:\\\/\\\/seiu775.org\\\/#organization\"},\"keywords\":[\"Atenci\u00f3n domiciliaria\",\"Washington\",\"Agency provider (proveedor de la agencia)\",\"Individual provider (proveedor individual)\",\"Medicaid\",\"Inmigraci&oacute;n\",\"HR 1\"],\"articleSection\":[\"\ubd84\ub958\ub418\uc9c0 \uc54a\uc74c\"],\"inLanguage\":\"es\"},{\"@type\":[\"WebPage\",\"FAQPage\"],\"@id\":\"https:\\\/\\\/seiu775.org\\\/es\\\/immigrant-care-cuts\\\/\",\"url\":\"https:\\\/\\\/seiu775.org\\\/es\\\/immigrant-care-cuts\\\/\",\"name\":\"Recortes en la atenci&oacute;n a los inmigrantes&nbsp; - SEIU 775\",\"isPartOf\":{\"@id\":\"https:\\\/\\\/seiu775.org\\\/#website\"},\"datePublished\":\"2026-09-03T15:56:58+00:00\",\"dateModified\":\"2026-09-03T16:00:06+00:00\",\"breadcrumb\":{\"@id\":\"https:\\\/\\\/seiu775.org\\\/es\\\/immigrant-care-cuts\\\/#breadcrumb\"},\"inLanguage\":\"es\",\"potentialAction\":[{\"@type\":\"ReadAction\",\"target\":[\"https:\\\/\\\/seiu775.org\\\/es\\\/immigrant-care-cuts\\\/\"]}]},{\"@type\":\"BreadcrumbList\",\"@id\":\"https:\\\/\\\/seiu775.org\\\/es\\\/immigrant-care-cuts\\\/#breadcrumb\",\"itemListElement\":[{\"@type\":\"ListItem\",\"position\":1,\"name\":\"Home\",\"item\":\"https:\\\/\\\/seiu775.org\\\/es\\\/\"},{\"@type\":\"ListItem\",\"position\":2,\"name\":\"Recortes en la atenci&oacute;n a los inmigrantes&nbsp;\"}]},{\"@type\":\"WebSite\",\"@id\":\"https:\\\/\\\/seiu775.org\\\/#website\",\"url\":\"https:\\\/\\\/seiu775.org\\\/\",\"name\":\"SEIU775\",\"description\":\"We&#039;re Stronger Together\",\"publisher\":{\"@id\":\"https:\\\/\\\/seiu775.org\\\/#organization\"},\"potentialAction\":[{\"@type\":\"SearchAction\",\"target\":{\"@type\":\"EntryPoint\",\"urlTemplate\":\"https:\\\/\\\/seiu775.org\\\/?s={search_term_string}\"},\"query-input\":{\"@type\":\"PropertyValueSpecification\",\"valueRequired\":true,\"valueName\":\"search_term_string\"}}],\"inLanguage\":\"es\"},{\"@type\":\"Organization\",\"@id\":\"https:\\\/\\\/seiu775.org\\\/#organization\",\"name\":\"SEIU775\",\"url\":\"https:\\\/\\\/seiu775.org\\\/\",\"logo\":{\"@type\":\"ImageObject\",\"inLanguage\":\"es\",\"@id\":\"https:\\\/\\\/seiu775.org\\\/#\\\/schema\\\/logo\\\/image\\\/\",\"url\":\"https:\\\/\\\/seiu775.org\\\/wp-content\\\/uploads\\\/2020\\\/07\\\/logo.png\",\"contentUrl\":\"https:\\\/\\\/seiu775.org\\\/wp-content\\\/uploads\\\/2020\\\/07\\\/logo.png\",\"width\":126,\"height\":126,\"caption\":\"SEIU775\"},\"image\":{\"@id\":\"https:\\\/\\\/seiu775.org\\\/#\\\/schema\\\/logo\\\/image\\\/\"},\"sameAs\":[\"https:\\\/\\\/www.facebook.com\\\/seiu775\",\"https:\\\/\\\/x.com\\\/seiu775\",\"https:\\\/\\\/www.youtube.com\\\/channel\\\/UCRnCbqnYM3ZaGYHUZQiG3Ug\",\"https:\\\/\\\/www.instagram.com\\\/seiu775\\\/\",\"https:\\\/\\\/www.linkedin.com\\\/company\\\/seiu-775nw\\\/\"]},{\"@type\":\"Person\",\"@id\":\"https:\\\/\\\/seiu775.org\\\/#\\\/schema\\\/person\\\/638049943d73fd92fae6e670310d550b\",\"name\":\"Zan Lussier\",\"image\":{\"@type\":\"ImageObject\",\"inLanguage\":\"es\",\"@id\":\"https:\\\/\\\/secure.gravatar.com\\\/avatar\\\/34bd8c268db5f7b5e78162ff37995c44527151660790fc6e0b8cc2def0c6defd?s=96&d=mm&r=g\",\"url\":\"https:\\\/\\\/secure.gravatar.com\\\/avatar\\\/34bd8c268db5f7b5e78162ff37995c44527151660790fc6e0b8cc2def0c6defd?s=96&d=mm&r=g\",\"contentUrl\":\"https:\\\/\\\/secure.gravatar.com\\\/avatar\\\/34bd8c268db5f7b5e78162ff37995c44527151660790fc6e0b8cc2def0c6defd?s=96&d=mm&r=g\",\"caption\":\"Zan Lussier\"}}]}<\/script>\n<!-- \/ Yoast SEO plugin. -->","yoast_head_json":{"title":"Recortes en la atenci&oacute;n a los inmigrantes&nbsp; - SEIU 775","robots":{"index":"index","follow":"follow","max-snippet":"max-snippet:-1","max-image-preview":"max-image-preview:large","max-video-preview":"max-video-preview:-1"},"canonical":"https:\/\/seiu775.org\/es\/immigrant-care-cuts\/","og_locale":"es_ES","og_type":"article","og_title":"Recortes en la atenci&oacute;n a los inmigrantes&nbsp; - SEIU 775","og_description":"Debido a los crueles recortes a la financiaci\u00f3n de la atenci\u00f3n incluidos en el HR\u00a01 de Trump, conocido como el \u201cproyecto de ley Big Ugly\u201d, miles de inmigrantes corren el riesgo de perder su atenci\u00f3n m\u00e9dica y la atenci\u00f3n a largo plazo a partir del 1.\u00ba de octubre del 2026. Si su cliente se ve [&hellip;]","og_url":"https:\/\/seiu775.org\/es\/immigrant-care-cuts\/","og_site_name":"SEIU 775","article_publisher":"https:\/\/www.facebook.com\/seiu775","article_published_time":"2026-09-03T15:56:58+00:00","article_modified_time":"2026-09-03T16:00:06+00:00","author":"Zan Lussier","twitter_card":"summary_large_image","twitter_creator":"@seiu775","twitter_site":"@seiu775","twitter_misc":{"Escrito por":"Zan Lussier","Tiempo de lectura":"6 minutos"},"schema":{"@context":"https:\/\/schema.org","@graph":[{"@type":"Article","@id":"https:\/\/seiu775.org\/es\/immigrant-care-cuts\/#article","isPartOf":{"@id":"https:\/\/seiu775.org\/es\/immigrant-care-cuts\/"},"author":{"name":"Zan Lussier","@id":"https:\/\/seiu775.org\/#\/schema\/person\/638049943d73fd92fae6e670310d550b"},"headline":"Recortes en la atenci&oacute;n a los inmigrantes&nbsp;","datePublished":"2026-09-03T15:56:58+00:00","dateModified":"2026-09-03T16:00:06+00:00","mainEntityOfPage":{"@id":"https:\/\/seiu775.org\/es\/immigrant-care-cuts\/"},"wordCount":1431,"publisher":{"@id":"https:\/\/seiu775.org\/#organization"},"keywords":["Atenci\u00f3n domiciliaria","Washington","Agency provider (proveedor de la agencia)","Individual provider (proveedor individual)","Medicaid","Inmigraci&oacute;n","HR 1"],"articleSection":["\ubd84\ub958\ub418\uc9c0 \uc54a\uc74c"],"inLanguage":"es"},{"@type":["WebPage","FAQPage"],"@id":"https:\/\/seiu775.org\/es\/immigrant-care-cuts\/","url":"https:\/\/seiu775.org\/es\/immigrant-care-cuts\/","name":"Recortes en la atenci&oacute;n a los inmigrantes&nbsp; - SEIU 775","isPartOf":{"@id":"https:\/\/seiu775.org\/#website"},"datePublished":"2026-09-03T15:56:58+00:00","dateModified":"2026-09-03T16:00:06+00:00","breadcrumb":{"@id":"https:\/\/seiu775.org\/es\/immigrant-care-cuts\/#breadcrumb"},"inLanguage":"es","potentialAction":[{"@type":"ReadAction","target":["https:\/\/seiu775.org\/es\/immigrant-care-cuts\/"]}]},{"@type":"BreadcrumbList","@id":"https:\/\/seiu775.org\/es\/immigrant-care-cuts\/#breadcrumb","itemListElement":[{"@type":"ListItem","position":1,"name":"Home","item":"https:\/\/seiu775.org\/es\/"},{"@type":"ListItem","position":2,"name":"Recortes en la atenci&oacute;n a los inmigrantes&nbsp;"}]},{"@type":"WebSite","@id":"https:\/\/seiu775.org\/#website","url":"https:\/\/seiu775.org\/","name":"SEIU775","description":"We&#039;re Stronger Together","publisher":{"@id":"https:\/\/seiu775.org\/#organization"},"potentialAction":[{"@type":"SearchAction","target":{"@type":"EntryPoint","urlTemplate":"https:\/\/seiu775.org\/?s={search_term_string}"},"query-input":{"@type":"PropertyValueSpecification","valueRequired":true,"valueName":"search_term_string"}}],"inLanguage":"es"},{"@type":"Organization","@id":"https:\/\/seiu775.org\/#organization","name":"SEIU775","url":"https:\/\/seiu775.org\/","logo":{"@type":"ImageObject","inLanguage":"es","@id":"https:\/\/seiu775.org\/#\/schema\/logo\/image\/","url":"https:\/\/seiu775.org\/wp-content\/uploads\/2020\/07\/logo.png","contentUrl":"https:\/\/seiu775.org\/wp-content\/uploads\/2020\/07\/logo.png","width":126,"height":126,"caption":"SEIU775"},"image":{"@id":"https:\/\/seiu775.org\/#\/schema\/logo\/image\/"},"sameAs":["https:\/\/www.facebook.com\/seiu775","https:\/\/x.com\/seiu775","https:\/\/www.youtube.com\/channel\/UCRnCbqnYM3ZaGYHUZQiG3Ug","https:\/\/www.instagram.com\/seiu775\/","https:\/\/www.linkedin.com\/company\/seiu-775nw\/"]},{"@type":"Person","@id":"https:\/\/seiu775.org\/#\/schema\/person\/638049943d73fd92fae6e670310d550b","name":"Zan Lussier","image":{"@type":"ImageObject","inLanguage":"es","@id":"https:\/\/secure.gravatar.com\/avatar\/34bd8c268db5f7b5e78162ff37995c44527151660790fc6e0b8cc2def0c6defd?s=96&d=mm&r=g","url":"https:\/\/secure.gravatar.com\/avatar\/34bd8c268db5f7b5e78162ff37995c44527151660790fc6e0b8cc2def0c6defd?s=96&d=mm&r=g","contentUrl":"https:\/\/secure.gravatar.com\/avatar\/34bd8c268db5f7b5e78162ff37995c44527151660790fc6e0b8cc2def0c6defd?s=96&d=mm&r=g","caption":"Zan Lussier"}}]}},"publishpress_future_action":{"enabled":false,"date":"2026-09-10 11:48:53","action":"change-status","newStatus":"draft","terms":[],"taxonomy":"category","extraData":[]},"publishpress_future_workflow_manual_trigger":{"enabledWorkflows":[]},"_links":{"self":[{"href":"https:\/\/seiu775.org\/es\/wp-json\/wp\/v2\/posts\/31277","targetHints":{"allow":["GET"]}}],"collection":[{"href":"https:\/\/seiu775.org\/es\/wp-json\/wp\/v2\/posts"}],"about":[{"href":"https:\/\/seiu775.org\/es\/wp-json\/wp\/v2\/types\/post"}],"author":[{"embeddable":true,"href":"https:\/\/seiu775.org\/es\/wp-json\/wp\/v2\/users\/688"}],"replies":[{"embeddable":true,"href":"https:\/\/seiu775.org\/es\/wp-json\/wp\/v2\/comments?post=31277"}],"version-history":[{"count":0,"href":"https:\/\/seiu775.org\/es\/wp-json\/wp\/v2\/posts\/31277\/revisions"}],"wp:attachment":[{"href":"https:\/\/seiu775.org\/es\/wp-json\/wp\/v2\/media?parent=31277"}],"wp:term":[{"taxonomy":"category","embeddable":true,"href":"https:\/\/seiu775.org\/es\/wp-json\/wp\/v2\/categories?post=31277"},{"taxonomy":"post_tag","embeddable":true,"href":"https:\/\/seiu775.org\/es\/wp-json\/wp\/v2\/tags?post=31277"}],"curies":[{"name":"wp","href":"https:\/\/api.w.org\/{rel}","templated":true}]}},{"id":31165,"date":"2026-08-21T09:53:16","date_gmt":"2026-08-21T16:53:16","guid":{"rendered":"https:\/\/seiu775.org\/?p=31165"},"modified":"2026-08-21T09:53:18","modified_gmt":"2026-08-21T16:53:18","slug":"as-wa-caregiver-union-pushes-for-pay-hike-state-seeks-wage-freeze","status":"publish","type":"post","link":"https:\/\/seiu775.org\/es\/as-wa-caregiver-union-pushes-for-pay-hike-state-seeks-wage-freeze\/","title":{"rendered":"As WA caregiver union pushes for pay hike, state seeks wage freeze"},"content":{"rendered":"\n<p class=\"wp-block-paragraph\">Washington State Standard | August 17, 2026<\/p>\n\n\n\n<p class=\"wp-block-paragraph\">Negotiations between the two sides will affect pay for about 80,000 workers and come as the state is grappling with budget trouble.<\/p>\n\n\n\n<p class=\"wp-block-paragraph\">A powerful labor union and the governor\u2019s office are at odds in contract negotiations for thousands of Washington caregivers, with the state proposing a wage freeze and the workers pressing for higher pay.<br><br>Caregivers from Service Employees International Union 775 initially asked for a 12% hike over two years \u2014 6% next year, and another 6% the year after. This position would\u2019ve reportedly cost the state around $367 million. Since the state balked, the union dropped its request to a 3% increase next year and 5% the year after.<br><br>\u201cWe were certainly deeply disappointed by the state\u2019s proposal,\u201d said Adam Glickman, secretary-treasurer for SEIU 775. \u201cThis will have a broad impact on the ability of seniors and people with disabilities to find caregivers, to keep caregivers.\u201d<\/p>\n\n\n\n<p class=\"wp-block-paragraph\">A state Office of Financial Management spokesperson declined to comment on the pending negotiations.<\/p>\n\n\n\n<p class=\"wp-block-paragraph\">The negotiations would cover about 80,000 care workers across Washington. Most are union represented, while others work for private, state-contracted home care agencies. Even though the state\u2019s offer doesn\u2019t include pay hikes, other costs would total roughly $60 million extra from the state budget over the next two fiscal years, according to state estimates.<\/p>\n\n\n\n<p class=\"wp-block-paragraph\">These contracts talks come as the governor and lawmakers expect the state to face a financial shortfall going into the 2027 legislative session.<\/p>\n\n\n\n<p class=\"wp-block-paragraph\"><strong>On different pages over wages<\/strong><br>This year, the state is paying $37.42 per hour in Medicaid reimbursements for caregivers, including health insurance, retirement benefits, paid time off and mileage reimbursement. The workers generally make between $22 and $25 per hour, Glickman said.<\/p>\n\n\n\n<p class=\"wp-block-paragraph\">The state would keep this hourly rate roughly the same next year, and up it to $38.13 in the 2029 fiscal year, to account for a requested increase in the workers\u2019 health benefits and an updated mileage reimbursement rate.<\/p>\n\n\n\n<p class=\"wp-block-paragraph\">The caregivers originally proposed $39.17 per hour in the next fiscal year, and $41.74 the year after, and are now countering the state with $38.44 next year and $40.68 the following. The total estimated cost of this plan for the state is around $224 million, about $140 million less than the union\u2019s initial position.<\/p>\n\n\n\n<p class=\"wp-block-paragraph\"><a href=\"https:\/\/washingtonstatestandard.com\/2026\/08\/17\/as-wa-caregiver-union-pushes-for-pay-hike-state-seeks-wage-freeze\/\" data-type=\"link\" data-id=\"https:\/\/washingtonstatestandard.com\/2026\/08\/17\/as-wa-caregiver-union-pushes-for-pay-hike-state-seeks-wage-freeze\/\">Read the full article at the\u00a0<strong>Washington State Standard<\/strong>.<\/a><\/p>\n\n\n\n<p class=\"wp-block-paragraph\"><\/p>\n","protected":false},"excerpt":{"rendered":"<p>Washington State Standard | August 17, 2026 Negotiations between the two sides will affect pay for about 80,000 workers and come as the state is grappling with budget trouble. A powerful labor union and the governor\u2019s office are at odds in contract negotiations for thousands of Washington caregivers, with the state proposing a wage freeze [&hellip;]<\/p>\n","protected":false},"author":3078,"featured_media":31172,"comment_status":"closed","ping_status":"closed","sticky":false,"template":"","format":"standard","meta":{"_acf_changed":true,"inline_featured_image":false,"footnotes":"","_members_access_role":[],"_members_access_error":""},"categories":[4],"tags":[205,84,83,80,38],"class_list":["post-31165","post","type-post","status-publish","format-standard","has-post-thumbnail","hentry","category-news","tag-rate-setting-board","tag-agency-provider","tag-individual-provider","tag-washington","tag-home-care"],"acf":[],"yoast_head":"<!-- This site is optimized with the Yoast SEO plugin v28.0 - https:\/\/yoast.com\/product\/yoast-seo-wordpress\/ -->\n<title>As WA caregiver union pushes for pay hike, state seeks wage freeze - SEIU 775<\/title>\n<meta name=\"description\" content=\"SEIU 775 and the State are at odds in contract negotiations for thousands of Washington caregivers, with the State proposing a wage freeze.\" \/>\n<meta name=\"robots\" content=\"index, follow, max-snippet:-1, max-image-preview:large, max-video-preview:-1\" \/>\n<link rel=\"canonical\" href=\"https:\/\/seiu775.org\/as-wa-caregiver-union-pushes-for-pay-hike-state-seeks-wage-freeze\/\" \/>\n<meta property=\"og:locale\" content=\"es_ES\" \/>\n<meta property=\"og:type\" content=\"article\" \/>\n<meta property=\"og:title\" content=\"As WA caregiver union pushes for pay hike, state seeks wage freeze - SEIU 775\" \/>\n<meta property=\"og:description\" content=\"SEIU 775 and the State are at odds in contract negotiations for thousands of Washington caregivers, with the State proposing a wage freeze.\" \/>\n<meta property=\"og:url\" content=\"https:\/\/seiu775.org\/as-wa-caregiver-union-pushes-for-pay-hike-state-seeks-wage-freeze\/\" \/>\n<meta property=\"og:site_name\" content=\"SEIU 775\" \/>\n<meta property=\"article:publisher\" content=\"https:\/\/www.facebook.com\/seiu775\" \/>\n<meta property=\"article:published_time\" content=\"2026-08-21T16:53:16+00:00\" \/>\n<meta property=\"article:modified_time\" content=\"2026-08-21T16:53:18+00:00\" \/>\n<meta property=\"og:image\" content=\"https:\/\/seiu775.org\/wp-content\/uploads\/2026\/08\/Rsb-action-budgets-1-scaled.jpeg\" \/>\n\t<meta property=\"og:image:width\" content=\"2560\" \/>\n\t<meta property=\"og:image:height\" content=\"1707\" \/>\n\t<meta property=\"og:image:type\" content=\"image\/jpeg\" \/>\n<meta name=\"author\" content=\"Jaclyn Saito\" \/>\n<meta name=\"twitter:card\" content=\"summary_large_image\" \/>\n<meta name=\"twitter:creator\" content=\"@seiu775\" \/>\n<meta name=\"twitter:site\" content=\"@seiu775\" \/>\n<meta name=\"twitter:label1\" content=\"Escrito por\" \/>\n\t<meta name=\"twitter:data1\" content=\"Jaclyn Saito\" \/>\n\t<meta name=\"twitter:label2\" content=\"Tiempo de lectura\" \/>\n\t<meta name=\"twitter:data2\" content=\"2 minutos\" \/>\n<script type=\"application\/ld+json\" class=\"yoast-schema-graph\">{\"@context\":\"https:\\\/\\\/schema.org\",\"@graph\":[{\"@type\":\"Article\",\"@id\":\"https:\\\/\\\/seiu775.org\\\/as-wa-caregiver-union-pushes-for-pay-hike-state-seeks-wage-freeze\\\/#article\",\"isPartOf\":{\"@id\":\"https:\\\/\\\/seiu775.org\\\/as-wa-caregiver-union-pushes-for-pay-hike-state-seeks-wage-freeze\\\/\"},\"author\":{\"name\":\"Jaclyn Saito\",\"@id\":\"https:\\\/\\\/seiu775.org\\\/#\\\/schema\\\/person\\\/09fef6aa3a126d05535759f6b8841558\"},\"headline\":\"As WA caregiver union pushes for pay hike, state seeks wage freeze\",\"datePublished\":\"2026-08-21T16:53:16+00:00\",\"dateModified\":\"2026-08-21T16:53:18+00:00\",\"mainEntityOfPage\":{\"@id\":\"https:\\\/\\\/seiu775.org\\\/as-wa-caregiver-union-pushes-for-pay-hike-state-seeks-wage-freeze\\\/\"},\"wordCount\":381,\"publisher\":{\"@id\":\"https:\\\/\\\/seiu775.org\\\/#organization\"},\"image\":{\"@id\":\"https:\\\/\\\/seiu775.org\\\/as-wa-caregiver-union-pushes-for-pay-hike-state-seeks-wage-freeze\\\/#primaryimage\"},\"thumbnailUrl\":\"https:\\\/\\\/seiu775.org\\\/wp-content\\\/uploads\\\/2026\\\/08\\\/Rsb-action-budgets-1-scaled.jpeg\",\"keywords\":[\"Rate Setting Board\",\"Agency Provider\",\"Individual Provider\",\"Washington\",\"Home Care\"],\"articleSection\":[\"News\"],\"inLanguage\":\"es\"},{\"@type\":\"WebPage\",\"@id\":\"https:\\\/\\\/seiu775.org\\\/as-wa-caregiver-union-pushes-for-pay-hike-state-seeks-wage-freeze\\\/\",\"url\":\"https:\\\/\\\/seiu775.org\\\/as-wa-caregiver-union-pushes-for-pay-hike-state-seeks-wage-freeze\\\/\",\"name\":\"As WA caregiver union pushes for pay hike, state seeks wage freeze - SEIU 775\",\"isPartOf\":{\"@id\":\"https:\\\/\\\/seiu775.org\\\/#website\"},\"primaryImageOfPage\":{\"@id\":\"https:\\\/\\\/seiu775.org\\\/as-wa-caregiver-union-pushes-for-pay-hike-state-seeks-wage-freeze\\\/#primaryimage\"},\"image\":{\"@id\":\"https:\\\/\\\/seiu775.org\\\/as-wa-caregiver-union-pushes-for-pay-hike-state-seeks-wage-freeze\\\/#primaryimage\"},\"thumbnailUrl\":\"https:\\\/\\\/seiu775.org\\\/wp-content\\\/uploads\\\/2026\\\/08\\\/Rsb-action-budgets-1-scaled.jpeg\",\"datePublished\":\"2026-08-21T16:53:16+00:00\",\"dateModified\":\"2026-08-21T16:53:18+00:00\",\"description\":\"SEIU 775 and the State are at odds in contract negotiations for thousands of Washington caregivers, with the State proposing a wage freeze.\",\"breadcrumb\":{\"@id\":\"https:\\\/\\\/seiu775.org\\\/as-wa-caregiver-union-pushes-for-pay-hike-state-seeks-wage-freeze\\\/#breadcrumb\"},\"inLanguage\":\"es\",\"potentialAction\":[{\"@type\":\"ReadAction\",\"target\":[\"https:\\\/\\\/seiu775.org\\\/as-wa-caregiver-union-pushes-for-pay-hike-state-seeks-wage-freeze\\\/\"]}]},{\"@type\":\"ImageObject\",\"inLanguage\":\"es\",\"@id\":\"https:\\\/\\\/seiu775.org\\\/as-wa-caregiver-union-pushes-for-pay-hike-state-seeks-wage-freeze\\\/#primaryimage\",\"url\":\"https:\\\/\\\/seiu775.org\\\/wp-content\\\/uploads\\\/2026\\\/08\\\/Rsb-action-budgets-1-scaled.jpeg\",\"contentUrl\":\"https:\\\/\\\/seiu775.org\\\/wp-content\\\/uploads\\\/2026\\\/08\\\/Rsb-action-budgets-1-scaled.jpeg\",\"width\":2560,\"height\":1707},{\"@type\":\"BreadcrumbList\",\"@id\":\"https:\\\/\\\/seiu775.org\\\/as-wa-caregiver-union-pushes-for-pay-hike-state-seeks-wage-freeze\\\/#breadcrumb\",\"itemListElement\":[{\"@type\":\"ListItem\",\"position\":1,\"name\":\"Home\",\"item\":\"https:\\\/\\\/seiu775.org\\\/es\\\/\"},{\"@type\":\"ListItem\",\"position\":2,\"name\":\"As WA caregiver union pushes for pay hike, state seeks wage freeze\"}]},{\"@type\":\"WebSite\",\"@id\":\"https:\\\/\\\/seiu775.org\\\/#website\",\"url\":\"https:\\\/\\\/seiu775.org\\\/\",\"name\":\"SEIU775\",\"description\":\"We&#039;re Stronger Together\",\"publisher\":{\"@id\":\"https:\\\/\\\/seiu775.org\\\/#organization\"},\"potentialAction\":[{\"@type\":\"SearchAction\",\"target\":{\"@type\":\"EntryPoint\",\"urlTemplate\":\"https:\\\/\\\/seiu775.org\\\/?s={search_term_string}\"},\"query-input\":{\"@type\":\"PropertyValueSpecification\",\"valueRequired\":true,\"valueName\":\"search_term_string\"}}],\"inLanguage\":\"es\"},{\"@type\":\"Organization\",\"@id\":\"https:\\\/\\\/seiu775.org\\\/#organization\",\"name\":\"SEIU775\",\"url\":\"https:\\\/\\\/seiu775.org\\\/\",\"logo\":{\"@type\":\"ImageObject\",\"inLanguage\":\"es\",\"@id\":\"https:\\\/\\\/seiu775.org\\\/#\\\/schema\\\/logo\\\/image\\\/\",\"url\":\"https:\\\/\\\/seiu775.org\\\/wp-content\\\/uploads\\\/2020\\\/07\\\/logo.png\",\"contentUrl\":\"https:\\\/\\\/seiu775.org\\\/wp-content\\\/uploads\\\/2020\\\/07\\\/logo.png\",\"width\":126,\"height\":126,\"caption\":\"SEIU775\"},\"image\":{\"@id\":\"https:\\\/\\\/seiu775.org\\\/#\\\/schema\\\/logo\\\/image\\\/\"},\"sameAs\":[\"https:\\\/\\\/www.facebook.com\\\/seiu775\",\"https:\\\/\\\/x.com\\\/seiu775\",\"https:\\\/\\\/www.youtube.com\\\/channel\\\/UCRnCbqnYM3ZaGYHUZQiG3Ug\",\"https:\\\/\\\/www.instagram.com\\\/seiu775\\\/\",\"https:\\\/\\\/www.linkedin.com\\\/company\\\/seiu-775nw\\\/\"]},{\"@type\":\"Person\",\"@id\":\"https:\\\/\\\/seiu775.org\\\/#\\\/schema\\\/person\\\/09fef6aa3a126d05535759f6b8841558\",\"name\":\"Jaclyn Saito\",\"image\":{\"@type\":\"ImageObject\",\"inLanguage\":\"es\",\"@id\":\"https:\\\/\\\/secure.gravatar.com\\\/avatar\\\/6fe494040f059e37639522b7e8397ac55c2d15202b5514a1066e6b5e71647c81?s=96&d=mm&r=g\",\"url\":\"https:\\\/\\\/secure.gravatar.com\\\/avatar\\\/6fe494040f059e37639522b7e8397ac55c2d15202b5514a1066e6b5e71647c81?s=96&d=mm&r=g\",\"contentUrl\":\"https:\\\/\\\/secure.gravatar.com\\\/avatar\\\/6fe494040f059e37639522b7e8397ac55c2d15202b5514a1066e6b5e71647c81?s=96&d=mm&r=g\",\"caption\":\"Jaclyn Saito\"}}]}<\/script>\n<!-- \/ Yoast SEO plugin. -->","yoast_head_json":{"title":"As WA caregiver union pushes for pay hike, state seeks wage freeze - SEIU 775","description":"SEIU 775 and the State are at odds in contract negotiations for thousands of Washington caregivers, with the State proposing a wage freeze.","robots":{"index":"index","follow":"follow","max-snippet":"max-snippet:-1","max-image-preview":"max-image-preview:large","max-video-preview":"max-video-preview:-1"},"canonical":"https:\/\/seiu775.org\/as-wa-caregiver-union-pushes-for-pay-hike-state-seeks-wage-freeze\/","og_locale":"es_ES","og_type":"article","og_title":"As WA caregiver union pushes for pay hike, state seeks wage freeze - SEIU 775","og_description":"SEIU 775 and the State are at odds in contract negotiations for thousands of Washington caregivers, with the State proposing a wage freeze.","og_url":"https:\/\/seiu775.org\/as-wa-caregiver-union-pushes-for-pay-hike-state-seeks-wage-freeze\/","og_site_name":"SEIU 775","article_publisher":"https:\/\/www.facebook.com\/seiu775","article_published_time":"2026-08-21T16:53:16+00:00","article_modified_time":"2026-08-21T16:53:18+00:00","og_image":[{"width":2560,"height":1707,"url":"https:\/\/seiu775.org\/wp-content\/uploads\/2026\/08\/Rsb-action-budgets-1-scaled.jpeg","type":"image\/jpeg"}],"author":"Jaclyn Saito","twitter_card":"summary_large_image","twitter_creator":"@seiu775","twitter_site":"@seiu775","twitter_misc":{"Escrito por":"Jaclyn Saito","Tiempo de lectura":"2 minutos"},"schema":{"@context":"https:\/\/schema.org","@graph":[{"@type":"Article","@id":"https:\/\/seiu775.org\/as-wa-caregiver-union-pushes-for-pay-hike-state-seeks-wage-freeze\/#article","isPartOf":{"@id":"https:\/\/seiu775.org\/as-wa-caregiver-union-pushes-for-pay-hike-state-seeks-wage-freeze\/"},"author":{"name":"Jaclyn Saito","@id":"https:\/\/seiu775.org\/#\/schema\/person\/09fef6aa3a126d05535759f6b8841558"},"headline":"As WA caregiver union pushes for pay hike, state seeks wage freeze","datePublished":"2026-08-21T16:53:16+00:00","dateModified":"2026-08-21T16:53:18+00:00","mainEntityOfPage":{"@id":"https:\/\/seiu775.org\/as-wa-caregiver-union-pushes-for-pay-hike-state-seeks-wage-freeze\/"},"wordCount":381,"publisher":{"@id":"https:\/\/seiu775.org\/#organization"},"image":{"@id":"https:\/\/seiu775.org\/as-wa-caregiver-union-pushes-for-pay-hike-state-seeks-wage-freeze\/#primaryimage"},"thumbnailUrl":"https:\/\/seiu775.org\/wp-content\/uploads\/2026\/08\/Rsb-action-budgets-1-scaled.jpeg","keywords":["Rate Setting Board","Agency Provider","Individual Provider","Washington","Home Care"],"articleSection":["News"],"inLanguage":"es"},{"@type":"WebPage","@id":"https:\/\/seiu775.org\/as-wa-caregiver-union-pushes-for-pay-hike-state-seeks-wage-freeze\/","url":"https:\/\/seiu775.org\/as-wa-caregiver-union-pushes-for-pay-hike-state-seeks-wage-freeze\/","name":"As WA caregiver union pushes for pay hike, state seeks wage freeze - SEIU 775","isPartOf":{"@id":"https:\/\/seiu775.org\/#website"},"primaryImageOfPage":{"@id":"https:\/\/seiu775.org\/as-wa-caregiver-union-pushes-for-pay-hike-state-seeks-wage-freeze\/#primaryimage"},"image":{"@id":"https:\/\/seiu775.org\/as-wa-caregiver-union-pushes-for-pay-hike-state-seeks-wage-freeze\/#primaryimage"},"thumbnailUrl":"https:\/\/seiu775.org\/wp-content\/uploads\/2026\/08\/Rsb-action-budgets-1-scaled.jpeg","datePublished":"2026-08-21T16:53:16+00:00","dateModified":"2026-08-21T16:53:18+00:00","description":"SEIU 775 and the State are at odds in contract negotiations for thousands of Washington caregivers, with the State proposing a wage freeze.","breadcrumb":{"@id":"https:\/\/seiu775.org\/as-wa-caregiver-union-pushes-for-pay-hike-state-seeks-wage-freeze\/#breadcrumb"},"inLanguage":"es","potentialAction":[{"@type":"ReadAction","target":["https:\/\/seiu775.org\/as-wa-caregiver-union-pushes-for-pay-hike-state-seeks-wage-freeze\/"]}]},{"@type":"ImageObject","inLanguage":"es","@id":"https:\/\/seiu775.org\/as-wa-caregiver-union-pushes-for-pay-hike-state-seeks-wage-freeze\/#primaryimage","url":"https:\/\/seiu775.org\/wp-content\/uploads\/2026\/08\/Rsb-action-budgets-1-scaled.jpeg","contentUrl":"https:\/\/seiu775.org\/wp-content\/uploads\/2026\/08\/Rsb-action-budgets-1-scaled.jpeg","width":2560,"height":1707},{"@type":"BreadcrumbList","@id":"https:\/\/seiu775.org\/as-wa-caregiver-union-pushes-for-pay-hike-state-seeks-wage-freeze\/#breadcrumb","itemListElement":[{"@type":"ListItem","position":1,"name":"Home","item":"https:\/\/seiu775.org\/es\/"},{"@type":"ListItem","position":2,"name":"As WA caregiver union pushes for pay hike, state seeks wage freeze"}]},{"@type":"WebSite","@id":"https:\/\/seiu775.org\/#website","url":"https:\/\/seiu775.org\/","name":"SEIU775","description":"We&#039;re Stronger Together","publisher":{"@id":"https:\/\/seiu775.org\/#organization"},"potentialAction":[{"@type":"SearchAction","target":{"@type":"EntryPoint","urlTemplate":"https:\/\/seiu775.org\/?s={search_term_string}"},"query-input":{"@type":"PropertyValueSpecification","valueRequired":true,"valueName":"search_term_string"}}],"inLanguage":"es"},{"@type":"Organization","@id":"https:\/\/seiu775.org\/#organization","name":"SEIU775","url":"https:\/\/seiu775.org\/","logo":{"@type":"ImageObject","inLanguage":"es","@id":"https:\/\/seiu775.org\/#\/schema\/logo\/image\/","url":"https:\/\/seiu775.org\/wp-content\/uploads\/2020\/07\/logo.png","contentUrl":"https:\/\/seiu775.org\/wp-content\/uploads\/2020\/07\/logo.png","width":126,"height":126,"caption":"SEIU775"},"image":{"@id":"https:\/\/seiu775.org\/#\/schema\/logo\/image\/"},"sameAs":["https:\/\/www.facebook.com\/seiu775","https:\/\/x.com\/seiu775","https:\/\/www.youtube.com\/channel\/UCRnCbqnYM3ZaGYHUZQiG3Ug","https:\/\/www.instagram.com\/seiu775\/","https:\/\/www.linkedin.com\/company\/seiu-775nw\/"]},{"@type":"Person","@id":"https:\/\/seiu775.org\/#\/schema\/person\/09fef6aa3a126d05535759f6b8841558","name":"Jaclyn Saito","image":{"@type":"ImageObject","inLanguage":"es","@id":"https:\/\/secure.gravatar.com\/avatar\/6fe494040f059e37639522b7e8397ac55c2d15202b5514a1066e6b5e71647c81?s=96&d=mm&r=g","url":"https:\/\/secure.gravatar.com\/avatar\/6fe494040f059e37639522b7e8397ac55c2d15202b5514a1066e6b5e71647c81?s=96&d=mm&r=g","contentUrl":"https:\/\/secure.gravatar.com\/avatar\/6fe494040f059e37639522b7e8397ac55c2d15202b5514a1066e6b5e71647c81?s=96&d=mm&r=g","caption":"Jaclyn Saito"}}]}},"publishpress_future_action":{"enabled":false,"date":"2026-09-10 11:48:53","action":"change-status","newStatus":"draft","terms":[],"taxonomy":"category","extraData":[]},"publishpress_future_workflow_manual_trigger":{"enabledWorkflows":[]},"_links":{"self":[{"href":"https:\/\/seiu775.org\/es\/wp-json\/wp\/v2\/posts\/31165","targetHints":{"allow":["GET"]}}],"collection":[{"href":"https:\/\/seiu775.org\/es\/wp-json\/wp\/v2\/posts"}],"about":[{"href":"https:\/\/seiu775.org\/es\/wp-json\/wp\/v2\/types\/post"}],"author":[{"embeddable":true,"href":"https:\/\/seiu775.org\/es\/wp-json\/wp\/v2\/users\/3078"}],"replies":[{"embeddable":true,"href":"https:\/\/seiu775.org\/es\/wp-json\/wp\/v2\/comments?post=31165"}],"version-history":[{"count":0,"href":"https:\/\/seiu775.org\/es\/wp-json\/wp\/v2\/posts\/31165\/revisions"}],"wp:featuredmedia":[{"embeddable":true,"href":"https:\/\/seiu775.org\/es\/wp-json\/wp\/v2\/media\/31172"}],"wp:attachment":[{"href":"https:\/\/seiu775.org\/es\/wp-json\/wp\/v2\/media?parent=31165"}],"wp:term":[{"taxonomy":"category","embeddable":true,"href":"https:\/\/seiu775.org\/es\/wp-json\/wp\/v2\/categories?post=31165"},{"taxonomy":"post_tag","embeddable":true,"href":"https:\/\/seiu775.org\/es\/wp-json\/wp\/v2\/tags?post=31165"}],"curies":[{"name":"wp","href":"https:\/\/api.w.org\/{rel}","templated":true}]}},{"id":31155,"date":"2026-08-19T11:27:10","date_gmt":"2026-08-19T18:27:10","guid":{"rendered":"https:\/\/seiu775.org\/?p=31155"},"modified":"2026-08-19T11:27:12","modified_gmt":"2026-08-19T18:27:12","slug":"ukrainian-refugee-looming-healthcare-cuts-for-wa-a-catastrophe","status":"publish","type":"post","link":"https:\/\/seiu775.org\/es\/ukrainian-refugee-looming-healthcare-cuts-for-wa-a-catastrophe\/","title":{"rendered":"Ukrainian refugee: Looming healthcare cuts for WA a &#8216;catastrophe&#8217;"},"content":{"rendered":"\n<p class=\"wp-block-paragraph\">Public News Service | August 19, 2026<\/p>\n\n\n\n<p class=\"wp-block-paragraph\">Immigrant rights groups in Washington are urging Gov. Bob Ferguson to use emergency funds to preserve healthcare for foreign-born families, including legally protected refugees and asylees, who are facing federal Medicaid cuts.<\/p>\n\n\n\n<p class=\"wp-block-paragraph\">On Oct. 1, 15,000 immigrants in the state will&nbsp;<a href=\"https:\/\/www.hca.wa.gov\/free-or-low-cost-health-care\/i-need-medical-dental-or-vision-care\/noncitizens\" rel=\"noreferrer noopener\" target=\"_blank\">lose coverage<\/a>&nbsp;under the Trump administration\u2019s massive budget bill, House Resolution 1.<\/p>\n\n\n\n<p class=\"wp-block-paragraph\">Liliana Chernova, a Ukrainian immigrant who works as a caregiver for her daughter and mother-in-law, who has stage four cancer, called the cuts a human catastrophe.<\/p>\n\n\n\n<p class=\"wp-block-paragraph\">\u00abI&#8217;m just asking you to protect us, not deprive us from medical insurance. Let us live in human conditions, not to deprive our clients from medical insurance. They are needing it very, very much,\u00bb Chernova said through an interpreter.<\/p>\n\n\n\n<p class=\"wp-block-paragraph\"><a href=\"https:\/\/seiu775.org\/\" rel=\"noreferrer noopener\" target=\"_blank\">Service Employees International Union Local 775<\/a>&nbsp;represents more than 60,000 long-term care workers, about a third of whom are immigrants. They said state leaders budgeted last session to protect affected residents. But now, the union said federal cuts are deeper and coming faster than expected and legislators need to do more. Washington state is facing a multibillion-dollar budget shortfall for the upcoming biennium.<\/p>\n\n\n\n<p class=\"wp-block-paragraph\">Chernova stressed she is grateful people in Washington have been kind and welcoming to her, her husband and their nine children, eight of whom are adopted, since they came to the U.S. in 2022. She already had to flee her home twice with her family before coming to this country and hopes to live a normal life.<\/p>\n\n\n\n<p class=\"wp-block-paragraph\">\u00abI would like to tell our legislators that I respect them very much. They do great work, but we also, as immigrants, make a big contribution into American society,\u00bb Chernova emphasized..<\/p>\n\n\n\n<p class=\"wp-block-paragraph\">The union is\u00a0<a href=\"https:\/\/actionnetwork.org\/letters\/immigrant-care-wa\/\" target=\"_blank\" rel=\"noreferrer noopener\"><strong>circulating a petition<\/strong><\/a>\u00a0calling on state leaders to save healthcare for all of Washington\u2019s immigrant communities. A Washington State Department of Social and Health Services report said federal cuts to Medicaid would cost the state about $70 million.<\/p>\n\n\n\n<p class=\"wp-block-paragraph\"><a href=\"https:\/\/www.publicnewsservice.org\/story\/ukrainian-refugee-looming-healthcare-cuts-for-wa-a-catastrophe-1\/5d73bf3f-c5f4-4297-b3f8-368e902b47c6\"><strong>Listen to the article at Public News Service <\/strong><\/a><\/p>\n","protected":false},"excerpt":{"rendered":"<p>Public News Service | August 19, 2026 Immigrant rights groups in Washington are urging Gov. Bob Ferguson to use emergency funds to preserve healthcare for foreign-born families, including legally protected refugees and asylees, who are facing federal Medicaid cuts. On Oct. 1, 15,000 immigrants in the state will&nbsp;lose coverage&nbsp;under the Trump administration\u2019s massive budget bill, [&hellip;]<\/p>\n","protected":false},"author":688,"featured_media":31156,"comment_status":"closed","ping_status":"closed","sticky":false,"template":"","format":"standard","meta":{"_acf_changed":false,"inline_featured_image":false,"footnotes":"","_members_access_role":[],"_members_access_error":""},"categories":[4],"tags":[219,280,80,38],"class_list":["post-31155","post","type-post","status-publish","format-standard","has-post-thumbnail","hentry","category-news","tag-medicaid","tag-hr-1","tag-washington","tag-home-care"],"acf":[],"yoast_head":"<!-- This site is optimized with the Yoast SEO plugin v28.0 - https:\/\/yoast.com\/product\/yoast-seo-wordpress\/ -->\n<title>Ukrainian refugee: Looming healthcare cuts for WA a &#039;catastrophe&#039; - SEIU 775<\/title>\n<meta name=\"robots\" content=\"index, follow, max-snippet:-1, max-image-preview:large, max-video-preview:-1\" \/>\n<link rel=\"canonical\" href=\"https:\/\/seiu775.org\/ukrainian-refugee-looming-healthcare-cuts-for-wa-a-catastrophe\/\" \/>\n<meta property=\"og:locale\" content=\"es_ES\" \/>\n<meta property=\"og:type\" content=\"article\" \/>\n<meta property=\"og:title\" content=\"Ukrainian refugee: Looming healthcare cuts for WA a &#039;catastrophe&#039; - SEIU 775\" \/>\n<meta property=\"og:description\" content=\"Public News Service | August 19, 2026 Immigrant rights groups in Washington are urging Gov. Bob Ferguson to use emergency funds to preserve healthcare for foreign-born families, including legally protected refugees and asylees, who are facing federal Medicaid cuts. On Oct. 1, 15,000 immigrants in the state will&nbsp;lose coverage&nbsp;under the Trump administration\u2019s massive budget bill, [&hellip;]\" \/>\n<meta property=\"og:url\" content=\"https:\/\/seiu775.org\/ukrainian-refugee-looming-healthcare-cuts-for-wa-a-catastrophe\/\" \/>\n<meta property=\"og:site_name\" content=\"SEIU 775\" \/>\n<meta property=\"article:publisher\" content=\"https:\/\/www.facebook.com\/seiu775\" \/>\n<meta property=\"article:published_time\" content=\"2026-08-19T18:27:10+00:00\" \/>\n<meta property=\"article:modified_time\" content=\"2026-08-19T18:27:12+00:00\" \/>\n<meta property=\"og:image\" content=\"https:\/\/seiu775.org\/wp-content\/uploads\/2026\/08\/2026-03-03-Immigrant-Healthcare-rally-90-scaled.jpg\" \/>\n\t<meta property=\"og:image:width\" content=\"2560\" \/>\n\t<meta property=\"og:image:height\" content=\"1348\" \/>\n\t<meta property=\"og:image:type\" content=\"image\/jpeg\" \/>\n<meta name=\"author\" content=\"Zan Lussier\" \/>\n<meta name=\"twitter:card\" content=\"summary_large_image\" \/>\n<meta name=\"twitter:creator\" content=\"@seiu775\" \/>\n<meta name=\"twitter:site\" content=\"@seiu775\" \/>\n<meta name=\"twitter:label1\" content=\"Escrito por\" \/>\n\t<meta name=\"twitter:data1\" content=\"Zan Lussier\" \/>\n\t<meta name=\"twitter:label2\" content=\"Tiempo de lectura\" \/>\n\t<meta name=\"twitter:data2\" content=\"2 minutos\" \/>\n<script type=\"application\/ld+json\" class=\"yoast-schema-graph\">{\"@context\":\"https:\\\/\\\/schema.org\",\"@graph\":[{\"@type\":\"Article\",\"@id\":\"https:\\\/\\\/seiu775.org\\\/ukrainian-refugee-looming-healthcare-cuts-for-wa-a-catastrophe\\\/#article\",\"isPartOf\":{\"@id\":\"https:\\\/\\\/seiu775.org\\\/ukrainian-refugee-looming-healthcare-cuts-for-wa-a-catastrophe\\\/\"},\"author\":{\"name\":\"Zan Lussier\",\"@id\":\"https:\\\/\\\/seiu775.org\\\/#\\\/schema\\\/person\\\/638049943d73fd92fae6e670310d550b\"},\"headline\":\"Ukrainian refugee: Looming healthcare cuts for WA a &#8216;catastrophe&#8217;\",\"datePublished\":\"2026-08-19T18:27:10+00:00\",\"dateModified\":\"2026-08-19T18:27:12+00:00\",\"mainEntityOfPage\":{\"@id\":\"https:\\\/\\\/seiu775.org\\\/ukrainian-refugee-looming-healthcare-cuts-for-wa-a-catastrophe\\\/\"},\"wordCount\":331,\"publisher\":{\"@id\":\"https:\\\/\\\/seiu775.org\\\/#organization\"},\"image\":{\"@id\":\"https:\\\/\\\/seiu775.org\\\/ukrainian-refugee-looming-healthcare-cuts-for-wa-a-catastrophe\\\/#primaryimage\"},\"thumbnailUrl\":\"https:\\\/\\\/seiu775.org\\\/wp-content\\\/uploads\\\/2026\\\/08\\\/2026-03-03-Immigrant-Healthcare-rally-90-scaled.jpg\",\"keywords\":[\"Medicaid\",\"HR 1\",\"Washington\",\"Home Care\"],\"articleSection\":[\"News\"],\"inLanguage\":\"es\"},{\"@type\":\"WebPage\",\"@id\":\"https:\\\/\\\/seiu775.org\\\/ukrainian-refugee-looming-healthcare-cuts-for-wa-a-catastrophe\\\/\",\"url\":\"https:\\\/\\\/seiu775.org\\\/ukrainian-refugee-looming-healthcare-cuts-for-wa-a-catastrophe\\\/\",\"name\":\"Ukrainian refugee: Looming healthcare cuts for WA a 'catastrophe' - SEIU 775\",\"isPartOf\":{\"@id\":\"https:\\\/\\\/seiu775.org\\\/#website\"},\"primaryImageOfPage\":{\"@id\":\"https:\\\/\\\/seiu775.org\\\/ukrainian-refugee-looming-healthcare-cuts-for-wa-a-catastrophe\\\/#primaryimage\"},\"image\":{\"@id\":\"https:\\\/\\\/seiu775.org\\\/ukrainian-refugee-looming-healthcare-cuts-for-wa-a-catastrophe\\\/#primaryimage\"},\"thumbnailUrl\":\"https:\\\/\\\/seiu775.org\\\/wp-content\\\/uploads\\\/2026\\\/08\\\/2026-03-03-Immigrant-Healthcare-rally-90-scaled.jpg\",\"datePublished\":\"2026-08-19T18:27:10+00:00\",\"dateModified\":\"2026-08-19T18:27:12+00:00\",\"breadcrumb\":{\"@id\":\"https:\\\/\\\/seiu775.org\\\/ukrainian-refugee-looming-healthcare-cuts-for-wa-a-catastrophe\\\/#breadcrumb\"},\"inLanguage\":\"es\",\"potentialAction\":[{\"@type\":\"ReadAction\",\"target\":[\"https:\\\/\\\/seiu775.org\\\/ukrainian-refugee-looming-healthcare-cuts-for-wa-a-catastrophe\\\/\"]}]},{\"@type\":\"ImageObject\",\"inLanguage\":\"es\",\"@id\":\"https:\\\/\\\/seiu775.org\\\/ukrainian-refugee-looming-healthcare-cuts-for-wa-a-catastrophe\\\/#primaryimage\",\"url\":\"https:\\\/\\\/seiu775.org\\\/wp-content\\\/uploads\\\/2026\\\/08\\\/2026-03-03-Immigrant-Healthcare-rally-90-scaled.jpg\",\"contentUrl\":\"https:\\\/\\\/seiu775.org\\\/wp-content\\\/uploads\\\/2026\\\/08\\\/2026-03-03-Immigrant-Healthcare-rally-90-scaled.jpg\",\"width\":2560,\"height\":1348,\"caption\":\"Union members rallied for immigrant healthcare in March, as in October, 1,300 elders and people with disabilities are slated to lose their caregivers. It includes seniors with Parkinson's, people with diabetes and dementia who need help with basic tasks like eating, bathing and taking medication. (SEIU 775)\"},{\"@type\":\"BreadcrumbList\",\"@id\":\"https:\\\/\\\/seiu775.org\\\/ukrainian-refugee-looming-healthcare-cuts-for-wa-a-catastrophe\\\/#breadcrumb\",\"itemListElement\":[{\"@type\":\"ListItem\",\"position\":1,\"name\":\"Home\",\"item\":\"https:\\\/\\\/seiu775.org\\\/es\\\/\"},{\"@type\":\"ListItem\",\"position\":2,\"name\":\"Ukrainian refugee: Looming healthcare cuts for WA a &#8216;catastrophe&#8217;\"}]},{\"@type\":\"WebSite\",\"@id\":\"https:\\\/\\\/seiu775.org\\\/#website\",\"url\":\"https:\\\/\\\/seiu775.org\\\/\",\"name\":\"SEIU775\",\"description\":\"We&#039;re Stronger Together\",\"publisher\":{\"@id\":\"https:\\\/\\\/seiu775.org\\\/#organization\"},\"potentialAction\":[{\"@type\":\"SearchAction\",\"target\":{\"@type\":\"EntryPoint\",\"urlTemplate\":\"https:\\\/\\\/seiu775.org\\\/?s={search_term_string}\"},\"query-input\":{\"@type\":\"PropertyValueSpecification\",\"valueRequired\":true,\"valueName\":\"search_term_string\"}}],\"inLanguage\":\"es\"},{\"@type\":\"Organization\",\"@id\":\"https:\\\/\\\/seiu775.org\\\/#organization\",\"name\":\"SEIU775\",\"url\":\"https:\\\/\\\/seiu775.org\\\/\",\"logo\":{\"@type\":\"ImageObject\",\"inLanguage\":\"es\",\"@id\":\"https:\\\/\\\/seiu775.org\\\/#\\\/schema\\\/logo\\\/image\\\/\",\"url\":\"https:\\\/\\\/seiu775.org\\\/wp-content\\\/uploads\\\/2020\\\/07\\\/logo.png\",\"contentUrl\":\"https:\\\/\\\/seiu775.org\\\/wp-content\\\/uploads\\\/2020\\\/07\\\/logo.png\",\"width\":126,\"height\":126,\"caption\":\"SEIU775\"},\"image\":{\"@id\":\"https:\\\/\\\/seiu775.org\\\/#\\\/schema\\\/logo\\\/image\\\/\"},\"sameAs\":[\"https:\\\/\\\/www.facebook.com\\\/seiu775\",\"https:\\\/\\\/x.com\\\/seiu775\",\"https:\\\/\\\/www.youtube.com\\\/channel\\\/UCRnCbqnYM3ZaGYHUZQiG3Ug\",\"https:\\\/\\\/www.instagram.com\\\/seiu775\\\/\",\"https:\\\/\\\/www.linkedin.com\\\/company\\\/seiu-775nw\\\/\"]},{\"@type\":\"Person\",\"@id\":\"https:\\\/\\\/seiu775.org\\\/#\\\/schema\\\/person\\\/638049943d73fd92fae6e670310d550b\",\"name\":\"Zan Lussier\",\"image\":{\"@type\":\"ImageObject\",\"inLanguage\":\"es\",\"@id\":\"https:\\\/\\\/secure.gravatar.com\\\/avatar\\\/34bd8c268db5f7b5e78162ff37995c44527151660790fc6e0b8cc2def0c6defd?s=96&d=mm&r=g\",\"url\":\"https:\\\/\\\/secure.gravatar.com\\\/avatar\\\/34bd8c268db5f7b5e78162ff37995c44527151660790fc6e0b8cc2def0c6defd?s=96&d=mm&r=g\",\"contentUrl\":\"https:\\\/\\\/secure.gravatar.com\\\/avatar\\\/34bd8c268db5f7b5e78162ff37995c44527151660790fc6e0b8cc2def0c6defd?s=96&d=mm&r=g\",\"caption\":\"Zan Lussier\"}}]}<\/script>\n<!-- \/ Yoast SEO plugin. -->","yoast_head_json":{"title":"Ukrainian refugee: Looming healthcare cuts for WA a 'catastrophe' - SEIU 775","robots":{"index":"index","follow":"follow","max-snippet":"max-snippet:-1","max-image-preview":"max-image-preview:large","max-video-preview":"max-video-preview:-1"},"canonical":"https:\/\/seiu775.org\/ukrainian-refugee-looming-healthcare-cuts-for-wa-a-catastrophe\/","og_locale":"es_ES","og_type":"article","og_title":"Ukrainian refugee: Looming healthcare cuts for WA a 'catastrophe' - SEIU 775","og_description":"Public News Service | August 19, 2026 Immigrant rights groups in Washington are urging Gov. Bob Ferguson to use emergency funds to preserve healthcare for foreign-born families, including legally protected refugees and asylees, who are facing federal Medicaid cuts. On Oct. 1, 15,000 immigrants in the state will&nbsp;lose coverage&nbsp;under the Trump administration\u2019s massive budget bill, [&hellip;]","og_url":"https:\/\/seiu775.org\/ukrainian-refugee-looming-healthcare-cuts-for-wa-a-catastrophe\/","og_site_name":"SEIU 775","article_publisher":"https:\/\/www.facebook.com\/seiu775","article_published_time":"2026-08-19T18:27:10+00:00","article_modified_time":"2026-08-19T18:27:12+00:00","og_image":[{"width":2560,"height":1348,"url":"https:\/\/seiu775.org\/wp-content\/uploads\/2026\/08\/2026-03-03-Immigrant-Healthcare-rally-90-scaled.jpg","type":"image\/jpeg"}],"author":"Zan Lussier","twitter_card":"summary_large_image","twitter_creator":"@seiu775","twitter_site":"@seiu775","twitter_misc":{"Escrito por":"Zan Lussier","Tiempo de lectura":"2 minutos"},"schema":{"@context":"https:\/\/schema.org","@graph":[{"@type":"Article","@id":"https:\/\/seiu775.org\/ukrainian-refugee-looming-healthcare-cuts-for-wa-a-catastrophe\/#article","isPartOf":{"@id":"https:\/\/seiu775.org\/ukrainian-refugee-looming-healthcare-cuts-for-wa-a-catastrophe\/"},"author":{"name":"Zan Lussier","@id":"https:\/\/seiu775.org\/#\/schema\/person\/638049943d73fd92fae6e670310d550b"},"headline":"Ukrainian refugee: Looming healthcare cuts for WA a &#8216;catastrophe&#8217;","datePublished":"2026-08-19T18:27:10+00:00","dateModified":"2026-08-19T18:27:12+00:00","mainEntityOfPage":{"@id":"https:\/\/seiu775.org\/ukrainian-refugee-looming-healthcare-cuts-for-wa-a-catastrophe\/"},"wordCount":331,"publisher":{"@id":"https:\/\/seiu775.org\/#organization"},"image":{"@id":"https:\/\/seiu775.org\/ukrainian-refugee-looming-healthcare-cuts-for-wa-a-catastrophe\/#primaryimage"},"thumbnailUrl":"https:\/\/seiu775.org\/wp-content\/uploads\/2026\/08\/2026-03-03-Immigrant-Healthcare-rally-90-scaled.jpg","keywords":["Medicaid","HR 1","Washington","Home Care"],"articleSection":["News"],"inLanguage":"es"},{"@type":"WebPage","@id":"https:\/\/seiu775.org\/ukrainian-refugee-looming-healthcare-cuts-for-wa-a-catastrophe\/","url":"https:\/\/seiu775.org\/ukrainian-refugee-looming-healthcare-cuts-for-wa-a-catastrophe\/","name":"Ukrainian refugee: Looming healthcare cuts for WA a 'catastrophe' - SEIU 775","isPartOf":{"@id":"https:\/\/seiu775.org\/#website"},"primaryImageOfPage":{"@id":"https:\/\/seiu775.org\/ukrainian-refugee-looming-healthcare-cuts-for-wa-a-catastrophe\/#primaryimage"},"image":{"@id":"https:\/\/seiu775.org\/ukrainian-refugee-looming-healthcare-cuts-for-wa-a-catastrophe\/#primaryimage"},"thumbnailUrl":"https:\/\/seiu775.org\/wp-content\/uploads\/2026\/08\/2026-03-03-Immigrant-Healthcare-rally-90-scaled.jpg","datePublished":"2026-08-19T18:27:10+00:00","dateModified":"2026-08-19T18:27:12+00:00","breadcrumb":{"@id":"https:\/\/seiu775.org\/ukrainian-refugee-looming-healthcare-cuts-for-wa-a-catastrophe\/#breadcrumb"},"inLanguage":"es","potentialAction":[{"@type":"ReadAction","target":["https:\/\/seiu775.org\/ukrainian-refugee-looming-healthcare-cuts-for-wa-a-catastrophe\/"]}]},{"@type":"ImageObject","inLanguage":"es","@id":"https:\/\/seiu775.org\/ukrainian-refugee-looming-healthcare-cuts-for-wa-a-catastrophe\/#primaryimage","url":"https:\/\/seiu775.org\/wp-content\/uploads\/2026\/08\/2026-03-03-Immigrant-Healthcare-rally-90-scaled.jpg","contentUrl":"https:\/\/seiu775.org\/wp-content\/uploads\/2026\/08\/2026-03-03-Immigrant-Healthcare-rally-90-scaled.jpg","width":2560,"height":1348,"caption":"Union members rallied for immigrant healthcare in March, as in October, 1,300 elders and people with disabilities are slated to lose their caregivers. It includes seniors with Parkinson's, people with diabetes and dementia who need help with basic tasks like eating, bathing and taking medication. (SEIU 775)"},{"@type":"BreadcrumbList","@id":"https:\/\/seiu775.org\/ukrainian-refugee-looming-healthcare-cuts-for-wa-a-catastrophe\/#breadcrumb","itemListElement":[{"@type":"ListItem","position":1,"name":"Home","item":"https:\/\/seiu775.org\/es\/"},{"@type":"ListItem","position":2,"name":"Ukrainian refugee: Looming healthcare cuts for WA a &#8216;catastrophe&#8217;"}]},{"@type":"WebSite","@id":"https:\/\/seiu775.org\/#website","url":"https:\/\/seiu775.org\/","name":"SEIU775","description":"We&#039;re Stronger Together","publisher":{"@id":"https:\/\/seiu775.org\/#organization"},"potentialAction":[{"@type":"SearchAction","target":{"@type":"EntryPoint","urlTemplate":"https:\/\/seiu775.org\/?s={search_term_string}"},"query-input":{"@type":"PropertyValueSpecification","valueRequired":true,"valueName":"search_term_string"}}],"inLanguage":"es"},{"@type":"Organization","@id":"https:\/\/seiu775.org\/#organization","name":"SEIU775","url":"https:\/\/seiu775.org\/","logo":{"@type":"ImageObject","inLanguage":"es","@id":"https:\/\/seiu775.org\/#\/schema\/logo\/image\/","url":"https:\/\/seiu775.org\/wp-content\/uploads\/2020\/07\/logo.png","contentUrl":"https:\/\/seiu775.org\/wp-content\/uploads\/2020\/07\/logo.png","width":126,"height":126,"caption":"SEIU775"},"image":{"@id":"https:\/\/seiu775.org\/#\/schema\/logo\/image\/"},"sameAs":["https:\/\/www.facebook.com\/seiu775","https:\/\/x.com\/seiu775","https:\/\/www.youtube.com\/channel\/UCRnCbqnYM3ZaGYHUZQiG3Ug","https:\/\/www.instagram.com\/seiu775\/","https:\/\/www.linkedin.com\/company\/seiu-775nw\/"]},{"@type":"Person","@id":"https:\/\/seiu775.org\/#\/schema\/person\/638049943d73fd92fae6e670310d550b","name":"Zan Lussier","image":{"@type":"ImageObject","inLanguage":"es","@id":"https:\/\/secure.gravatar.com\/avatar\/34bd8c268db5f7b5e78162ff37995c44527151660790fc6e0b8cc2def0c6defd?s=96&d=mm&r=g","url":"https:\/\/secure.gravatar.com\/avatar\/34bd8c268db5f7b5e78162ff37995c44527151660790fc6e0b8cc2def0c6defd?s=96&d=mm&r=g","contentUrl":"https:\/\/secure.gravatar.com\/avatar\/34bd8c268db5f7b5e78162ff37995c44527151660790fc6e0b8cc2def0c6defd?s=96&d=mm&r=g","caption":"Zan Lussier"}}]}},"publishpress_future_action":{"enabled":false,"date":"2026-09-10 11:48:53","action":"change-status","newStatus":"draft","terms":[],"taxonomy":"category","extraData":[]},"publishpress_future_workflow_manual_trigger":{"enabledWorkflows":[]},"_links":{"self":[{"href":"https:\/\/seiu775.org\/es\/wp-json\/wp\/v2\/posts\/31155","targetHints":{"allow":["GET"]}}],"collection":[{"href":"https:\/\/seiu775.org\/es\/wp-json\/wp\/v2\/posts"}],"about":[{"href":"https:\/\/seiu775.org\/es\/wp-json\/wp\/v2\/types\/post"}],"author":[{"embeddable":true,"href":"https:\/\/seiu775.org\/es\/wp-json\/wp\/v2\/users\/688"}],"replies":[{"embeddable":true,"href":"https:\/\/seiu775.org\/es\/wp-json\/wp\/v2\/comments?post=31155"}],"version-history":[{"count":0,"href":"https:\/\/seiu775.org\/es\/wp-json\/wp\/v2\/posts\/31155\/revisions"}],"wp:featuredmedia":[{"embeddable":true,"href":"https:\/\/seiu775.org\/es\/wp-json\/wp\/v2\/media\/31156"}],"wp:attachment":[{"href":"https:\/\/seiu775.org\/es\/wp-json\/wp\/v2\/media?parent=31155"}],"wp:term":[{"taxonomy":"category","embeddable":true,"href":"https:\/\/seiu775.org\/es\/wp-json\/wp\/v2\/categories?post=31155"},{"taxonomy":"post_tag","embeddable":true,"href":"https:\/\/seiu775.org\/es\/wp-json\/wp\/v2\/tags?post=31155"}],"curies":[{"name":"wp","href":"https:\/\/api.w.org\/{rel}","templated":true}]}},{"id":31097,"date":"2026-08-10T12:07:57","date_gmt":"2026-08-10T19:07:57","guid":{"rendered":"https:\/\/seiu775.org\/let-us-work-djennos-trabajar-mejoras-en-la-verificacin-de-antecedentes-de-los-cuidadores-domiciliarios\/"},"modified":"2026-08-12T09:25:39","modified_gmt":"2026-08-12T16:25:39","slug":"backgroundchecks","status":"publish","type":"post","link":"https:\/\/seiu775.org\/es\/backgroundchecks\/","title":{"rendered":"&ldquo;Let Us Work&rdquo; (D&eacute;jennos trabajar): Mejoras en la verificaci&oacute;n de antecedentes de los cuidadores domiciliarios&nbsp;"},"content":{"rendered":"\n<figure class=\"wp-block-embed is-type-video is-provider-youtube wp-block-embed-youtube wp-embed-aspect-16-9 wp-has-aspect-ratio\"><div class=\"wp-block-embed__wrapper\">\n<iframe loading=\"lazy\" title=\"Let Us Work - Background Checks\" width=\"640\" height=\"360\" src=\"https:\/\/www.youtube.com\/embed\/FDmxg1dwOQY?feature=oembed\" frameborder=\"0\" allow=\"accelerometer; autoplay; clipboard-write; encrypted-media; gyroscope; picture-in-picture; web-share\" referrerpolicy=\"strict-origin-when-cross-origin\" allowfullscreen><\/iframe>\n<\/div><\/figure>\n\n<h2 class=\"wp-block-heading\"><strong>Los cuidadores del estado de Washington se enfrentaron a desaf\u00edos significativos debido al proceso de verificaci\u00f3n de antecedentes del estado.<\/strong>\u00a0<\/h2>\n\n<h3 class=\"wp-block-heading\"><strong>\u00bfPor qu\u00e9 necesitamos la ley \u201cLet Us Work\u201d (D\u00e9jennos trabajar)?<\/strong>\u00a0<\/h3>\n\n<p class=\"wp-block-paragraph\">Si bien Washington mantiene algunos de los est\u00e1ndares m\u00e1s altos del pa\u00eds para los cuidadores, el sistema de verificaci\u00f3n de antecedentes, con sus abrumadores obst\u00e1culos administrativos, a menudo provocaba que los cuidadores perdieran salarios y beneficios. A los cuidadores que cumpl\u00edan con los requisitos se les imped\u00eda comenzar a brindar atenci\u00f3n remunerada o continuar haci\u00e9ndolo. Con frecuencia, problemas menores, como arrojar basura o deambular, daban lugar a revisiones de car\u00e1cter, competencia y aptitud (CC&amp;S), lo que provocaba demoras innecesarias para que los cuidadores pudieran volver a trabajar. Los requisitos relacionados con las huellas digitales tambi\u00e9n provocaban largos tiempos de espera, lo que retrasaba a\u00fan m\u00e1s la posibilidad de que los cuidadores se ganaran la vida y afectaba la atenci\u00f3n de los clientes durante meses.\u00a0<\/p>\n\n<p class=\"wp-block-paragraph\">Este sistema afectaba de manera desproporcionada a los cuidadores negros, ind\u00edgenas y latinx, a los cuidadores que hablan idiomas distintos al ingl\u00e9s y a los cuidadores trans y no binarios, lo que profundizaba las desigualdades existentes. Los empleadores ten\u00edan dificultades para manejar la complejidad y ambig\u00fcedad de los requisitos del estado, lo que daba lugar a interpretaciones inconsistentes sobre c\u00f3mo cumplir con el proceso.\u00a0<\/p>\n\n<h3 class=\"wp-block-heading\"><strong>\u00bfQu\u00e9 es \u201cLet Us Work\u201d (D\u00e9jennos trabajar)?<\/strong>\u00a0<\/h3>\n\n<p class=\"wp-block-paragraph\">En 2024, cuando SEIU\u00a0775, la Uni\u00f3n de los cuidadores, se enter\u00f3 de lo que estaban atravesando los cuidadores y los clientes, supimos que ten\u00edamos que actuar. Comenzamos a impulsar el cambio en Olympia para arreglar el complicado y engorroso proceso de verificaci\u00f3n de antecedentes del estado al aprobar el proyecto de ley \u201cLet Us Work\u201d (D\u00e9jennos trabajar).\u00a0\u00a0<\/p>\n\n<p class=\"wp-block-paragraph\">Luchamos y ganamos, manteniendo los altos est\u00e1ndares de Washington para los cuidadores e hicimos que el proceso de verificaci\u00f3n de antecedentes fuera m\u00e1s justo y eficiente, para que los cuidadores puedan dedicarse a lo que mejor hacen: cuidar de nuestros seres queridos.\u00a0<\/p>\n\n<p class=\"wp-block-paragraph\">Gracias a la labor de defensa de nuestra Uni\u00f3n en Olympia, logramos aprobar la ley \u201cLet Us Work\u201d (D\u00e9jennos trabajar), para que los cuidadores ya no enfrenten demoras innecesarias ni per\u00edodos sin remuneraci\u00f3n debido a las verificaciones de antecedentes.\u00a0<\/p>\n\n<h3 class=\"wp-block-heading\"><strong>Qu\u00e9 fue lo que aprobaron los cuidadores<\/strong>\u00a0<\/h3>\n\n<p class=\"wp-block-paragraph\"><strong>Entre las mejoras logradas mediante la ley \u201cLet Us Work\u201d (D\u00e9jennos trabajar) para todos los cuidadores domiciliarios en Washington se incluyen las siguientes:<\/strong><\/p>\n\n<ul class=\"wp-block-list\">\n<li>Se redujeron las brechas en la atenci\u00f3n, permitiendo que los cuidadores <strong>contin\u00faen brindando atenci\u00f3n remunerada por un per\u00edodo de 30\u00a0d\u00edas<\/strong> mientras se someten a las revisiones de CC&amp;S en el caso de acciones no descalificantes.<\/li>\n\n\n\n<li><strong>Se eliminaron las revisiones innecesarias de CC&amp;S. <\/strong>Ahora, los cuidadores que cuenten con acciones no descalificantes que ya fueron revisadas por el mismo empleador, as\u00ed como acciones no descalificantes que ocurrieron hace m\u00e1s de 10\u00a0a\u00f1os, ya no tendr\u00e1n que someterse a una revisi\u00f3n de CC&amp;S.<\/li>\n\n\n\n<li>Ahora, el estado debe <strong>desarrollar est\u00e1ndares en virtud de los cuales se deber\u00e1n realizar las revisiones de CC&amp;S<\/strong>, con el fin de garantizar un proceso de revisi\u00f3n equitativo para los cuidadores.\u202f\u202f<\/li>\n\n\n\n<li><strong>Ahora se les proporcionar&aacute; claridad y consistencia a los empleadores acerca de los requisitos relacionados con huellas dactilares.<\/strong> Las huellas dactilares solo ser&aacute;n obligatorias para:\n<ul class=\"wp-block-list\">\n<li>las contrataciones iniciales,\u00a0<\/li>\n\n\n\n<li>los casos en los que la ley federal las exija,\u00a0<\/li>\n\n\n\n<li>los cuidadores que han vivido fuera de Washington,\u00a0<\/li>\n\n\n\n<li>las inquietudes documentadas y de buena fe.\u00a0<\/li>\n<\/ul>\n<\/li>\n<\/ul>\n\n<p class=\"wp-block-paragraph\"><strong>Entre las mejoras adicionales de nuestro contrato con CDWA para el per\u00edodo 2025-2027 se incluyen las siguientes:<\/strong><\/p>\n\n<ul class=\"wp-block-list\">\n<li>CDWA debe enviar recordatorios sobre el vencimiento de la verificaci\u00f3n de antecedentes con 90 y 30\u00a0d\u00edas de antelaci\u00f3n mediante correo electr\u00f3nico, mensaje de texto y notificaci\u00f3n en el portal, en el idioma de preferencia del cuidador<\/li>\n\n\n\n<li>Los cuidadores pueden solicitar la asistencia de CDWA, incluida la ayuda con otros idiomas, cuando est\u00e9n completando los formularios de verificaci\u00f3n de antecedentes<\/li>\n\n\n\n<li>Las revisiones de CC&amp;S se deben completar en un plazo de <strong>7\u00a0d\u00edas<\/strong> a partir de la recepci\u00f3n de toda la informaci\u00f3n necesaria<\/li>\n\n\n\n<li>Los coordinadores de servicios deben proporcionar actualizaciones exactas y oportunas sobre el estado de la verificaci\u00f3n de antecedentes, en caso de que se soliciten<\/li>\n\n\n\n<li>Transparencia y rendici&oacute;n de cuentas de CDWA:\n<ul class=\"wp-block-list\">\n<li>CDWA debe notificar a los cuidadores y a nuestra Uni\u00f3n antes de realizar cualquier cambio en los requisitos de verificaci\u00f3n de antecedentes<\/li>\n\n\n\n<li>CDWA debe avisarle a nuestra Uni\u00f3n sobre cualquier problema de comunicaci\u00f3n que se produzca con los cuidadores durante el proceso<\/li>\n<\/ul>\n<\/li>\n<\/ul>\n\n<p class=\"wp-block-paragraph\"><\/p>\n","protected":false},"excerpt":{"rendered":"<p>Los cuidadores del estado de Washington se enfrentaron a desaf\u00edos significativos debido al proceso de verificaci\u00f3n de antecedentes del estado.\u00a0 \u00bfPor qu\u00e9 necesitamos la ley \u201cLet Us Work\u201d (D\u00e9jennos trabajar)?\u00a0 Si bien Washington mantiene algunos de los est\u00e1ndares m\u00e1s altos del pa\u00eds para los cuidadores, el sistema de verificaci\u00f3n de antecedentes, con sus abrumadores obst\u00e1culos [&hellip;]<\/p>\n","protected":false},"author":1700,"featured_media":0,"comment_status":"closed","ping_status":"closed","sticky":false,"template":"","format":"standard","meta":{"_acf_changed":false,"inline_featured_image":false,"footnotes":"","_members_access_role":[],"_members_access_error":""},"categories":[4],"tags":[],"class_list":["post-31097","post","type-post","status-publish","format-standard","hentry","category-news"],"acf":[],"yoast_head":"<!-- This site is optimized with the Yoast SEO plugin v28.0 - https:\/\/yoast.com\/product\/yoast-seo-wordpress\/ -->\n<title>&ldquo;Let Us Work&rdquo; (D&eacute;jennos trabajar): Mejoras en la verificaci&oacute;n de antecedentes de los cuidadores domiciliarios&nbsp; - SEIU 775<\/title>\n<meta name=\"robots\" content=\"index, follow, max-snippet:-1, max-image-preview:large, max-video-preview:-1\" \/>\n<link rel=\"canonical\" href=\"https:\/\/seiu775.org\/backgroundchecks\/\" \/>\n<meta property=\"og:locale\" content=\"es_ES\" \/>\n<meta property=\"og:type\" content=\"article\" \/>\n<meta property=\"og:title\" content=\"&ldquo;Let Us Work&rdquo; (D&eacute;jennos trabajar): Mejoras en la verificaci&oacute;n de antecedentes de los cuidadores domiciliarios&nbsp; - SEIU 775\" \/>\n<meta property=\"og:description\" content=\"Los cuidadores del estado de Washington se enfrentaron a desaf\u00edos significativos debido al proceso de verificaci\u00f3n de antecedentes del estado.\u00a0 \u00bfPor qu\u00e9 necesitamos la ley \u201cLet Us Work\u201d (D\u00e9jennos trabajar)?\u00a0 Si bien Washington mantiene algunos de los est\u00e1ndares m\u00e1s altos del pa\u00eds para los cuidadores, el sistema de verificaci\u00f3n de antecedentes, con sus abrumadores obst\u00e1culos [&hellip;]\" \/>\n<meta property=\"og:url\" content=\"https:\/\/seiu775.org\/backgroundchecks\/\" \/>\n<meta property=\"og:site_name\" content=\"SEIU 775\" \/>\n<meta property=\"article:publisher\" content=\"https:\/\/www.facebook.com\/seiu775\" \/>\n<meta property=\"article:published_time\" content=\"2026-08-10T19:07:57+00:00\" \/>\n<meta property=\"article:modified_time\" content=\"2026-08-12T16:25:39+00:00\" \/>\n<meta name=\"author\" content=\"Lily Bennett\" \/>\n<meta name=\"twitter:card\" content=\"summary_large_image\" \/>\n<meta name=\"twitter:creator\" content=\"@seiu775\" \/>\n<meta name=\"twitter:site\" content=\"@seiu775\" \/>\n<meta name=\"twitter:label1\" content=\"Escrito por\" \/>\n\t<meta name=\"twitter:data1\" content=\"Lily Bennett\" \/>\n\t<meta name=\"twitter:label2\" content=\"Tiempo de lectura\" \/>\n\t<meta name=\"twitter:data2\" content=\"4 minutos\" \/>\n<script type=\"application\/ld+json\" class=\"yoast-schema-graph\">{\"@context\":\"https:\\\/\\\/schema.org\",\"@graph\":[{\"@type\":\"Article\",\"@id\":\"https:\\\/\\\/seiu775.org\\\/backgroundchecks\\\/#article\",\"isPartOf\":{\"@id\":\"https:\\\/\\\/seiu775.org\\\/backgroundchecks\\\/\"},\"author\":{\"name\":\"Lily Bennett\",\"@id\":\"https:\\\/\\\/seiu775.org\\\/#\\\/schema\\\/person\\\/c46752cbcfaa73cbf273cfadbf41638d\"},\"headline\":\"&ldquo;Let Us Work&rdquo; (D&eacute;jennos trabajar): Mejoras en la verificaci&oacute;n de antecedentes de los cuidadores domiciliarios&nbsp;\",\"datePublished\":\"2026-08-10T19:07:57+00:00\",\"dateModified\":\"2026-08-12T16:25:39+00:00\",\"mainEntityOfPage\":{\"@id\":\"https:\\\/\\\/seiu775.org\\\/backgroundchecks\\\/\"},\"wordCount\":833,\"publisher\":{\"@id\":\"https:\\\/\\\/seiu775.org\\\/#organization\"},\"articleSection\":[\"News\"],\"inLanguage\":\"es\"},{\"@type\":\"WebPage\",\"@id\":\"https:\\\/\\\/seiu775.org\\\/backgroundchecks\\\/\",\"url\":\"https:\\\/\\\/seiu775.org\\\/backgroundchecks\\\/\",\"name\":\"&ldquo;Let Us Work&rdquo; (D&eacute;jennos trabajar): Mejoras en la verificaci&oacute;n de antecedentes de los cuidadores domiciliarios&nbsp; - SEIU 775\",\"isPartOf\":{\"@id\":\"https:\\\/\\\/seiu775.org\\\/#website\"},\"datePublished\":\"2026-08-10T19:07:57+00:00\",\"dateModified\":\"2026-08-12T16:25:39+00:00\",\"breadcrumb\":{\"@id\":\"https:\\\/\\\/seiu775.org\\\/backgroundchecks\\\/#breadcrumb\"},\"inLanguage\":\"es\",\"potentialAction\":[{\"@type\":\"ReadAction\",\"target\":[\"https:\\\/\\\/seiu775.org\\\/backgroundchecks\\\/\"]}]},{\"@type\":\"BreadcrumbList\",\"@id\":\"https:\\\/\\\/seiu775.org\\\/backgroundchecks\\\/#breadcrumb\",\"itemListElement\":[{\"@type\":\"ListItem\",\"position\":1,\"name\":\"Home\",\"item\":\"https:\\\/\\\/seiu775.org\\\/es\\\/\"},{\"@type\":\"ListItem\",\"position\":2,\"name\":\"&ldquo;Let Us Work&rdquo; (D&eacute;jennos trabajar): Mejoras en la verificaci&oacute;n de antecedentes de los cuidadores domiciliarios&nbsp;\"}]},{\"@type\":\"WebSite\",\"@id\":\"https:\\\/\\\/seiu775.org\\\/#website\",\"url\":\"https:\\\/\\\/seiu775.org\\\/\",\"name\":\"SEIU775\",\"description\":\"We&#039;re Stronger Together\",\"publisher\":{\"@id\":\"https:\\\/\\\/seiu775.org\\\/#organization\"},\"potentialAction\":[{\"@type\":\"SearchAction\",\"target\":{\"@type\":\"EntryPoint\",\"urlTemplate\":\"https:\\\/\\\/seiu775.org\\\/?s={search_term_string}\"},\"query-input\":{\"@type\":\"PropertyValueSpecification\",\"valueRequired\":true,\"valueName\":\"search_term_string\"}}],\"inLanguage\":\"es\"},{\"@type\":\"Organization\",\"@id\":\"https:\\\/\\\/seiu775.org\\\/#organization\",\"name\":\"SEIU775\",\"url\":\"https:\\\/\\\/seiu775.org\\\/\",\"logo\":{\"@type\":\"ImageObject\",\"inLanguage\":\"es\",\"@id\":\"https:\\\/\\\/seiu775.org\\\/#\\\/schema\\\/logo\\\/image\\\/\",\"url\":\"https:\\\/\\\/seiu775.org\\\/wp-content\\\/uploads\\\/2020\\\/07\\\/logo.png\",\"contentUrl\":\"https:\\\/\\\/seiu775.org\\\/wp-content\\\/uploads\\\/2020\\\/07\\\/logo.png\",\"width\":126,\"height\":126,\"caption\":\"SEIU775\"},\"image\":{\"@id\":\"https:\\\/\\\/seiu775.org\\\/#\\\/schema\\\/logo\\\/image\\\/\"},\"sameAs\":[\"https:\\\/\\\/www.facebook.com\\\/seiu775\",\"https:\\\/\\\/x.com\\\/seiu775\",\"https:\\\/\\\/www.youtube.com\\\/channel\\\/UCRnCbqnYM3ZaGYHUZQiG3Ug\",\"https:\\\/\\\/www.instagram.com\\\/seiu775\\\/\",\"https:\\\/\\\/www.linkedin.com\\\/company\\\/seiu-775nw\\\/\"]},{\"@type\":\"Person\",\"@id\":\"https:\\\/\\\/seiu775.org\\\/#\\\/schema\\\/person\\\/c46752cbcfaa73cbf273cfadbf41638d\",\"name\":\"Lily Bennett\",\"image\":{\"@type\":\"ImageObject\",\"inLanguage\":\"es\",\"@id\":\"https:\\\/\\\/secure.gravatar.com\\\/avatar\\\/1cbe102f4d27c5be572bb29270d343f6e99a59ec8f48bd76f8ac4db30b8c8af0?s=96&d=mm&r=g\",\"url\":\"https:\\\/\\\/secure.gravatar.com\\\/avatar\\\/1cbe102f4d27c5be572bb29270d343f6e99a59ec8f48bd76f8ac4db30b8c8af0?s=96&d=mm&r=g\",\"contentUrl\":\"https:\\\/\\\/secure.gravatar.com\\\/avatar\\\/1cbe102f4d27c5be572bb29270d343f6e99a59ec8f48bd76f8ac4db30b8c8af0?s=96&d=mm&r=g\",\"caption\":\"Lily Bennett\"}}]}<\/script>\n<!-- \/ Yoast SEO plugin. -->","yoast_head_json":{"title":"&ldquo;Let Us Work&rdquo; (D&eacute;jennos trabajar): Mejoras en la verificaci&oacute;n de antecedentes de los cuidadores domiciliarios&nbsp; - SEIU 775","robots":{"index":"index","follow":"follow","max-snippet":"max-snippet:-1","max-image-preview":"max-image-preview:large","max-video-preview":"max-video-preview:-1"},"canonical":"https:\/\/seiu775.org\/backgroundchecks\/","og_locale":"es_ES","og_type":"article","og_title":"&ldquo;Let Us Work&rdquo; (D&eacute;jennos trabajar): Mejoras en la verificaci&oacute;n de antecedentes de los cuidadores domiciliarios&nbsp; - SEIU 775","og_description":"Los cuidadores del estado de Washington se enfrentaron a desaf\u00edos significativos debido al proceso de verificaci\u00f3n de antecedentes del estado.\u00a0 \u00bfPor qu\u00e9 necesitamos la ley \u201cLet Us Work\u201d (D\u00e9jennos trabajar)?\u00a0 Si bien Washington mantiene algunos de los est\u00e1ndares m\u00e1s altos del pa\u00eds para los cuidadores, el sistema de verificaci\u00f3n de antecedentes, con sus abrumadores obst\u00e1culos [&hellip;]","og_url":"https:\/\/seiu775.org\/backgroundchecks\/","og_site_name":"SEIU 775","article_publisher":"https:\/\/www.facebook.com\/seiu775","article_published_time":"2026-08-10T19:07:57+00:00","article_modified_time":"2026-08-12T16:25:39+00:00","author":"Lily Bennett","twitter_card":"summary_large_image","twitter_creator":"@seiu775","twitter_site":"@seiu775","twitter_misc":{"Escrito por":"Lily Bennett","Tiempo de lectura":"4 minutos"},"schema":{"@context":"https:\/\/schema.org","@graph":[{"@type":"Article","@id":"https:\/\/seiu775.org\/backgroundchecks\/#article","isPartOf":{"@id":"https:\/\/seiu775.org\/backgroundchecks\/"},"author":{"name":"Lily Bennett","@id":"https:\/\/seiu775.org\/#\/schema\/person\/c46752cbcfaa73cbf273cfadbf41638d"},"headline":"&ldquo;Let Us Work&rdquo; (D&eacute;jennos trabajar): Mejoras en la verificaci&oacute;n de antecedentes de los cuidadores domiciliarios&nbsp;","datePublished":"2026-08-10T19:07:57+00:00","dateModified":"2026-08-12T16:25:39+00:00","mainEntityOfPage":{"@id":"https:\/\/seiu775.org\/backgroundchecks\/"},"wordCount":833,"publisher":{"@id":"https:\/\/seiu775.org\/#organization"},"articleSection":["News"],"inLanguage":"es"},{"@type":"WebPage","@id":"https:\/\/seiu775.org\/backgroundchecks\/","url":"https:\/\/seiu775.org\/backgroundchecks\/","name":"&ldquo;Let Us Work&rdquo; (D&eacute;jennos trabajar): Mejoras en la verificaci&oacute;n de antecedentes de los cuidadores domiciliarios&nbsp; - SEIU 775","isPartOf":{"@id":"https:\/\/seiu775.org\/#website"},"datePublished":"2026-08-10T19:07:57+00:00","dateModified":"2026-08-12T16:25:39+00:00","breadcrumb":{"@id":"https:\/\/seiu775.org\/backgroundchecks\/#breadcrumb"},"inLanguage":"es","potentialAction":[{"@type":"ReadAction","target":["https:\/\/seiu775.org\/backgroundchecks\/"]}]},{"@type":"BreadcrumbList","@id":"https:\/\/seiu775.org\/backgroundchecks\/#breadcrumb","itemListElement":[{"@type":"ListItem","position":1,"name":"Home","item":"https:\/\/seiu775.org\/es\/"},{"@type":"ListItem","position":2,"name":"&ldquo;Let Us Work&rdquo; (D&eacute;jennos trabajar): Mejoras en la verificaci&oacute;n de antecedentes de los cuidadores domiciliarios&nbsp;"}]},{"@type":"WebSite","@id":"https:\/\/seiu775.org\/#website","url":"https:\/\/seiu775.org\/","name":"SEIU775","description":"We&#039;re Stronger Together","publisher":{"@id":"https:\/\/seiu775.org\/#organization"},"potentialAction":[{"@type":"SearchAction","target":{"@type":"EntryPoint","urlTemplate":"https:\/\/seiu775.org\/?s={search_term_string}"},"query-input":{"@type":"PropertyValueSpecification","valueRequired":true,"valueName":"search_term_string"}}],"inLanguage":"es"},{"@type":"Organization","@id":"https:\/\/seiu775.org\/#organization","name":"SEIU775","url":"https:\/\/seiu775.org\/","logo":{"@type":"ImageObject","inLanguage":"es","@id":"https:\/\/seiu775.org\/#\/schema\/logo\/image\/","url":"https:\/\/seiu775.org\/wp-content\/uploads\/2020\/07\/logo.png","contentUrl":"https:\/\/seiu775.org\/wp-content\/uploads\/2020\/07\/logo.png","width":126,"height":126,"caption":"SEIU775"},"image":{"@id":"https:\/\/seiu775.org\/#\/schema\/logo\/image\/"},"sameAs":["https:\/\/www.facebook.com\/seiu775","https:\/\/x.com\/seiu775","https:\/\/www.youtube.com\/channel\/UCRnCbqnYM3ZaGYHUZQiG3Ug","https:\/\/www.instagram.com\/seiu775\/","https:\/\/www.linkedin.com\/company\/seiu-775nw\/"]},{"@type":"Person","@id":"https:\/\/seiu775.org\/#\/schema\/person\/c46752cbcfaa73cbf273cfadbf41638d","name":"Lily Bennett","image":{"@type":"ImageObject","inLanguage":"es","@id":"https:\/\/secure.gravatar.com\/avatar\/1cbe102f4d27c5be572bb29270d343f6e99a59ec8f48bd76f8ac4db30b8c8af0?s=96&d=mm&r=g","url":"https:\/\/secure.gravatar.com\/avatar\/1cbe102f4d27c5be572bb29270d343f6e99a59ec8f48bd76f8ac4db30b8c8af0?s=96&d=mm&r=g","contentUrl":"https:\/\/secure.gravatar.com\/avatar\/1cbe102f4d27c5be572bb29270d343f6e99a59ec8f48bd76f8ac4db30b8c8af0?s=96&d=mm&r=g","caption":"Lily Bennett"}}]}},"publishpress_future_action":{"enabled":false,"date":"2026-09-10 11:48:53","action":"change-status","newStatus":"draft","terms":[],"taxonomy":"category","extraData":[]},"publishpress_future_workflow_manual_trigger":{"enabledWorkflows":[]},"_links":{"self":[{"href":"https:\/\/seiu775.org\/es\/wp-json\/wp\/v2\/posts\/31097","targetHints":{"allow":["GET"]}}],"collection":[{"href":"https:\/\/seiu775.org\/es\/wp-json\/wp\/v2\/posts"}],"about":[{"href":"https:\/\/seiu775.org\/es\/wp-json\/wp\/v2\/types\/post"}],"author":[{"embeddable":true,"href":"https:\/\/seiu775.org\/es\/wp-json\/wp\/v2\/users\/1700"}],"replies":[{"embeddable":true,"href":"https:\/\/seiu775.org\/es\/wp-json\/wp\/v2\/comments?post=31097"}],"version-history":[{"count":0,"href":"https:\/\/seiu775.org\/es\/wp-json\/wp\/v2\/posts\/31097\/revisions"}],"wp:attachment":[{"href":"https:\/\/seiu775.org\/es\/wp-json\/wp\/v2\/media?parent=31097"}],"wp:term":[{"taxonomy":"category","embeddable":true,"href":"https:\/\/seiu775.org\/es\/wp-json\/wp\/v2\/categories?post=31097"},{"taxonomy":"post_tag","embeddable":true,"href":"https:\/\/seiu775.org\/es\/wp-json\/wp\/v2\/tags?post=31097"}],"curies":[{"name":"wp","href":"https:\/\/api.w.org\/{rel}","templated":true}]}},{"id":31088,"date":"2026-08-06T10:21:28","date_gmt":"2026-08-06T17:21:28","guid":{"rendered":"https:\/\/seiu775.org\/?p=31088"},"modified":"2026-08-10T10:25:37","modified_gmt":"2026-08-10T17:25:37","slug":"opinion-im-a-caregiver-sen-dan-sullivan-wont-answer-my-questions-about-medicaid-cuts","status":"publish","type":"post","link":"https:\/\/seiu775.org\/es\/opinion-im-a-caregiver-sen-dan-sullivan-wont-answer-my-questions-about-medicaid-cuts\/","title":{"rendered":"Opinion: I\u2019m a caregiver. Sen. Dan Sullivan won\u2019t answer my questions about Medicaid cuts."},"content":{"rendered":"\n<p class=\"wp-block-paragraph\">Anchorage Daily News | August 6, 2026<\/p>\n\n\n\n<p class=\"wp-block-paragraph\">I\u2019ve been a caregiver for my family members for almost 28 years, and when I expressed concern about planned Medicaid cuts, Sen. Dan Sullivan refused to meet with me.<\/p>\n\n\n\n<p class=\"wp-block-paragraph\">My brother, son and dad all live with me and rely on me for care. When I first learned of&nbsp;<a href=\"https:\/\/alaskapublic.org\/news\/health\/2025-03-11\/how-major-cuts-to-medicaid-could-be-catastrophic-even-for-alaskans-with-private-insurance\" target=\"_blank\" rel=\"noreferrer noopener\">Medicaid cuts coming to Alaska<\/a>, I was immediately concerned. Attacking paid family caregiving could overwhelm a system that\u2019s already strained, with too few workers and long waiting lists for services. The overhaul of this safety net would take healthcare away from children, seniors and veterans, as well as hurt healthcare professionals who care for our loved ones in hospitals, nursing homes and through home care funded by Medicaid.<\/p>\n\n\n\n<p class=\"wp-block-paragraph\">Not only do&nbsp;<a href=\"https:\/\/www.ktoo.org\/2023\/09\/19\/as-alaska-works-through-medicaid-renewals-only-about-a-third-of-people-are-staying-covered\/\" target=\"_blank\" rel=\"noreferrer noopener\">one-third of Alaskans<\/a>&nbsp;rely on Medicaid for healthcare, but as a rural state, we\u2019re uniquely reliant on Medicaid funding for our hospitals. Even if you aren\u2019t on Medicaid, those cuts are raising healthcare costs for everyone by ripping away revenue sources for our providers.<\/p>\n\n\n\n<p class=\"wp-block-paragraph\">But&nbsp;<a href=\"https:\/\/www.facebook.com\/watch\/?v=2090832081406634\" target=\"_blank\" rel=\"noreferrer noopener\">when I&nbsp;<\/a><a href=\"https:\/\/www.facebook.com\/watch\/?v=2090832081406634\" target=\"_blank\" rel=\"noreferrer noopener\">went to Washington, D.C.<\/a>, to warn about the impact these cuts would have on Alaskans, Dan Sullivan didn\u2019t show up.<\/p>\n\n\n\n<p class=\"wp-block-paragraph\">The overhaul of this safety net is taking healthcare away from children, seniors and veterans, as well as hurting healthcare professionals who care for our loved ones in hospitals, nursing homes and through home care funded by Medicaid.<\/p>\n\n\n\n<p class=\"wp-block-paragraph\">Not only do one-third of Alaskans rely on Medicaid for healthcare, but as a rural state, we\u2019re uniquely reliant on Medicaid funding for our hospitals. Even if you aren\u2019t on Medicaid, those cuts are raising healthcare costs for everyone by ripping away revenue sources for our providers. I knew these cuts would devastate Alaska, and I demanded answers from Dan Sullivan about why he supported them.<\/p>\n\n\n\n<p class=\"wp-block-paragraph\">After spending weeks finding caregiving coverage for my family, I was finally able to make a trip to Washington, D.C., to ask Dan about his support for these cuts in person.<\/p>\n\n\n\n<p class=\"wp-block-paragraph\">After sitting and waiting for an hour with my fellow union members, Sullivan refused to speak with us.<\/p>\n\n\n\n<p class=\"wp-block-paragraph\">Finally, Sullivan caved and sent a staff member to sit with us for all of 15 minutes \u2026 and I could see that instead of taking notes, he was just doodling in his notebook.<\/p>\n\n\n\n<p class=\"wp-block-paragraph\">This was just one of three trips I\u2019ve made where Dan Sullivan has refused to meet with me \u2014 a fellow Alaskan and one of his constituents.<\/p>\n\n\n\n<p class=\"wp-block-paragraph\">Why won\u2019t Sullivan meet with the Alaskans he was elected to represent? Is he ignorant of the crisis he\u2019s created? Is he ashamed of his votes to rip away care and coverage? Scared to face us?<\/p>\n\n\n\n<p class=\"wp-block-paragraph\">I\u2019m still waiting on those answers, and he\u2019s still trying to take away more. As the senator for Alaska, his vote to gut Medicaid is simply unconscionable.<\/p>\n\n\n\n<p class=\"wp-block-paragraph\">Dan Sullivan&nbsp;<a href=\"https:\/\/alaskabeacon.com\/2025\/07\/02\/alaska-us-sen-dan-sullivan-praises-the-federal-megabill-for-alaska-no-state-fared-better\/\" target=\"_blank\" rel=\"noreferrer noopener\">claimed<\/a>&nbsp;that \u201cno state fared better\u201d under his bill, but since it was signed into law, nearly 10,000 Alaskans have dropped off the Medicaid rolls. And with his repeated votes for the price-hiking war in Iran that\u2019s skyrocketed the cost of living in Alaska even further, I\u2019m confident that those 10,000 Alaskans weren\u2019t magically able to afford healthcare elsewhere.<\/p>\n\n\n\n<p class=\"wp-block-paragraph\">Approximately 8 million family caregivers like me rely on Medicaid for their own medical care, and 11 million receive stipends through the program.<\/p>\n\n\n\n<p class=\"wp-block-paragraph\">Alaska already has one of the highest rates of individuals unable to access services, and cutting Medicaid is deepening the crisis. Alaska is also one of the fastest-aging states in the country. Without caregivers and peer support, Alaskans will fall through the cracks.<\/p>\n\n\n\n<p class=\"wp-block-paragraph\">Our safety net is being stripped, and Dan Sullivan refuses to take accountability for his actions. It\u2019s clear he has simply lost touch with Alaskans.<\/p>\n\n\n\n<p class=\"wp-block-paragraph\"><em><strong>Betty Redd-Mendez<\/strong>\u00a0is a member of SEIU 775, the caregivers union which represents more than 60,000 long-term care workers providing home care, nursing home care and residential services in Washington, Montana and Alaska. She lives in Wasilla, where she cares for three of her family members.<\/em><\/p>\n\n\n\n<p class=\"wp-block-paragraph\"><a href=\"https:\/\/www.adn.com\/opinions\/2026\/08\/06\/opinion-im-a-caregiver-sen-dan-sullivan-wont-answer-my-questions-about-medicaid-cuts\/\" data-type=\"link\" data-id=\"https:\/\/www.adn.com\/opinions\/2026\/08\/06\/opinion-im-a-caregiver-sen-dan-sullivan-wont-answer-my-questions-about-medicaid-cuts\/\">Read more at <strong>Anchorage Daily News.<\/strong><\/a><\/p>\n","protected":false},"excerpt":{"rendered":"<p>Anchorage Daily News | August 6, 2026 I\u2019ve been a caregiver for my family members for almost 28 years, and when I expressed concern about planned Medicaid cuts, Sen. Dan Sullivan refused to meet with me. My brother, son and dad all live with me and rely on me for care. When I first learned [&hellip;]<\/p>\n","protected":false},"author":5669,"featured_media":31089,"comment_status":"closed","ping_status":"closed","sticky":false,"template":"","format":"standard","meta":{"_acf_changed":true,"inline_featured_image":false,"footnotes":"","_members_access_role":[],"_members_access_error":""},"categories":[4],"tags":[],"class_list":["post-31088","post","type-post","status-publish","format-standard","has-post-thumbnail","hentry","category-news"],"acf":[],"yoast_head":"<!-- This site is optimized with the Yoast SEO plugin v28.0 - https:\/\/yoast.com\/product\/yoast-seo-wordpress\/ -->\n<title>Opinion: I\u2019m a caregiver. Sen. Dan Sullivan won\u2019t answer my questions about Medicaid cuts. - SEIU 775<\/title>\n<meta name=\"robots\" content=\"index, follow, max-snippet:-1, max-image-preview:large, max-video-preview:-1\" \/>\n<link rel=\"canonical\" href=\"https:\/\/seiu775.org\/opinion-im-a-caregiver-sen-dan-sullivan-wont-answer-my-questions-about-medicaid-cuts\/\" \/>\n<meta property=\"og:locale\" content=\"es_ES\" \/>\n<meta property=\"og:type\" content=\"article\" \/>\n<meta property=\"og:title\" content=\"Opinion: I\u2019m a caregiver. Sen. Dan Sullivan won\u2019t answer my questions about Medicaid cuts. - SEIU 775\" \/>\n<meta property=\"og:description\" content=\"Anchorage Daily News | August 6, 2026 I\u2019ve been a caregiver for my family members for almost 28 years, and when I expressed concern about planned Medicaid cuts, Sen. Dan Sullivan refused to meet with me. My brother, son and dad all live with me and rely on me for care. When I first learned [&hellip;]\" \/>\n<meta property=\"og:url\" content=\"https:\/\/seiu775.org\/opinion-im-a-caregiver-sen-dan-sullivan-wont-answer-my-questions-about-medicaid-cuts\/\" \/>\n<meta property=\"og:site_name\" content=\"SEIU 775\" \/>\n<meta property=\"article:publisher\" content=\"https:\/\/www.facebook.com\/seiu775\" \/>\n<meta property=\"article:published_time\" content=\"2026-08-06T17:21:28+00:00\" \/>\n<meta property=\"article:modified_time\" content=\"2026-08-10T17:25:37+00:00\" \/>\n<meta name=\"author\" content=\"Rachel Jakovac\" \/>\n<meta name=\"twitter:card\" content=\"summary_large_image\" \/>\n<meta name=\"twitter:creator\" content=\"@seiu775\" \/>\n<meta name=\"twitter:site\" content=\"@seiu775\" \/>\n<meta name=\"twitter:label1\" content=\"Escrito por\" \/>\n\t<meta name=\"twitter:data1\" content=\"Rachel Jakovac\" \/>\n\t<meta name=\"twitter:label2\" content=\"Tiempo de lectura\" \/>\n\t<meta name=\"twitter:data2\" content=\"4 minutos\" \/>\n<script type=\"application\/ld+json\" class=\"yoast-schema-graph\">{\"@context\":\"https:\\\/\\\/schema.org\",\"@graph\":[{\"@type\":\"Article\",\"@id\":\"https:\\\/\\\/seiu775.org\\\/opinion-im-a-caregiver-sen-dan-sullivan-wont-answer-my-questions-about-medicaid-cuts\\\/#article\",\"isPartOf\":{\"@id\":\"https:\\\/\\\/seiu775.org\\\/opinion-im-a-caregiver-sen-dan-sullivan-wont-answer-my-questions-about-medicaid-cuts\\\/\"},\"author\":{\"name\":\"Rachel Jakovac\",\"@id\":\"https:\\\/\\\/seiu775.org\\\/#\\\/schema\\\/person\\\/b68bb44ebcb6d100d9590a377b54fab4\"},\"headline\":\"Opinion: I\u2019m a caregiver. Sen. Dan Sullivan won\u2019t answer my questions about Medicaid cuts.\",\"datePublished\":\"2026-08-06T17:21:28+00:00\",\"dateModified\":\"2026-08-10T17:25:37+00:00\",\"mainEntityOfPage\":{\"@id\":\"https:\\\/\\\/seiu775.org\\\/opinion-im-a-caregiver-sen-dan-sullivan-wont-answer-my-questions-about-medicaid-cuts\\\/\"},\"wordCount\":703,\"publisher\":{\"@id\":\"https:\\\/\\\/seiu775.org\\\/#organization\"},\"image\":{\"@id\":\"https:\\\/\\\/seiu775.org\\\/opinion-im-a-caregiver-sen-dan-sullivan-wont-answer-my-questions-about-medicaid-cuts\\\/#primaryimage\"},\"thumbnailUrl\":\"https:\\\/\\\/seiu775.org\\\/wp-content\\\/uploads\\\/2026\\\/08\\\/anchorage.avif\",\"articleSection\":[\"News\"],\"inLanguage\":\"es\"},{\"@type\":\"WebPage\",\"@id\":\"https:\\\/\\\/seiu775.org\\\/opinion-im-a-caregiver-sen-dan-sullivan-wont-answer-my-questions-about-medicaid-cuts\\\/\",\"url\":\"https:\\\/\\\/seiu775.org\\\/opinion-im-a-caregiver-sen-dan-sullivan-wont-answer-my-questions-about-medicaid-cuts\\\/\",\"name\":\"Opinion: I\u2019m a caregiver. Sen. Dan Sullivan won\u2019t answer my questions about Medicaid cuts. - SEIU 775\",\"isPartOf\":{\"@id\":\"https:\\\/\\\/seiu775.org\\\/#website\"},\"primaryImageOfPage\":{\"@id\":\"https:\\\/\\\/seiu775.org\\\/opinion-im-a-caregiver-sen-dan-sullivan-wont-answer-my-questions-about-medicaid-cuts\\\/#primaryimage\"},\"image\":{\"@id\":\"https:\\\/\\\/seiu775.org\\\/opinion-im-a-caregiver-sen-dan-sullivan-wont-answer-my-questions-about-medicaid-cuts\\\/#primaryimage\"},\"thumbnailUrl\":\"https:\\\/\\\/seiu775.org\\\/wp-content\\\/uploads\\\/2026\\\/08\\\/anchorage.avif\",\"datePublished\":\"2026-08-06T17:21:28+00:00\",\"dateModified\":\"2026-08-10T17:25:37+00:00\",\"breadcrumb\":{\"@id\":\"https:\\\/\\\/seiu775.org\\\/opinion-im-a-caregiver-sen-dan-sullivan-wont-answer-my-questions-about-medicaid-cuts\\\/#breadcrumb\"},\"inLanguage\":\"es\",\"potentialAction\":[{\"@type\":\"ReadAction\",\"target\":[\"https:\\\/\\\/seiu775.org\\\/opinion-im-a-caregiver-sen-dan-sullivan-wont-answer-my-questions-about-medicaid-cuts\\\/\"]}]},{\"@type\":\"ImageObject\",\"inLanguage\":\"es\",\"@id\":\"https:\\\/\\\/seiu775.org\\\/opinion-im-a-caregiver-sen-dan-sullivan-wont-answer-my-questions-about-medicaid-cuts\\\/#primaryimage\",\"url\":\"https:\\\/\\\/seiu775.org\\\/wp-content\\\/uploads\\\/2026\\\/08\\\/anchorage.avif\",\"contentUrl\":\"https:\\\/\\\/seiu775.org\\\/wp-content\\\/uploads\\\/2026\\\/08\\\/anchorage.avif\",\"width\":1440,\"height\":959,\"caption\":\"Rally-goers march to demand no cuts to Medicaid or Medicare on Wednesday, March 12, 2025, in Washington. (Kevin Wolf\\\/AP Content Services for Popular Democracy)\"},{\"@type\":\"BreadcrumbList\",\"@id\":\"https:\\\/\\\/seiu775.org\\\/opinion-im-a-caregiver-sen-dan-sullivan-wont-answer-my-questions-about-medicaid-cuts\\\/#breadcrumb\",\"itemListElement\":[{\"@type\":\"ListItem\",\"position\":1,\"name\":\"Home\",\"item\":\"https:\\\/\\\/seiu775.org\\\/es\\\/\"},{\"@type\":\"ListItem\",\"position\":2,\"name\":\"Opinion: I\u2019m a caregiver. Sen. Dan Sullivan won\u2019t answer my questions about Medicaid cuts.\"}]},{\"@type\":\"WebSite\",\"@id\":\"https:\\\/\\\/seiu775.org\\\/#website\",\"url\":\"https:\\\/\\\/seiu775.org\\\/\",\"name\":\"SEIU775\",\"description\":\"We&#039;re Stronger Together\",\"publisher\":{\"@id\":\"https:\\\/\\\/seiu775.org\\\/#organization\"},\"potentialAction\":[{\"@type\":\"SearchAction\",\"target\":{\"@type\":\"EntryPoint\",\"urlTemplate\":\"https:\\\/\\\/seiu775.org\\\/?s={search_term_string}\"},\"query-input\":{\"@type\":\"PropertyValueSpecification\",\"valueRequired\":true,\"valueName\":\"search_term_string\"}}],\"inLanguage\":\"es\"},{\"@type\":\"Organization\",\"@id\":\"https:\\\/\\\/seiu775.org\\\/#organization\",\"name\":\"SEIU775\",\"url\":\"https:\\\/\\\/seiu775.org\\\/\",\"logo\":{\"@type\":\"ImageObject\",\"inLanguage\":\"es\",\"@id\":\"https:\\\/\\\/seiu775.org\\\/#\\\/schema\\\/logo\\\/image\\\/\",\"url\":\"https:\\\/\\\/seiu775.org\\\/wp-content\\\/uploads\\\/2020\\\/07\\\/logo.png\",\"contentUrl\":\"https:\\\/\\\/seiu775.org\\\/wp-content\\\/uploads\\\/2020\\\/07\\\/logo.png\",\"width\":126,\"height\":126,\"caption\":\"SEIU775\"},\"image\":{\"@id\":\"https:\\\/\\\/seiu775.org\\\/#\\\/schema\\\/logo\\\/image\\\/\"},\"sameAs\":[\"https:\\\/\\\/www.facebook.com\\\/seiu775\",\"https:\\\/\\\/x.com\\\/seiu775\",\"https:\\\/\\\/www.youtube.com\\\/channel\\\/UCRnCbqnYM3ZaGYHUZQiG3Ug\",\"https:\\\/\\\/www.instagram.com\\\/seiu775\\\/\",\"https:\\\/\\\/www.linkedin.com\\\/company\\\/seiu-775nw\\\/\"]},{\"@type\":\"Person\",\"@id\":\"https:\\\/\\\/seiu775.org\\\/#\\\/schema\\\/person\\\/b68bb44ebcb6d100d9590a377b54fab4\",\"name\":\"Rachel Jakovac\",\"image\":{\"@type\":\"ImageObject\",\"inLanguage\":\"es\",\"@id\":\"https:\\\/\\\/secure.gravatar.com\\\/avatar\\\/b9888826ab82112ec13ff6e354563a1cad072dc43a2d13ce52113247b75ee9d6?s=96&d=mm&r=g\",\"url\":\"https:\\\/\\\/secure.gravatar.com\\\/avatar\\\/b9888826ab82112ec13ff6e354563a1cad072dc43a2d13ce52113247b75ee9d6?s=96&d=mm&r=g\",\"contentUrl\":\"https:\\\/\\\/secure.gravatar.com\\\/avatar\\\/b9888826ab82112ec13ff6e354563a1cad072dc43a2d13ce52113247b75ee9d6?s=96&d=mm&r=g\",\"caption\":\"Rachel Jakovac\"}}]}<\/script>\n<!-- \/ Yoast SEO plugin. -->","yoast_head_json":{"title":"Opinion: I\u2019m a caregiver. Sen. Dan Sullivan won\u2019t answer my questions about Medicaid cuts. - SEIU 775","robots":{"index":"index","follow":"follow","max-snippet":"max-snippet:-1","max-image-preview":"max-image-preview:large","max-video-preview":"max-video-preview:-1"},"canonical":"https:\/\/seiu775.org\/opinion-im-a-caregiver-sen-dan-sullivan-wont-answer-my-questions-about-medicaid-cuts\/","og_locale":"es_ES","og_type":"article","og_title":"Opinion: I\u2019m a caregiver. Sen. Dan Sullivan won\u2019t answer my questions about Medicaid cuts. - SEIU 775","og_description":"Anchorage Daily News | August 6, 2026 I\u2019ve been a caregiver for my family members for almost 28 years, and when I expressed concern about planned Medicaid cuts, Sen. Dan Sullivan refused to meet with me. My brother, son and dad all live with me and rely on me for care. When I first learned [&hellip;]","og_url":"https:\/\/seiu775.org\/opinion-im-a-caregiver-sen-dan-sullivan-wont-answer-my-questions-about-medicaid-cuts\/","og_site_name":"SEIU 775","article_publisher":"https:\/\/www.facebook.com\/seiu775","article_published_time":"2026-08-06T17:21:28+00:00","article_modified_time":"2026-08-10T17:25:37+00:00","author":"Rachel Jakovac","twitter_card":"summary_large_image","twitter_creator":"@seiu775","twitter_site":"@seiu775","twitter_misc":{"Escrito por":"Rachel Jakovac","Tiempo de lectura":"4 minutos"},"schema":{"@context":"https:\/\/schema.org","@graph":[{"@type":"Article","@id":"https:\/\/seiu775.org\/opinion-im-a-caregiver-sen-dan-sullivan-wont-answer-my-questions-about-medicaid-cuts\/#article","isPartOf":{"@id":"https:\/\/seiu775.org\/opinion-im-a-caregiver-sen-dan-sullivan-wont-answer-my-questions-about-medicaid-cuts\/"},"author":{"name":"Rachel Jakovac","@id":"https:\/\/seiu775.org\/#\/schema\/person\/b68bb44ebcb6d100d9590a377b54fab4"},"headline":"Opinion: I\u2019m a caregiver. Sen. Dan Sullivan won\u2019t answer my questions about Medicaid cuts.","datePublished":"2026-08-06T17:21:28+00:00","dateModified":"2026-08-10T17:25:37+00:00","mainEntityOfPage":{"@id":"https:\/\/seiu775.org\/opinion-im-a-caregiver-sen-dan-sullivan-wont-answer-my-questions-about-medicaid-cuts\/"},"wordCount":703,"publisher":{"@id":"https:\/\/seiu775.org\/#organization"},"image":{"@id":"https:\/\/seiu775.org\/opinion-im-a-caregiver-sen-dan-sullivan-wont-answer-my-questions-about-medicaid-cuts\/#primaryimage"},"thumbnailUrl":"https:\/\/seiu775.org\/wp-content\/uploads\/2026\/08\/anchorage.avif","articleSection":["News"],"inLanguage":"es"},{"@type":"WebPage","@id":"https:\/\/seiu775.org\/opinion-im-a-caregiver-sen-dan-sullivan-wont-answer-my-questions-about-medicaid-cuts\/","url":"https:\/\/seiu775.org\/opinion-im-a-caregiver-sen-dan-sullivan-wont-answer-my-questions-about-medicaid-cuts\/","name":"Opinion: I\u2019m a caregiver. Sen. Dan Sullivan won\u2019t answer my questions about Medicaid cuts. - SEIU 775","isPartOf":{"@id":"https:\/\/seiu775.org\/#website"},"primaryImageOfPage":{"@id":"https:\/\/seiu775.org\/opinion-im-a-caregiver-sen-dan-sullivan-wont-answer-my-questions-about-medicaid-cuts\/#primaryimage"},"image":{"@id":"https:\/\/seiu775.org\/opinion-im-a-caregiver-sen-dan-sullivan-wont-answer-my-questions-about-medicaid-cuts\/#primaryimage"},"thumbnailUrl":"https:\/\/seiu775.org\/wp-content\/uploads\/2026\/08\/anchorage.avif","datePublished":"2026-08-06T17:21:28+00:00","dateModified":"2026-08-10T17:25:37+00:00","breadcrumb":{"@id":"https:\/\/seiu775.org\/opinion-im-a-caregiver-sen-dan-sullivan-wont-answer-my-questions-about-medicaid-cuts\/#breadcrumb"},"inLanguage":"es","potentialAction":[{"@type":"ReadAction","target":["https:\/\/seiu775.org\/opinion-im-a-caregiver-sen-dan-sullivan-wont-answer-my-questions-about-medicaid-cuts\/"]}]},{"@type":"ImageObject","inLanguage":"es","@id":"https:\/\/seiu775.org\/opinion-im-a-caregiver-sen-dan-sullivan-wont-answer-my-questions-about-medicaid-cuts\/#primaryimage","url":"https:\/\/seiu775.org\/wp-content\/uploads\/2026\/08\/anchorage.avif","contentUrl":"https:\/\/seiu775.org\/wp-content\/uploads\/2026\/08\/anchorage.avif","width":1440,"height":959,"caption":"Rally-goers march to demand no cuts to Medicaid or Medicare on Wednesday, March 12, 2025, in Washington. (Kevin Wolf\/AP Content Services for Popular Democracy)"},{"@type":"BreadcrumbList","@id":"https:\/\/seiu775.org\/opinion-im-a-caregiver-sen-dan-sullivan-wont-answer-my-questions-about-medicaid-cuts\/#breadcrumb","itemListElement":[{"@type":"ListItem","position":1,"name":"Home","item":"https:\/\/seiu775.org\/es\/"},{"@type":"ListItem","position":2,"name":"Opinion: I\u2019m a caregiver. Sen. Dan Sullivan won\u2019t answer my questions about Medicaid cuts."}]},{"@type":"WebSite","@id":"https:\/\/seiu775.org\/#website","url":"https:\/\/seiu775.org\/","name":"SEIU775","description":"We&#039;re Stronger Together","publisher":{"@id":"https:\/\/seiu775.org\/#organization"},"potentialAction":[{"@type":"SearchAction","target":{"@type":"EntryPoint","urlTemplate":"https:\/\/seiu775.org\/?s={search_term_string}"},"query-input":{"@type":"PropertyValueSpecification","valueRequired":true,"valueName":"search_term_string"}}],"inLanguage":"es"},{"@type":"Organization","@id":"https:\/\/seiu775.org\/#organization","name":"SEIU775","url":"https:\/\/seiu775.org\/","logo":{"@type":"ImageObject","inLanguage":"es","@id":"https:\/\/seiu775.org\/#\/schema\/logo\/image\/","url":"https:\/\/seiu775.org\/wp-content\/uploads\/2020\/07\/logo.png","contentUrl":"https:\/\/seiu775.org\/wp-content\/uploads\/2020\/07\/logo.png","width":126,"height":126,"caption":"SEIU775"},"image":{"@id":"https:\/\/seiu775.org\/#\/schema\/logo\/image\/"},"sameAs":["https:\/\/www.facebook.com\/seiu775","https:\/\/x.com\/seiu775","https:\/\/www.youtube.com\/channel\/UCRnCbqnYM3ZaGYHUZQiG3Ug","https:\/\/www.instagram.com\/seiu775\/","https:\/\/www.linkedin.com\/company\/seiu-775nw\/"]},{"@type":"Person","@id":"https:\/\/seiu775.org\/#\/schema\/person\/b68bb44ebcb6d100d9590a377b54fab4","name":"Rachel Jakovac","image":{"@type":"ImageObject","inLanguage":"es","@id":"https:\/\/secure.gravatar.com\/avatar\/b9888826ab82112ec13ff6e354563a1cad072dc43a2d13ce52113247b75ee9d6?s=96&d=mm&r=g","url":"https:\/\/secure.gravatar.com\/avatar\/b9888826ab82112ec13ff6e354563a1cad072dc43a2d13ce52113247b75ee9d6?s=96&d=mm&r=g","contentUrl":"https:\/\/secure.gravatar.com\/avatar\/b9888826ab82112ec13ff6e354563a1cad072dc43a2d13ce52113247b75ee9d6?s=96&d=mm&r=g","caption":"Rachel Jakovac"}}]}},"publishpress_future_action":{"enabled":false,"date":"2026-09-10 11:48:53","action":"change-status","newStatus":"draft","terms":[],"taxonomy":"category","extraData":[]},"publishpress_future_workflow_manual_trigger":{"enabledWorkflows":[]},"_links":{"self":[{"href":"https:\/\/seiu775.org\/es\/wp-json\/wp\/v2\/posts\/31088","targetHints":{"allow":["GET"]}}],"collection":[{"href":"https:\/\/seiu775.org\/es\/wp-json\/wp\/v2\/posts"}],"about":[{"href":"https:\/\/seiu775.org\/es\/wp-json\/wp\/v2\/types\/post"}],"author":[{"embeddable":true,"href":"https:\/\/seiu775.org\/es\/wp-json\/wp\/v2\/users\/5669"}],"replies":[{"embeddable":true,"href":"https:\/\/seiu775.org\/es\/wp-json\/wp\/v2\/comments?post=31088"}],"version-history":[{"count":0,"href":"https:\/\/seiu775.org\/es\/wp-json\/wp\/v2\/posts\/31088\/revisions"}],"wp:featuredmedia":[{"embeddable":true,"href":"https:\/\/seiu775.org\/es\/wp-json\/wp\/v2\/media\/31089"}],"wp:attachment":[{"href":"https:\/\/seiu775.org\/es\/wp-json\/wp\/v2\/media?parent=31088"}],"wp:term":[{"taxonomy":"category","embeddable":true,"href":"https:\/\/seiu775.org\/es\/wp-json\/wp\/v2\/categories?post=31088"},{"taxonomy":"post_tag","embeddable":true,"href":"https:\/\/seiu775.org\/es\/wp-json\/wp\/v2\/tags?post=31088"}],"curies":[{"name":"wp","href":"https:\/\/api.w.org\/{rel}","templated":true}]}},{"id":31063,"date":"2026-08-04T12:11:09","date_gmt":"2026-08-04T19:11:09","guid":{"rendered":"https:\/\/seiu775.org\/?p=31063"},"modified":"2026-08-04T12:11:11","modified_gmt":"2026-08-04T19:11:11","slug":"press-release-seiu-775-montana-members-endorse-independent-u-s-senate-candidate-seth-bodnar","status":"publish","type":"post","link":"https:\/\/seiu775.org\/es\/press-release-seiu-775-montana-members-endorse-independent-u-s-senate-candidate-seth-bodnar\/","title":{"rendered":"Press Release: SEIU 775 Montana Members Endorse Independent U.S. Senate Candidate Seth Bodnar"},"content":{"rendered":"\n<p class=\"wp-block-paragraph\"><strong>HELENA, Mont. (August 4, 2026)<\/strong> \u2014<\/p>\n\n\n\n<p class=\"wp-block-paragraph\">Following a member-led endorsement process that included interviews with U.S. Senate candidates Alani Bankhead and Seth Bodnar, <strong>SEIU 775 Montana members endorsed Independent candidate Bodnar for the United States Senate on August 3.<\/strong><\/p>\n\n\n\n<p class=\"wp-block-paragraph\">SEIU 775 represents more than 60,000 long-term care workers providing quality home care, nursing home care, and residential services in Washington, Montana, and Alaska.<\/p>\n\n\n\n<p class=\"wp-block-paragraph\">As part of the union\u2019s democratic endorsement process, SEIU 775 Montana members interviewed candidates and evaluated their vision, leadership, and commitment to the issues that matter most to frontline caregivers and behavioral health professionals.<\/p>\n\n\n\n<p class=\"wp-block-paragraph\">\u201cAfter interviewing two of the Senate candidates, we concluded that Seth Bodnar articulated a clear path to victory,\u201d said <strong>Winifred Schafer of Wolf Point<\/strong>, an SEIU 775 Montana member leader. \u201cOur members were looking for a candidate who listened, answered our questions directly, and demonstrated a genuine commitment to strengthening Montana\u2019s care workforce and the communities we serve.\u201d<\/p>\n\n\n\n<p class=\"wp-block-paragraph\">\u201cSEIU 775 members know firsthand that strong care systems depend on leaders who understand the challenges facing Montana\u2019s long-term care workforce,\u201d said <strong>Jacquie Helt, State Director of SEIU 775 Montana<\/strong>. \u201cThroughout our endorsement process, Seth Bodnar demonstrated a willingness to listen to frontline workers, engage thoughtfully on the issues that matter most to caregivers and articulate a vision that earned the confidence of our members. We are proud to announce the endorsement of SEIU 775 Montana members and look forward to working with him on behalf of the workers and families we serve.\u201d<\/p>\n\n\n\n<p class=\"wp-block-paragraph\">Throughout the endorsement process, members focused on issues critical to Montana\u2019s care workforce, including recruiting and retaining caregivers and behavioral health professionals, strengthening long-term care and behavioral health services, and ensuring seniors, people with disabilities, children, adults, and families have access to quality care in their homes and communities. The endorsement reflects the decision of SEIU 775 Montana members following candidate interviews and member deliberations.<\/p>\n\n\n\n<p class=\"wp-block-paragraph\"><strong>About SEIU 775<\/strong><\/p>\n\n\n\n<p class=\"wp-block-paragraph\">SEIU 775 represents more than 60,000 long-term care workers providing quality home care, nursing home care, and residential services in Washington, Montana, and Alaska. Through the collective strength of its members, the union advocates for quality care, respect for workers, and stronger communities.<\/p>\n\n\n\n<p class=\"has-text-align-center wp-block-paragraph\">###<\/p>\n\n\n\n<p class=\"wp-block-paragraph\"><\/p>\n","protected":false},"excerpt":{"rendered":"<p>HELENA, Mont. (August 4, 2026) \u2014 Following a member-led endorsement process that included interviews with U.S. Senate candidates Alani Bankhead and Seth Bodnar, SEIU 775 Montana members endorsed Independent candidate Bodnar for the United States Senate on August 3. SEIU 775 represents more than 60,000 long-term care workers providing quality home care, nursing home care, [&hellip;]<\/p>\n","protected":false},"author":5669,"featured_media":0,"comment_status":"closed","ping_status":"closed","sticky":false,"template":"","format":"standard","meta":{"_acf_changed":false,"inline_featured_image":false,"footnotes":"","_members_access_role":[],"_members_access_error":""},"categories":[4],"tags":[],"class_list":["post-31063","post","type-post","status-publish","format-standard","hentry","category-news"],"acf":[],"yoast_head":"<!-- This site is optimized with the Yoast SEO plugin v28.0 - https:\/\/yoast.com\/product\/yoast-seo-wordpress\/ -->\n<title>Press Release: SEIU 775 Montana Members Endorse Independent U.S. Senate Candidate Seth Bodnar - SEIU 775<\/title>\n<meta name=\"robots\" content=\"index, follow, max-snippet:-1, max-image-preview:large, max-video-preview:-1\" \/>\n<link rel=\"canonical\" href=\"https:\/\/seiu775.org\/press-release-seiu-775-montana-members-endorse-independent-u-s-senate-candidate-seth-bodnar\/\" \/>\n<meta property=\"og:locale\" content=\"es_ES\" \/>\n<meta property=\"og:type\" content=\"article\" \/>\n<meta property=\"og:title\" content=\"Press Release: SEIU 775 Montana Members Endorse Independent U.S. Senate Candidate Seth Bodnar - SEIU 775\" \/>\n<meta property=\"og:description\" content=\"HELENA, Mont. (August 4, 2026) \u2014 Following a member-led endorsement process that included interviews with U.S. Senate candidates Alani Bankhead and Seth Bodnar, SEIU 775 Montana members endorsed Independent candidate Bodnar for the United States Senate on August 3. SEIU 775 represents more than 60,000 long-term care workers providing quality home care, nursing home care, [&hellip;]\" \/>\n<meta property=\"og:url\" content=\"https:\/\/seiu775.org\/press-release-seiu-775-montana-members-endorse-independent-u-s-senate-candidate-seth-bodnar\/\" \/>\n<meta property=\"og:site_name\" content=\"SEIU 775\" \/>\n<meta property=\"article:publisher\" content=\"https:\/\/www.facebook.com\/seiu775\" \/>\n<meta property=\"article:published_time\" content=\"2026-08-04T19:11:09+00:00\" \/>\n<meta property=\"article:modified_time\" content=\"2026-08-04T19:11:11+00:00\" \/>\n<meta name=\"author\" content=\"Rachel Jakovac\" \/>\n<meta name=\"twitter:card\" content=\"summary_large_image\" \/>\n<meta name=\"twitter:creator\" content=\"@seiu775\" \/>\n<meta name=\"twitter:site\" content=\"@seiu775\" \/>\n<meta name=\"twitter:label1\" content=\"Escrito por\" \/>\n\t<meta name=\"twitter:data1\" content=\"Rachel Jakovac\" \/>\n<script type=\"application\/ld+json\" class=\"yoast-schema-graph\">{\"@context\":\"https:\\\/\\\/schema.org\",\"@graph\":[{\"@type\":\"Article\",\"@id\":\"https:\\\/\\\/seiu775.org\\\/press-release-seiu-775-montana-members-endorse-independent-u-s-senate-candidate-seth-bodnar\\\/#article\",\"isPartOf\":{\"@id\":\"https:\\\/\\\/seiu775.org\\\/press-release-seiu-775-montana-members-endorse-independent-u-s-senate-candidate-seth-bodnar\\\/\"},\"author\":{\"name\":\"Rachel Jakovac\",\"@id\":\"https:\\\/\\\/seiu775.org\\\/#\\\/schema\\\/person\\\/b68bb44ebcb6d100d9590a377b54fab4\"},\"headline\":\"Press Release: SEIU 775 Montana Members Endorse Independent U.S. Senate Candidate Seth Bodnar\",\"datePublished\":\"2026-08-04T19:11:09+00:00\",\"dateModified\":\"2026-08-04T19:11:11+00:00\",\"mainEntityOfPage\":{\"@id\":\"https:\\\/\\\/seiu775.org\\\/press-release-seiu-775-montana-members-endorse-independent-u-s-senate-candidate-seth-bodnar\\\/\"},\"wordCount\":361,\"publisher\":{\"@id\":\"https:\\\/\\\/seiu775.org\\\/#organization\"},\"articleSection\":[\"News\"],\"inLanguage\":\"es\"},{\"@type\":\"WebPage\",\"@id\":\"https:\\\/\\\/seiu775.org\\\/press-release-seiu-775-montana-members-endorse-independent-u-s-senate-candidate-seth-bodnar\\\/\",\"url\":\"https:\\\/\\\/seiu775.org\\\/press-release-seiu-775-montana-members-endorse-independent-u-s-senate-candidate-seth-bodnar\\\/\",\"name\":\"Press Release: SEIU 775 Montana Members Endorse Independent U.S. Senate Candidate Seth Bodnar - SEIU 775\",\"isPartOf\":{\"@id\":\"https:\\\/\\\/seiu775.org\\\/#website\"},\"datePublished\":\"2026-08-04T19:11:09+00:00\",\"dateModified\":\"2026-08-04T19:11:11+00:00\",\"breadcrumb\":{\"@id\":\"https:\\\/\\\/seiu775.org\\\/press-release-seiu-775-montana-members-endorse-independent-u-s-senate-candidate-seth-bodnar\\\/#breadcrumb\"},\"inLanguage\":\"es\",\"potentialAction\":[{\"@type\":\"ReadAction\",\"target\":[\"https:\\\/\\\/seiu775.org\\\/press-release-seiu-775-montana-members-endorse-independent-u-s-senate-candidate-seth-bodnar\\\/\"]}]},{\"@type\":\"BreadcrumbList\",\"@id\":\"https:\\\/\\\/seiu775.org\\\/press-release-seiu-775-montana-members-endorse-independent-u-s-senate-candidate-seth-bodnar\\\/#breadcrumb\",\"itemListElement\":[{\"@type\":\"ListItem\",\"position\":1,\"name\":\"Home\",\"item\":\"https:\\\/\\\/seiu775.org\\\/es\\\/\"},{\"@type\":\"ListItem\",\"position\":2,\"name\":\"Press Release: SEIU 775 Montana Members Endorse Independent U.S. Senate Candidate Seth Bodnar\"}]},{\"@type\":\"WebSite\",\"@id\":\"https:\\\/\\\/seiu775.org\\\/#website\",\"url\":\"https:\\\/\\\/seiu775.org\\\/\",\"name\":\"SEIU775\",\"description\":\"We&#039;re Stronger Together\",\"publisher\":{\"@id\":\"https:\\\/\\\/seiu775.org\\\/#organization\"},\"potentialAction\":[{\"@type\":\"SearchAction\",\"target\":{\"@type\":\"EntryPoint\",\"urlTemplate\":\"https:\\\/\\\/seiu775.org\\\/?s={search_term_string}\"},\"query-input\":{\"@type\":\"PropertyValueSpecification\",\"valueRequired\":true,\"valueName\":\"search_term_string\"}}],\"inLanguage\":\"es\"},{\"@type\":\"Organization\",\"@id\":\"https:\\\/\\\/seiu775.org\\\/#organization\",\"name\":\"SEIU775\",\"url\":\"https:\\\/\\\/seiu775.org\\\/\",\"logo\":{\"@type\":\"ImageObject\",\"inLanguage\":\"es\",\"@id\":\"https:\\\/\\\/seiu775.org\\\/#\\\/schema\\\/logo\\\/image\\\/\",\"url\":\"https:\\\/\\\/seiu775.org\\\/wp-content\\\/uploads\\\/2020\\\/07\\\/logo.png\",\"contentUrl\":\"https:\\\/\\\/seiu775.org\\\/wp-content\\\/uploads\\\/2020\\\/07\\\/logo.png\",\"width\":126,\"height\":126,\"caption\":\"SEIU775\"},\"image\":{\"@id\":\"https:\\\/\\\/seiu775.org\\\/#\\\/schema\\\/logo\\\/image\\\/\"},\"sameAs\":[\"https:\\\/\\\/www.facebook.com\\\/seiu775\",\"https:\\\/\\\/x.com\\\/seiu775\",\"https:\\\/\\\/www.youtube.com\\\/channel\\\/UCRnCbqnYM3ZaGYHUZQiG3Ug\",\"https:\\\/\\\/www.instagram.com\\\/seiu775\\\/\",\"https:\\\/\\\/www.linkedin.com\\\/company\\\/seiu-775nw\\\/\"]},{\"@type\":\"Person\",\"@id\":\"https:\\\/\\\/seiu775.org\\\/#\\\/schema\\\/person\\\/b68bb44ebcb6d100d9590a377b54fab4\",\"name\":\"Rachel Jakovac\",\"image\":{\"@type\":\"ImageObject\",\"inLanguage\":\"es\",\"@id\":\"https:\\\/\\\/secure.gravatar.com\\\/avatar\\\/b9888826ab82112ec13ff6e354563a1cad072dc43a2d13ce52113247b75ee9d6?s=96&d=mm&r=g\",\"url\":\"https:\\\/\\\/secure.gravatar.com\\\/avatar\\\/b9888826ab82112ec13ff6e354563a1cad072dc43a2d13ce52113247b75ee9d6?s=96&d=mm&r=g\",\"contentUrl\":\"https:\\\/\\\/secure.gravatar.com\\\/avatar\\\/b9888826ab82112ec13ff6e354563a1cad072dc43a2d13ce52113247b75ee9d6?s=96&d=mm&r=g\",\"caption\":\"Rachel Jakovac\"}}]}<\/script>\n<!-- \/ Yoast SEO plugin. -->","yoast_head_json":{"title":"Press Release: SEIU 775 Montana Members Endorse Independent U.S. Senate Candidate Seth Bodnar - SEIU 775","robots":{"index":"index","follow":"follow","max-snippet":"max-snippet:-1","max-image-preview":"max-image-preview:large","max-video-preview":"max-video-preview:-1"},"canonical":"https:\/\/seiu775.org\/press-release-seiu-775-montana-members-endorse-independent-u-s-senate-candidate-seth-bodnar\/","og_locale":"es_ES","og_type":"article","og_title":"Press Release: SEIU 775 Montana Members Endorse Independent U.S. Senate Candidate Seth Bodnar - SEIU 775","og_description":"HELENA, Mont. (August 4, 2026) \u2014 Following a member-led endorsement process that included interviews with U.S. Senate candidates Alani Bankhead and Seth Bodnar, SEIU 775 Montana members endorsed Independent candidate Bodnar for the United States Senate on August 3. SEIU 775 represents more than 60,000 long-term care workers providing quality home care, nursing home care, [&hellip;]","og_url":"https:\/\/seiu775.org\/press-release-seiu-775-montana-members-endorse-independent-u-s-senate-candidate-seth-bodnar\/","og_site_name":"SEIU 775","article_publisher":"https:\/\/www.facebook.com\/seiu775","article_published_time":"2026-08-04T19:11:09+00:00","article_modified_time":"2026-08-04T19:11:11+00:00","author":"Rachel Jakovac","twitter_card":"summary_large_image","twitter_creator":"@seiu775","twitter_site":"@seiu775","twitter_misc":{"Escrito por":"Rachel Jakovac"},"schema":{"@context":"https:\/\/schema.org","@graph":[{"@type":"Article","@id":"https:\/\/seiu775.org\/press-release-seiu-775-montana-members-endorse-independent-u-s-senate-candidate-seth-bodnar\/#article","isPartOf":{"@id":"https:\/\/seiu775.org\/press-release-seiu-775-montana-members-endorse-independent-u-s-senate-candidate-seth-bodnar\/"},"author":{"name":"Rachel Jakovac","@id":"https:\/\/seiu775.org\/#\/schema\/person\/b68bb44ebcb6d100d9590a377b54fab4"},"headline":"Press Release: SEIU 775 Montana Members Endorse Independent U.S. Senate Candidate Seth Bodnar","datePublished":"2026-08-04T19:11:09+00:00","dateModified":"2026-08-04T19:11:11+00:00","mainEntityOfPage":{"@id":"https:\/\/seiu775.org\/press-release-seiu-775-montana-members-endorse-independent-u-s-senate-candidate-seth-bodnar\/"},"wordCount":361,"publisher":{"@id":"https:\/\/seiu775.org\/#organization"},"articleSection":["News"],"inLanguage":"es"},{"@type":"WebPage","@id":"https:\/\/seiu775.org\/press-release-seiu-775-montana-members-endorse-independent-u-s-senate-candidate-seth-bodnar\/","url":"https:\/\/seiu775.org\/press-release-seiu-775-montana-members-endorse-independent-u-s-senate-candidate-seth-bodnar\/","name":"Press Release: SEIU 775 Montana Members Endorse Independent U.S. Senate Candidate Seth Bodnar - SEIU 775","isPartOf":{"@id":"https:\/\/seiu775.org\/#website"},"datePublished":"2026-08-04T19:11:09+00:00","dateModified":"2026-08-04T19:11:11+00:00","breadcrumb":{"@id":"https:\/\/seiu775.org\/press-release-seiu-775-montana-members-endorse-independent-u-s-senate-candidate-seth-bodnar\/#breadcrumb"},"inLanguage":"es","potentialAction":[{"@type":"ReadAction","target":["https:\/\/seiu775.org\/press-release-seiu-775-montana-members-endorse-independent-u-s-senate-candidate-seth-bodnar\/"]}]},{"@type":"BreadcrumbList","@id":"https:\/\/seiu775.org\/press-release-seiu-775-montana-members-endorse-independent-u-s-senate-candidate-seth-bodnar\/#breadcrumb","itemListElement":[{"@type":"ListItem","position":1,"name":"Home","item":"https:\/\/seiu775.org\/es\/"},{"@type":"ListItem","position":2,"name":"Press Release: SEIU 775 Montana Members Endorse Independent U.S. Senate Candidate Seth Bodnar"}]},{"@type":"WebSite","@id":"https:\/\/seiu775.org\/#website","url":"https:\/\/seiu775.org\/","name":"SEIU775","description":"We&#039;re Stronger Together","publisher":{"@id":"https:\/\/seiu775.org\/#organization"},"potentialAction":[{"@type":"SearchAction","target":{"@type":"EntryPoint","urlTemplate":"https:\/\/seiu775.org\/?s={search_term_string}"},"query-input":{"@type":"PropertyValueSpecification","valueRequired":true,"valueName":"search_term_string"}}],"inLanguage":"es"},{"@type":"Organization","@id":"https:\/\/seiu775.org\/#organization","name":"SEIU775","url":"https:\/\/seiu775.org\/","logo":{"@type":"ImageObject","inLanguage":"es","@id":"https:\/\/seiu775.org\/#\/schema\/logo\/image\/","url":"https:\/\/seiu775.org\/wp-content\/uploads\/2020\/07\/logo.png","contentUrl":"https:\/\/seiu775.org\/wp-content\/uploads\/2020\/07\/logo.png","width":126,"height":126,"caption":"SEIU775"},"image":{"@id":"https:\/\/seiu775.org\/#\/schema\/logo\/image\/"},"sameAs":["https:\/\/www.facebook.com\/seiu775","https:\/\/x.com\/seiu775","https:\/\/www.youtube.com\/channel\/UCRnCbqnYM3ZaGYHUZQiG3Ug","https:\/\/www.instagram.com\/seiu775\/","https:\/\/www.linkedin.com\/company\/seiu-775nw\/"]},{"@type":"Person","@id":"https:\/\/seiu775.org\/#\/schema\/person\/b68bb44ebcb6d100d9590a377b54fab4","name":"Rachel Jakovac","image":{"@type":"ImageObject","inLanguage":"es","@id":"https:\/\/secure.gravatar.com\/avatar\/b9888826ab82112ec13ff6e354563a1cad072dc43a2d13ce52113247b75ee9d6?s=96&d=mm&r=g","url":"https:\/\/secure.gravatar.com\/avatar\/b9888826ab82112ec13ff6e354563a1cad072dc43a2d13ce52113247b75ee9d6?s=96&d=mm&r=g","contentUrl":"https:\/\/secure.gravatar.com\/avatar\/b9888826ab82112ec13ff6e354563a1cad072dc43a2d13ce52113247b75ee9d6?s=96&d=mm&r=g","caption":"Rachel Jakovac"}}]}},"publishpress_future_action":{"enabled":false,"date":"2026-09-10 11:48:53","action":"change-status","newStatus":"draft","terms":[],"taxonomy":"category","extraData":[]},"publishpress_future_workflow_manual_trigger":{"enabledWorkflows":[]},"_links":{"self":[{"href":"https:\/\/seiu775.org\/es\/wp-json\/wp\/v2\/posts\/31063","targetHints":{"allow":["GET"]}}],"collection":[{"href":"https:\/\/seiu775.org\/es\/wp-json\/wp\/v2\/posts"}],"about":[{"href":"https:\/\/seiu775.org\/es\/wp-json\/wp\/v2\/types\/post"}],"author":[{"embeddable":true,"href":"https:\/\/seiu775.org\/es\/wp-json\/wp\/v2\/users\/5669"}],"replies":[{"embeddable":true,"href":"https:\/\/seiu775.org\/es\/wp-json\/wp\/v2\/comments?post=31063"}],"version-history":[{"count":0,"href":"https:\/\/seiu775.org\/es\/wp-json\/wp\/v2\/posts\/31063\/revisions"}],"wp:attachment":[{"href":"https:\/\/seiu775.org\/es\/wp-json\/wp\/v2\/media?parent=31063"}],"wp:term":[{"taxonomy":"category","embeddable":true,"href":"https:\/\/seiu775.org\/es\/wp-json\/wp\/v2\/categories?post=31063"},{"taxonomy":"post_tag","embeddable":true,"href":"https:\/\/seiu775.org\/es\/wp-json\/wp\/v2\/tags?post=31063"}],"curies":[{"name":"wp","href":"https:\/\/api.w.org\/{rel}","templated":true}]}},{"id":31055,"date":"2026-08-04T10:07:23","date_gmt":"2026-08-04T17:07:23","guid":{"rendered":"https:\/\/seiu775.org\/?p=31055"},"modified":"2026-08-04T10:07:25","modified_gmt":"2026-08-04T17:07:25","slug":"press-release-rep-pramila-jayapal-holds-roundtable-in-seattle-on-trumps-cuts-to-long-term-care-for-immigrants","status":"publish","type":"post","link":"https:\/\/seiu775.org\/es\/press-release-rep-pramila-jayapal-holds-roundtable-in-seattle-on-trumps-cuts-to-long-term-care-for-immigrants\/","title":{"rendered":"Press Release: Rep. Pramila Jayapal Holds Roundtable in Seattle on Trump\u2019s Cuts to Long-Term Care for Immigrants"},"content":{"rendered":"\n<p class=\"has-text-align-center wp-block-paragraph\"><em>No Cuts to Healthcare Coalition Outlines Devastating Cuts to Immigrant Healthcare Coming Oct 1 due to Trump\u2019s HR 1<\/em><\/p>\n\n\n\n<p class=\"has-text-align-center wp-block-paragraph\"><em>SEIU 775: We urge Gov and Legislature to \u201cauthorize emergency spending to stop this catastrophe before it happens\u201d<\/em><\/p>\n\n\n\n<p class=\"wp-block-paragraph\"><strong>SEATTLE, WA<\/strong>\u2014 Yesterday, the No Cuts to Healthcare coalition held a roundtable with Congresswoman Pramila Jayapal on the impending cuts to immigrant healthcare due to implementation of Trump and the Republican Congress\u2019 HR 1.<\/p>\n\n\n\n<p class=\"wp-block-paragraph\">Hosted by SEIU 775 at their offices in Seattle, Rep. Jayapal was joined by State Senator Manka Dhingra, Secretary of Washington Department of Social and Health Services Angela Ramirez, and impacted individuals and organizations including Washington State Hospital Association and Neighborhood House, immigrant caregivers and clients.<\/p>\n\n\n\n<figure class=\"wp-block-image size-large\"><img loading=\"lazy\" decoding=\"async\" width=\"1024\" height=\"768\" src=\"https:\/\/seiu775.org\/wp-content\/uploads\/2026\/08\/image-1024x768.jpeg\" alt=\"\" class=\"wp-image-31056\" srcset=\"https:\/\/seiu775.org\/wp-content\/uploads\/2026\/08\/image-1024x768.jpeg 1024w, https:\/\/seiu775.org\/wp-content\/uploads\/2026\/08\/image-300x225.jpeg 300w, https:\/\/seiu775.org\/wp-content\/uploads\/2026\/08\/image-768x576.jpeg 768w, https:\/\/seiu775.org\/wp-content\/uploads\/2026\/08\/image.jpeg 1296w\" sizes=\"auto, (max-width: 1024px) 100vw, 1024px\" \/><\/figure>\n\n\n\n<p class=\"wp-block-paragraph\"><em>Photo Credit: Andrew Villeneuve<\/em><\/p>\n\n\n\n<p class=\"wp-block-paragraph\">On October 1, 1,300 older people and people with disabilities in Washington will lose their long-term care services \u2013 and 15,000 Washington immigrants total are expected to lose their healthcare. This is part of the implementation of HR 1, Trump\u2019s budget bill signed into law last year, called the \u201cBig Bad Betrayal Bill\u201d by Rep. Jayapal.<\/p>\n\n\n\n<p class=\"wp-block-paragraph\">The No Cuts to Healthcare coalition is made up of a wide range of advocacy groups working to stop the cuts to immigrant healthcare, including: WA School-Based Health Alliance, Pro-Choice Washington, Northwest Health Law Advocates, OneAmerica, Washington State LTC Ombudsman Program, Economic Opportunity Institute, Firelands Workers United \/ Trabajadores Unidos, Chinese Information and Service Center, Asian Counseling and Referral Service, CISC, Project Access Northwest, Neighborhood House, WPSR, Washington State Budget and Policy Center, and SEIU 775.<\/p>\n\n\n\n<p class=\"wp-block-paragraph\"><strong>Statements from roundtable panelists:<\/strong><\/p>\n\n\n\n<p class=\"wp-block-paragraph\"><strong>Rep. Pramila Jayapal<\/strong>: \u201cThank you to SEIU 775 and the impacted caregivers, community, and family members who spoke truth to power at yesterday&#8217;s event. When Trump and Republicans passed their Big Bad Betrayal, they stripped healthcare from millions of people in this country \u2013 and also specifically targeted immigrant communities. The No Cuts to Healthcare Coalition is bringing voices together from across our community to show just how devastating this will be in Seattle and nationwide. I am grateful to have state and local partners who are fighting to protect the most vulnerable in our communities \u2013 and in Congress, I will be standing strong to demand a reversal to these cuts that are devastating families. We have the money to take care of all people, as evidenced by the billions of dollars Republicans are greenlighting for Trump\u2019s war of choice in Iran. It is time we actually invest at home to save lives.\u201d<\/p>\n\n\n\n<p class=\"wp-block-paragraph\"><strong>Sterling Harders, President of SEIU 775<\/strong>: \u201cWhile Trump and Congressional Republicans are to blame for cutting Medicaid and attacking immigrants every way they can, Governor Ferguson and the legislature are working to protect vulnerable residents. They appropriated about twenty million dollars of state funds to cover the cost of people losing care, and they have worked closely with advocates and clients to get more people eligible for Medicaid. And of course they passed the Millionaires Tax to help fund these services in the future. Unfortunately, the federal government is implementing the cuts quicker and in a more draconian fashion than expected, and so the funds appropriated won\u2019t go far enough to protect everyone from these cuts. While we appreciate what has been done thus far, we are asking the Governor and legislature to step up again and do everything possible to avoid the crisis of 1300 vulnerable seniors and people with disabilities losing care. We urge them to authorize emergency spending to stop this catastrophe before it happens and allow the legislature more time to find a long-term solution.\u201d<\/p>\n\n\n\n<p class=\"wp-block-paragraph\"><strong>State Senator Manka Dhingra: <\/strong>\u201cOur intent as compassionate lawmakers was to pass a budget that prevented everyone at risk of losing their long-term care from this horrific situation. Not only is it the right thing to do, as practical lawmakers we know that protecting care is the fiscally responsible thing to do. I can\u2019t speak for all legislators, but I do know that this was a priority of the Democrats in the legislature, the Members of Color Caucus and the Governor this session \u2013 we understand the real harm to people when coverage is cut.\u201d<\/p>\n\n\n\n<p class=\"wp-block-paragraph\"><strong>Liliana Chernova, caregiver<\/strong>: \u201cMy husband and I fled to Washington from Ukraine in 2022 so our family could survive. Now, our lives are still being threatened &#8211; not by bombs, but by the looming threat of lifesaving health care being ripped away from us simply because we are immigrants. We are forced to hope and pray that my mother-in-law and daughter are not left behind. We came to this country because we needed support. Washington became our home and welcomed us in. Now we\u2019re asking state lawmakers to do the same. Our state can fill in the gap left by a federal government that is hostile to people like us.\u201d<\/p>\n\n\n\n<p class=\"wp-block-paragraph\"><strong>Zosia Stanley, Senior Vice President and Deputy General Counsel, Washington State Hospital Association<\/strong>: \u201cWhen people lose health insurance, their health care needs do not disappear. Hospitals provide care regardless of a person&#8217;s ability to pay, but they cannot absorb unlimited costs from coverage losses and funding cuts. These shortfalls will force service reductions that affect access to care for all Washington patients.\u201d<\/p>\n\n\n\n<p class=\"wp-block-paragraph\"><strong>Viktoriia, Case Manager at Neighborhood House<\/strong>: \u201cI see this every day in my work, and I live it every day at home: home and community-based care is not just compassionate; it is cost-effective. It keeps people out of hospitals and out of expensive institutions. It strengthens families, and it saves public resources. We are our client&#8217;s safety and without us, what will happen?\u201d<\/p>\n\n\n\n<p class=\"has-text-align-center wp-block-paragraph\"><strong>###&nbsp;<\/strong><\/p>\n\n\n\n<p class=\"wp-block-paragraph\"><em>SEIU 775, the caregivers Union, represents more than 60,000 long-term care workers providing quality home care, nursing home care, and residential services in Washington, Montana, and Alaska. <\/em><a href=\"http:\/\/www.seiu775.org\"><em>www.seiu775.org<\/em><\/a><\/p>\n","protected":false},"excerpt":{"rendered":"<p>No Cuts to Healthcare Coalition Outlines Devastating Cuts to Immigrant Healthcare Coming Oct 1 due to Trump\u2019s HR 1 SEIU 775: We urge Gov and Legislature to \u201cauthorize emergency spending to stop this catastrophe before it happens\u201d SEATTLE, WA\u2014 Yesterday, the No Cuts to Healthcare coalition held a roundtable with Congresswoman Pramila Jayapal on the [&hellip;]<\/p>\n","protected":false},"author":4686,"featured_media":0,"comment_status":"closed","ping_status":"closed","sticky":false,"template":"","format":"standard","meta":{"_acf_changed":false,"inline_featured_image":false,"footnotes":"","_members_access_role":[],"_members_access_error":""},"categories":[4],"tags":[],"class_list":["post-31055","post","type-post","status-publish","format-standard","hentry","category-news"],"acf":[],"yoast_head":"<!-- This site is optimized with the Yoast SEO plugin v28.0 - https:\/\/yoast.com\/product\/yoast-seo-wordpress\/ -->\n<title>Press Release: Rep. Pramila Jayapal Holds Roundtable in Seattle on Trump\u2019s Cuts to Long-Term Care for Immigrants - SEIU 775<\/title>\n<meta name=\"robots\" content=\"index, follow, max-snippet:-1, max-image-preview:large, max-video-preview:-1\" \/>\n<link rel=\"canonical\" href=\"https:\/\/seiu775.org\/press-release-rep-pramila-jayapal-holds-roundtable-in-seattle-on-trumps-cuts-to-long-term-care-for-immigrants\/\" \/>\n<meta property=\"og:locale\" content=\"es_ES\" \/>\n<meta property=\"og:type\" content=\"article\" \/>\n<meta property=\"og:title\" content=\"Press Release: Rep. Pramila Jayapal Holds Roundtable in Seattle on Trump\u2019s Cuts to Long-Term Care for Immigrants - SEIU 775\" \/>\n<meta property=\"og:description\" content=\"No Cuts to Healthcare Coalition Outlines Devastating Cuts to Immigrant Healthcare Coming Oct 1 due to Trump\u2019s HR 1 SEIU 775: We urge Gov and Legislature to \u201cauthorize emergency spending to stop this catastrophe before it happens\u201d SEATTLE, WA\u2014 Yesterday, the No Cuts to Healthcare coalition held a roundtable with Congresswoman Pramila Jayapal on the [&hellip;]\" \/>\n<meta property=\"og:url\" content=\"https:\/\/seiu775.org\/press-release-rep-pramila-jayapal-holds-roundtable-in-seattle-on-trumps-cuts-to-long-term-care-for-immigrants\/\" \/>\n<meta property=\"og:site_name\" content=\"SEIU 775\" \/>\n<meta property=\"article:publisher\" content=\"https:\/\/www.facebook.com\/seiu775\" \/>\n<meta property=\"article:published_time\" content=\"2026-08-04T17:07:23+00:00\" \/>\n<meta property=\"article:modified_time\" content=\"2026-08-04T17:07:25+00:00\" \/>\n<meta property=\"og:image\" content=\"https:\/\/seiu775.org\/wp-content\/uploads\/2026\/08\/image.jpeg\" \/>\n\t<meta property=\"og:image:width\" content=\"1296\" \/>\n\t<meta property=\"og:image:height\" content=\"972\" \/>\n\t<meta property=\"og:image:type\" content=\"image\/jpeg\" \/>\n<meta name=\"author\" content=\"Allison\" \/>\n<meta name=\"twitter:card\" content=\"summary_large_image\" \/>\n<meta name=\"twitter:creator\" content=\"@seiu775\" \/>\n<meta name=\"twitter:site\" content=\"@seiu775\" \/>\n<meta name=\"twitter:label1\" content=\"Escrito por\" \/>\n\t<meta name=\"twitter:data1\" content=\"Allison\" \/>\n\t<meta name=\"twitter:label2\" content=\"Tiempo de lectura\" \/>\n\t<meta name=\"twitter:data2\" content=\"5 minutos\" \/>\n<script type=\"application\/ld+json\" class=\"yoast-schema-graph\">{\"@context\":\"https:\\\/\\\/schema.org\",\"@graph\":[{\"@type\":\"Article\",\"@id\":\"https:\\\/\\\/seiu775.org\\\/press-release-rep-pramila-jayapal-holds-roundtable-in-seattle-on-trumps-cuts-to-long-term-care-for-immigrants\\\/#article\",\"isPartOf\":{\"@id\":\"https:\\\/\\\/seiu775.org\\\/press-release-rep-pramila-jayapal-holds-roundtable-in-seattle-on-trumps-cuts-to-long-term-care-for-immigrants\\\/\"},\"author\":{\"name\":\"Allison\",\"@id\":\"https:\\\/\\\/seiu775.org\\\/#\\\/schema\\\/person\\\/fd24e45e6ea6576d6b6595a62f5e94db\"},\"headline\":\"Press Release: Rep. Pramila Jayapal Holds Roundtable in Seattle on Trump\u2019s Cuts to Long-Term Care for Immigrants\",\"datePublished\":\"2026-08-04T17:07:23+00:00\",\"dateModified\":\"2026-08-04T17:07:25+00:00\",\"mainEntityOfPage\":{\"@id\":\"https:\\\/\\\/seiu775.org\\\/press-release-rep-pramila-jayapal-holds-roundtable-in-seattle-on-trumps-cuts-to-long-term-care-for-immigrants\\\/\"},\"wordCount\":957,\"publisher\":{\"@id\":\"https:\\\/\\\/seiu775.org\\\/#organization\"},\"image\":{\"@id\":\"https:\\\/\\\/seiu775.org\\\/press-release-rep-pramila-jayapal-holds-roundtable-in-seattle-on-trumps-cuts-to-long-term-care-for-immigrants\\\/#primaryimage\"},\"thumbnailUrl\":\"https:\\\/\\\/seiu775.org\\\/wp-content\\\/uploads\\\/2026\\\/08\\\/image-1024x768.jpeg\",\"articleSection\":[\"News\"],\"inLanguage\":\"es\"},{\"@type\":\"WebPage\",\"@id\":\"https:\\\/\\\/seiu775.org\\\/press-release-rep-pramila-jayapal-holds-roundtable-in-seattle-on-trumps-cuts-to-long-term-care-for-immigrants\\\/\",\"url\":\"https:\\\/\\\/seiu775.org\\\/press-release-rep-pramila-jayapal-holds-roundtable-in-seattle-on-trumps-cuts-to-long-term-care-for-immigrants\\\/\",\"name\":\"Press Release: Rep. Pramila Jayapal Holds Roundtable in Seattle on Trump\u2019s Cuts to Long-Term Care for Immigrants - SEIU 775\",\"isPartOf\":{\"@id\":\"https:\\\/\\\/seiu775.org\\\/#website\"},\"primaryImageOfPage\":{\"@id\":\"https:\\\/\\\/seiu775.org\\\/press-release-rep-pramila-jayapal-holds-roundtable-in-seattle-on-trumps-cuts-to-long-term-care-for-immigrants\\\/#primaryimage\"},\"image\":{\"@id\":\"https:\\\/\\\/seiu775.org\\\/press-release-rep-pramila-jayapal-holds-roundtable-in-seattle-on-trumps-cuts-to-long-term-care-for-immigrants\\\/#primaryimage\"},\"thumbnailUrl\":\"https:\\\/\\\/seiu775.org\\\/wp-content\\\/uploads\\\/2026\\\/08\\\/image-1024x768.jpeg\",\"datePublished\":\"2026-08-04T17:07:23+00:00\",\"dateModified\":\"2026-08-04T17:07:25+00:00\",\"breadcrumb\":{\"@id\":\"https:\\\/\\\/seiu775.org\\\/press-release-rep-pramila-jayapal-holds-roundtable-in-seattle-on-trumps-cuts-to-long-term-care-for-immigrants\\\/#breadcrumb\"},\"inLanguage\":\"es\",\"potentialAction\":[{\"@type\":\"ReadAction\",\"target\":[\"https:\\\/\\\/seiu775.org\\\/press-release-rep-pramila-jayapal-holds-roundtable-in-seattle-on-trumps-cuts-to-long-term-care-for-immigrants\\\/\"]}]},{\"@type\":\"ImageObject\",\"inLanguage\":\"es\",\"@id\":\"https:\\\/\\\/seiu775.org\\\/press-release-rep-pramila-jayapal-holds-roundtable-in-seattle-on-trumps-cuts-to-long-term-care-for-immigrants\\\/#primaryimage\",\"url\":\"https:\\\/\\\/seiu775.org\\\/wp-content\\\/uploads\\\/2026\\\/08\\\/image-1024x768.jpeg\",\"contentUrl\":\"https:\\\/\\\/seiu775.org\\\/wp-content\\\/uploads\\\/2026\\\/08\\\/image-1024x768.jpeg\"},{\"@type\":\"BreadcrumbList\",\"@id\":\"https:\\\/\\\/seiu775.org\\\/press-release-rep-pramila-jayapal-holds-roundtable-in-seattle-on-trumps-cuts-to-long-term-care-for-immigrants\\\/#breadcrumb\",\"itemListElement\":[{\"@type\":\"ListItem\",\"position\":1,\"name\":\"Home\",\"item\":\"https:\\\/\\\/seiu775.org\\\/es\\\/\"},{\"@type\":\"ListItem\",\"position\":2,\"name\":\"Press Release: Rep. Pramila Jayapal Holds Roundtable in Seattle on Trump\u2019s Cuts to Long-Term Care for Immigrants\"}]},{\"@type\":\"WebSite\",\"@id\":\"https:\\\/\\\/seiu775.org\\\/#website\",\"url\":\"https:\\\/\\\/seiu775.org\\\/\",\"name\":\"SEIU775\",\"description\":\"We&#039;re Stronger Together\",\"publisher\":{\"@id\":\"https:\\\/\\\/seiu775.org\\\/#organization\"},\"potentialAction\":[{\"@type\":\"SearchAction\",\"target\":{\"@type\":\"EntryPoint\",\"urlTemplate\":\"https:\\\/\\\/seiu775.org\\\/?s={search_term_string}\"},\"query-input\":{\"@type\":\"PropertyValueSpecification\",\"valueRequired\":true,\"valueName\":\"search_term_string\"}}],\"inLanguage\":\"es\"},{\"@type\":\"Organization\",\"@id\":\"https:\\\/\\\/seiu775.org\\\/#organization\",\"name\":\"SEIU775\",\"url\":\"https:\\\/\\\/seiu775.org\\\/\",\"logo\":{\"@type\":\"ImageObject\",\"inLanguage\":\"es\",\"@id\":\"https:\\\/\\\/seiu775.org\\\/#\\\/schema\\\/logo\\\/image\\\/\",\"url\":\"https:\\\/\\\/seiu775.org\\\/wp-content\\\/uploads\\\/2020\\\/07\\\/logo.png\",\"contentUrl\":\"https:\\\/\\\/seiu775.org\\\/wp-content\\\/uploads\\\/2020\\\/07\\\/logo.png\",\"width\":126,\"height\":126,\"caption\":\"SEIU775\"},\"image\":{\"@id\":\"https:\\\/\\\/seiu775.org\\\/#\\\/schema\\\/logo\\\/image\\\/\"},\"sameAs\":[\"https:\\\/\\\/www.facebook.com\\\/seiu775\",\"https:\\\/\\\/x.com\\\/seiu775\",\"https:\\\/\\\/www.youtube.com\\\/channel\\\/UCRnCbqnYM3ZaGYHUZQiG3Ug\",\"https:\\\/\\\/www.instagram.com\\\/seiu775\\\/\",\"https:\\\/\\\/www.linkedin.com\\\/company\\\/seiu-775nw\\\/\"]},{\"@type\":\"Person\",\"@id\":\"https:\\\/\\\/seiu775.org\\\/#\\\/schema\\\/person\\\/fd24e45e6ea6576d6b6595a62f5e94db\",\"name\":\"Allison\",\"image\":{\"@type\":\"ImageObject\",\"inLanguage\":\"es\",\"@id\":\"https:\\\/\\\/secure.gravatar.com\\\/avatar\\\/92ae5bf935a669369407f4aeccb4f4dc5d8143d3210154f2a800c7640d32c5b4?s=96&d=mm&r=g\",\"url\":\"https:\\\/\\\/secure.gravatar.com\\\/avatar\\\/92ae5bf935a669369407f4aeccb4f4dc5d8143d3210154f2a800c7640d32c5b4?s=96&d=mm&r=g\",\"contentUrl\":\"https:\\\/\\\/secure.gravatar.com\\\/avatar\\\/92ae5bf935a669369407f4aeccb4f4dc5d8143d3210154f2a800c7640d32c5b4?s=96&d=mm&r=g\",\"caption\":\"Allison\"}}]}<\/script>\n<!-- \/ Yoast SEO plugin. -->","yoast_head_json":{"title":"Press Release: Rep. Pramila Jayapal Holds Roundtable in Seattle on Trump\u2019s Cuts to Long-Term Care for Immigrants - SEIU 775","robots":{"index":"index","follow":"follow","max-snippet":"max-snippet:-1","max-image-preview":"max-image-preview:large","max-video-preview":"max-video-preview:-1"},"canonical":"https:\/\/seiu775.org\/press-release-rep-pramila-jayapal-holds-roundtable-in-seattle-on-trumps-cuts-to-long-term-care-for-immigrants\/","og_locale":"es_ES","og_type":"article","og_title":"Press Release: Rep. Pramila Jayapal Holds Roundtable in Seattle on Trump\u2019s Cuts to Long-Term Care for Immigrants - SEIU 775","og_description":"No Cuts to Healthcare Coalition Outlines Devastating Cuts to Immigrant Healthcare Coming Oct 1 due to Trump\u2019s HR 1 SEIU 775: We urge Gov and Legislature to \u201cauthorize emergency spending to stop this catastrophe before it happens\u201d SEATTLE, WA\u2014 Yesterday, the No Cuts to Healthcare coalition held a roundtable with Congresswoman Pramila Jayapal on the [&hellip;]","og_url":"https:\/\/seiu775.org\/press-release-rep-pramila-jayapal-holds-roundtable-in-seattle-on-trumps-cuts-to-long-term-care-for-immigrants\/","og_site_name":"SEIU 775","article_publisher":"https:\/\/www.facebook.com\/seiu775","article_published_time":"2026-08-04T17:07:23+00:00","article_modified_time":"2026-08-04T17:07:25+00:00","og_image":[{"width":1296,"height":972,"url":"https:\/\/seiu775.org\/wp-content\/uploads\/2026\/08\/image.jpeg","type":"image\/jpeg"}],"author":"Allison","twitter_card":"summary_large_image","twitter_creator":"@seiu775","twitter_site":"@seiu775","twitter_misc":{"Escrito por":"Allison","Tiempo de lectura":"5 minutos"},"schema":{"@context":"https:\/\/schema.org","@graph":[{"@type":"Article","@id":"https:\/\/seiu775.org\/press-release-rep-pramila-jayapal-holds-roundtable-in-seattle-on-trumps-cuts-to-long-term-care-for-immigrants\/#article","isPartOf":{"@id":"https:\/\/seiu775.org\/press-release-rep-pramila-jayapal-holds-roundtable-in-seattle-on-trumps-cuts-to-long-term-care-for-immigrants\/"},"author":{"name":"Allison","@id":"https:\/\/seiu775.org\/#\/schema\/person\/fd24e45e6ea6576d6b6595a62f5e94db"},"headline":"Press Release: Rep. Pramila Jayapal Holds Roundtable in Seattle on Trump\u2019s Cuts to Long-Term Care for Immigrants","datePublished":"2026-08-04T17:07:23+00:00","dateModified":"2026-08-04T17:07:25+00:00","mainEntityOfPage":{"@id":"https:\/\/seiu775.org\/press-release-rep-pramila-jayapal-holds-roundtable-in-seattle-on-trumps-cuts-to-long-term-care-for-immigrants\/"},"wordCount":957,"publisher":{"@id":"https:\/\/seiu775.org\/#organization"},"image":{"@id":"https:\/\/seiu775.org\/press-release-rep-pramila-jayapal-holds-roundtable-in-seattle-on-trumps-cuts-to-long-term-care-for-immigrants\/#primaryimage"},"thumbnailUrl":"https:\/\/seiu775.org\/wp-content\/uploads\/2026\/08\/image-1024x768.jpeg","articleSection":["News"],"inLanguage":"es"},{"@type":"WebPage","@id":"https:\/\/seiu775.org\/press-release-rep-pramila-jayapal-holds-roundtable-in-seattle-on-trumps-cuts-to-long-term-care-for-immigrants\/","url":"https:\/\/seiu775.org\/press-release-rep-pramila-jayapal-holds-roundtable-in-seattle-on-trumps-cuts-to-long-term-care-for-immigrants\/","name":"Press Release: Rep. Pramila Jayapal Holds Roundtable in Seattle on Trump\u2019s Cuts to Long-Term Care for Immigrants - SEIU 775","isPartOf":{"@id":"https:\/\/seiu775.org\/#website"},"primaryImageOfPage":{"@id":"https:\/\/seiu775.org\/press-release-rep-pramila-jayapal-holds-roundtable-in-seattle-on-trumps-cuts-to-long-term-care-for-immigrants\/#primaryimage"},"image":{"@id":"https:\/\/seiu775.org\/press-release-rep-pramila-jayapal-holds-roundtable-in-seattle-on-trumps-cuts-to-long-term-care-for-immigrants\/#primaryimage"},"thumbnailUrl":"https:\/\/seiu775.org\/wp-content\/uploads\/2026\/08\/image-1024x768.jpeg","datePublished":"2026-08-04T17:07:23+00:00","dateModified":"2026-08-04T17:07:25+00:00","breadcrumb":{"@id":"https:\/\/seiu775.org\/press-release-rep-pramila-jayapal-holds-roundtable-in-seattle-on-trumps-cuts-to-long-term-care-for-immigrants\/#breadcrumb"},"inLanguage":"es","potentialAction":[{"@type":"ReadAction","target":["https:\/\/seiu775.org\/press-release-rep-pramila-jayapal-holds-roundtable-in-seattle-on-trumps-cuts-to-long-term-care-for-immigrants\/"]}]},{"@type":"ImageObject","inLanguage":"es","@id":"https:\/\/seiu775.org\/press-release-rep-pramila-jayapal-holds-roundtable-in-seattle-on-trumps-cuts-to-long-term-care-for-immigrants\/#primaryimage","url":"https:\/\/seiu775.org\/wp-content\/uploads\/2026\/08\/image-1024x768.jpeg","contentUrl":"https:\/\/seiu775.org\/wp-content\/uploads\/2026\/08\/image-1024x768.jpeg"},{"@type":"BreadcrumbList","@id":"https:\/\/seiu775.org\/press-release-rep-pramila-jayapal-holds-roundtable-in-seattle-on-trumps-cuts-to-long-term-care-for-immigrants\/#breadcrumb","itemListElement":[{"@type":"ListItem","position":1,"name":"Home","item":"https:\/\/seiu775.org\/es\/"},{"@type":"ListItem","position":2,"name":"Press Release: Rep. Pramila Jayapal Holds Roundtable in Seattle on Trump\u2019s Cuts to Long-Term Care for Immigrants"}]},{"@type":"WebSite","@id":"https:\/\/seiu775.org\/#website","url":"https:\/\/seiu775.org\/","name":"SEIU775","description":"We&#039;re Stronger Together","publisher":{"@id":"https:\/\/seiu775.org\/#organization"},"potentialAction":[{"@type":"SearchAction","target":{"@type":"EntryPoint","urlTemplate":"https:\/\/seiu775.org\/?s={search_term_string}"},"query-input":{"@type":"PropertyValueSpecification","valueRequired":true,"valueName":"search_term_string"}}],"inLanguage":"es"},{"@type":"Organization","@id":"https:\/\/seiu775.org\/#organization","name":"SEIU775","url":"https:\/\/seiu775.org\/","logo":{"@type":"ImageObject","inLanguage":"es","@id":"https:\/\/seiu775.org\/#\/schema\/logo\/image\/","url":"https:\/\/seiu775.org\/wp-content\/uploads\/2020\/07\/logo.png","contentUrl":"https:\/\/seiu775.org\/wp-content\/uploads\/2020\/07\/logo.png","width":126,"height":126,"caption":"SEIU775"},"image":{"@id":"https:\/\/seiu775.org\/#\/schema\/logo\/image\/"},"sameAs":["https:\/\/www.facebook.com\/seiu775","https:\/\/x.com\/seiu775","https:\/\/www.youtube.com\/channel\/UCRnCbqnYM3ZaGYHUZQiG3Ug","https:\/\/www.instagram.com\/seiu775\/","https:\/\/www.linkedin.com\/company\/seiu-775nw\/"]},{"@type":"Person","@id":"https:\/\/seiu775.org\/#\/schema\/person\/fd24e45e6ea6576d6b6595a62f5e94db","name":"Allison","image":{"@type":"ImageObject","inLanguage":"es","@id":"https:\/\/secure.gravatar.com\/avatar\/92ae5bf935a669369407f4aeccb4f4dc5d8143d3210154f2a800c7640d32c5b4?s=96&d=mm&r=g","url":"https:\/\/secure.gravatar.com\/avatar\/92ae5bf935a669369407f4aeccb4f4dc5d8143d3210154f2a800c7640d32c5b4?s=96&d=mm&r=g","contentUrl":"https:\/\/secure.gravatar.com\/avatar\/92ae5bf935a669369407f4aeccb4f4dc5d8143d3210154f2a800c7640d32c5b4?s=96&d=mm&r=g","caption":"Allison"}}]}},"publishpress_future_action":{"enabled":false,"date":"2026-09-10 11:48:53","action":"change-status","newStatus":"draft","terms":[],"taxonomy":"category","extraData":[]},"publishpress_future_workflow_manual_trigger":{"enabledWorkflows":[]},"_links":{"self":[{"href":"https:\/\/seiu775.org\/es\/wp-json\/wp\/v2\/posts\/31055","targetHints":{"allow":["GET"]}}],"collection":[{"href":"https:\/\/seiu775.org\/es\/wp-json\/wp\/v2\/posts"}],"about":[{"href":"https:\/\/seiu775.org\/es\/wp-json\/wp\/v2\/types\/post"}],"author":[{"embeddable":true,"href":"https:\/\/seiu775.org\/es\/wp-json\/wp\/v2\/users\/4686"}],"replies":[{"embeddable":true,"href":"https:\/\/seiu775.org\/es\/wp-json\/wp\/v2\/comments?post=31055"}],"version-history":[{"count":0,"href":"https:\/\/seiu775.org\/es\/wp-json\/wp\/v2\/posts\/31055\/revisions"}],"wp:attachment":[{"href":"https:\/\/seiu775.org\/es\/wp-json\/wp\/v2\/media?parent=31055"}],"wp:term":[{"taxonomy":"category","embeddable":true,"href":"https:\/\/seiu775.org\/es\/wp-json\/wp\/v2\/categories?post=31055"},{"taxonomy":"post_tag","embeddable":true,"href":"https:\/\/seiu775.org\/es\/wp-json\/wp\/v2\/tags?post=31055"}],"curies":[{"name":"wp","href":"https:\/\/api.w.org\/{rel}","templated":true}]}},{"id":31040,"date":"2026-07-29T11:30:20","date_gmt":"2026-07-29T18:30:20","guid":{"rendered":"https:\/\/seiu775.org\/?p=31040"},"modified":"2026-07-29T11:30:22","modified_gmt":"2026-07-29T18:30:22","slug":"july2026newsletter-vi","status":"publish","type":"post","link":"https:\/\/seiu775.org\/july2026newsletter-vi\/","title":{"rendered":"C\u00f9ng Nhau L\u1edbn M\u1ea1nh:\u00a0B\u1ea3n Tin Th\u00e1ng\u00a07\u00a0C\u1ee7a SEIU 775\u00a0"},"content":{"rendered":"\n<div class=\"wp-block-columns is-layout-flex wp-container-core-columns-is-layout-8f761849 wp-block-columns-is-layout-flex\"><\/div>\n\n\n\n<div class=\"wp-block-columns alignwide are-vertically-aligned-center is-layout-flex wp-container-core-columns-is-layout-8f761849 wp-block-columns-is-layout-flex\">\n<div class=\"wp-block-column is-vertically-aligned-center is-layout-flow wp-block-column-is-layout-flow\" style=\"flex-basis:100%\">\n<figure class=\"wp-block-gallery has-nested-images columns-default is-cropped wp-block-gallery-1 is-layout-flex wp-block-gallery-is-layout-flex\">\n<figure class=\"wp-block-image size-large\"><img loading=\"lazy\" decoding=\"async\" width=\"1024\" height=\"684\" data-id=\"30592\" src=\"https:\/\/seiu775.org\/wp-content\/uploads\/2026\/05\/2026-03-30-M-Tax-Bill-Signing-19-1-1024x684.jpg\" alt=\"\" class=\"wp-image-30592\" srcset=\"https:\/\/seiu775.org\/wp-content\/uploads\/2026\/05\/2026-03-30-M-Tax-Bill-Signing-19-1-1024x684.jpg 1024w, https:\/\/seiu775.org\/wp-content\/uploads\/2026\/05\/2026-03-30-M-Tax-Bill-Signing-19-1-300x200.jpg 300w, https:\/\/seiu775.org\/wp-content\/uploads\/2026\/05\/2026-03-30-M-Tax-Bill-Signing-19-1-768x513.jpg 768w, https:\/\/seiu775.org\/wp-content\/uploads\/2026\/05\/2026-03-30-M-Tax-Bill-Signing-19-1-1536x1027.jpg 1536w, https:\/\/seiu775.org\/wp-content\/uploads\/2026\/05\/2026-03-30-M-Tax-Bill-Signing-19-1.jpg 1616w\" sizes=\"auto, (max-width: 1024px) 100vw, 1024px\" \/><\/figure>\n\n\n\n<figure class=\"wp-block-image size-large\"><img loading=\"lazy\" decoding=\"async\" width=\"1024\" height=\"684\" data-id=\"30598\" src=\"https:\/\/seiu775.org\/wp-content\/uploads\/2026\/05\/2026-03-30-M-Tax-Bill-Signing-10-2-1024x684.jpg\" alt=\"\" class=\"wp-image-30598\" srcset=\"https:\/\/seiu775.org\/wp-content\/uploads\/2026\/05\/2026-03-30-M-Tax-Bill-Signing-10-2-1024x684.jpg 1024w, https:\/\/seiu775.org\/wp-content\/uploads\/2026\/05\/2026-03-30-M-Tax-Bill-Signing-10-2-300x200.jpg 300w, https:\/\/seiu775.org\/wp-content\/uploads\/2026\/05\/2026-03-30-M-Tax-Bill-Signing-10-2-768x513.jpg 768w, https:\/\/seiu775.org\/wp-content\/uploads\/2026\/05\/2026-03-30-M-Tax-Bill-Signing-10-2-1536x1027.jpg 1536w, https:\/\/seiu775.org\/wp-content\/uploads\/2026\/05\/2026-03-30-M-Tax-Bill-Signing-10-2.jpg 1616w\" sizes=\"auto, (max-width: 1024px) 100vw, 1024px\" \/><\/figure>\n\n\n\n<figure class=\"wp-block-image size-large\"><img loading=\"lazy\" decoding=\"async\" width=\"1024\" height=\"684\" data-id=\"30604\" src=\"https:\/\/seiu775.org\/wp-content\/uploads\/2026\/05\/2026-03-30-M-Tax-Bill-Signing-24-1-1024x684.jpg\" alt=\"\" class=\"wp-image-30604\" srcset=\"https:\/\/seiu775.org\/wp-content\/uploads\/2026\/05\/2026-03-30-M-Tax-Bill-Signing-24-1-1024x684.jpg 1024w, https:\/\/seiu775.org\/wp-content\/uploads\/2026\/05\/2026-03-30-M-Tax-Bill-Signing-24-1-300x200.jpg 300w, https:\/\/seiu775.org\/wp-content\/uploads\/2026\/05\/2026-03-30-M-Tax-Bill-Signing-24-1-768x513.jpg 768w, https:\/\/seiu775.org\/wp-content\/uploads\/2026\/05\/2026-03-30-M-Tax-Bill-Signing-24-1-1536x1027.jpg 1536w, https:\/\/seiu775.org\/wp-content\/uploads\/2026\/05\/2026-03-30-M-Tax-Bill-Signing-24-1.jpg 1616w\" sizes=\"auto, (max-width: 1024px) 100vw, 1024px\" \/><\/figure>\n<\/figure>\n\n\n\n<p class=\"wp-block-paragraph\"><strong>C\u00e1c ch\u0103m s\u00f3c vi\u00ean SEIU 775 th\u00e2n m\u1ebfn!\u00a0<\/strong><\/p>\n\n\n\n<p class=\"wp-block-paragraph\">Ch\u00fang ta \u0111\u00e3 c\u00f9ng \u0111\u1ea5u tranh v\u00ec s\u1ef1 c\u00f4ng b\u1eb1ng v\u1ec1 thu\u1ebf trong h\u01a1n 20 n\u0103m.&nbsp;K\u1ec3 t\u1eeb khi b\u1eaft \u0111\u1ea7u c\u00f4ng vi\u1ec7c t\u1ea1i C\u00f4ng \u0110o\u00e0n v\u00e0o n\u0103m 2002, t\u00f4i \u0111\u00e3 s\u00e1t c\u00e1nh c\u00f9ng c\u00e1c ch\u0103m s\u00f3c vi\u00ean trong v\u00f4 s\u1ed1 cu\u1ed9c bi\u1ec3u t\u00ecnh, chi\u1ebfn d\u1ecbch vi\u1ebft th\u01b0, phi\u00ean \u0111i\u1ec1u tr\u1ea7n c\u1ee7a \u1ee7y ban v\u00e0 nhi\u1ec1u ho\u1ea1t \u0111\u1ed9ng kh\u00e1c n\u1eefa.&nbsp;V\u00e0 gi\u1edd \u0111\u00e2y,&nbsp;Washington&nbsp;cu\u1ed1i c\u00f9ng c\u0169ng \u0111\u00e1nh thu\u1ebf ng\u01b0\u1eddi gi\u00e0u b\u1eb1ng vi\u1ec7c th\u00f4ng qua b\u1ed9 lu\u1eadt&nbsp;Millionaires&nbsp;Tax&nbsp;mang t\u00ednh l\u1ecbch s\u1eed.&nbsp;C\u00f3 \u0111\u01b0\u1ee3c th\u00e0nh qu\u1ea3 \u0111\u00f3 l\u00e0 nh\u1edd nh\u1eefng n\u1ed7 l\u1ef1c m\u00e0 c\u00e1c ch\u0103m s\u00f3c vi\u00ean v\u00e0 \u0111\u1ed3ng minh c\u1ee7a ch\u00fang ta \u0111\u00e3, \u0111ang v\u00e0 s\u1ebd ti\u1ebfp t\u1ee5c th\u1ef1c hi\u1ec7n.&nbsp;&nbsp;<\/p>\n\n\n\n<p class=\"wp-block-paragraph\">Washington&nbsp;\u0111\u00e3 \u00e1p d\u1ee5ng m\u1ed9t b\u1ed9 lu\u1eadt thu\u1ebf \u201cng\u01b0\u1ee3c \u0111\u1eddi\u201d, trong \u0111\u00f3 ng\u01b0\u1eddi lao \u0111\u1ed9ng ph\u1ea3i tr\u00edch ti\u1ec1n l\u01b0\u01a1ng \u0111\u1ec3 \u0111\u00f3ng thu\u1ebf nhi\u1ec1u h\u01a1n so v\u1edbi ng\u01b0\u1eddi gi\u00e0u c\u00f3. K\u1ebft qu\u1ea3 \u01b0?&nbsp;Trong khi c\u00e1c t\u1ef7 ph\u00fa v\u00e0 gi\u1edbi si\u00eau gi\u00e0u n\u00e9 tr\u00e1nh vi\u1ec7c \u0111\u00f3ng g\u00f3p ph\u1ea7n ngh\u0129a v\u1ee5 c\u1ee7a m\u00ecnh, c\u00e1c nh\u00e0 l\u1eadp ph\u00e1p n\u0103m n\u00e0o c\u0169ng \u201cra r\u1ea3\u201d m\u1ed9t \u0111i\u1ec1u r\u1eb1ng ng\u00e2n s\u00e1ch kh\u00f4ng \u0111\u1ee7 \u0111\u1ec3 chi tr\u1ea3 m\u1ee9c l\u01b0\u01a1ng \u0111\u1ee7 s\u1ed1ng cho ch\u0103m s\u00f3c vi\u00ean.&nbsp;&nbsp;<\/p>\n\n\n\n<p class=\"wp-block-paragraph\">B\u1ed9 lu\u1eadt&nbsp;Millionaires&nbsp;Tax&nbsp;ra \u0111\u1eddi nh\u1eb1m mang l\u1ea1i h\u00e0ng t\u1ef7 \u0111\u00f4 la cho c\u00e1c d\u1ecbch v\u1ee5 nh\u01b0 ch\u0103m s\u00f3c d\u00e0i h\u1ea1n, \u0111\u1ed3ng th\u1eddi ch\u1ea5m d\u1ee9t vi\u1ec7c \u0111\u00e1nh thu\u1ebf b\u00e1n h\u00e0ng \u0111\u1ed1i v\u1edbi c\u00e1c m\u1eb7t h\u00e0ng ch\u00fang ta mua h\u1eb1ng ng\u00e0y.&nbsp;T\u00f4i r\u1ea5t t\u1ef1 h\u00e0o khi n\u00f3i r\u1eb1ng c\u00e1c ch\u0103m s\u00f3c vi\u00ean \u0111\u00e3 m\u1edf \u0111\u01b0\u1eddng \u0111\u1ec3 b\u1ed9 lu\u1eadt n\u00e0y \u0111\u01b0\u1ee3c th\u00f4ng qua.&nbsp;Tuy nhi\u00ean, m\u1ecdi chuy\u1ec7n v\u1eabn ch\u01b0a ng\u00e3 ng\u0169 \u2013 gi\u1edbi si\u00eau gi\u00e0u \u0111\u00e3 v\u00e0 \u0111ang l\u00e0m m\u1ecdi c\u00e1ch c\u00f3 th\u1ec3 \u0111\u1ec3 ph\u1ea3n \u0111\u1ed1i kho\u1ea3n thu\u1ebf \u0111\u01b0\u1ee3c \u0111\u01b0a ra b\u1ecf phi\u1ebfu v\u00e0o cu\u1ed1i n\u0103m nay.&nbsp;M\u1ed9t cu\u1ed9c chi\u1ebfn cam go \u0111ang \u1edf ph\u00eda tr\u01b0\u1edbc, nh\u01b0ng ch\u00fang ta \u0111\u00e3 ch\u1ee9ng minh \u0111\u01b0\u1ee3c s\u1ee9c m\u1ea1nh t\u1eadp th\u1ec3 to l\u1edbn khi s\u00e1t c\u00e1nh b\u00ean nhau.&nbsp;H\u00e3y c\u00f9ng \u0103n m\u1eebng th\u00e0nh qu\u1ea3 ch\u00fang ta gi\u00e0nh \u0111\u01b0\u1ee3c \u2013 v\u00e0 h\u00e3y kh\u00f4ng ng\u1eebng \u0111\u1ea5u tranh.&nbsp;<\/p>\n\n\n\n<p class=\"wp-block-paragraph\">V\u00ec M\u1ed9t Tinh Th\u1ea7n \u0110o\u00e0n K\u1ebft!&nbsp;&nbsp;<\/p>\n\n\n\n<p class=\"wp-block-paragraph\">Sterling Harders, Ch\u1ee7 T\u1ecbch SEIU 775&nbsp;<\/p>\n\n\n\n<figure class=\"wp-block-image size-full is-resized\"><img loading=\"lazy\" decoding=\"async\" width=\"683\" height=\"1024\" src=\"https:\/\/seiu775.org\/wp-content\/uploads\/2026\/07\/Sterling-headshot-1.jpg\" alt=\"\" class=\"wp-image-31021\" style=\"width:166px;height:auto\" srcset=\"https:\/\/seiu775.org\/wp-content\/uploads\/2026\/07\/Sterling-headshot-1.jpg 683w, https:\/\/seiu775.org\/wp-content\/uploads\/2026\/07\/Sterling-headshot-1-200x300.jpg 200w\" sizes=\"auto, (max-width: 683px) 100vw, 683px\" \/><\/figure>\n<\/div>\n\n\n\n<div class=\"wp-block-column is-vertically-aligned-center is-layout-flow wp-block-column-is-layout-flow\"><\/div>\n\n\n\n<div class=\"wp-block-column is-vertically-aligned-center is-layout-flow wp-block-column-is-layout-flow\"><\/div>\n\n\n\n<div class=\"wp-block-column is-vertically-aligned-center is-layout-flow wp-block-column-is-layout-flow\"><\/div>\n<\/div>\n\n\n\n<div class=\"wp-block-media-text has-media-on-the-right is-stacked-on-mobile\" style=\"grid-template-columns:auto 35%\"><div class=\"wp-block-media-text__content\">\n<p class=\"wp-block-paragraph\"><strong>B\u1ea3o v\u1ec7 d\u1ecbch v\u1ee5 ch\u0103m s\u00f3c c\u1ee7a ch\u00fang ta&nbsp;<\/strong>&nbsp;<\/p>\n\n\n\n<p class=\"wp-block-paragraph\">T\u00f4i c\u00f9ng th\u00e2n ch\u1ee7 bu\u1ed9c ph\u1ea3i r\u1eddi b\u1ecf Ukraine v\u00ec chi\u1ebfn tranh.\u00a0Ch\u00fang t\u00f4i m\u1ea5t \u0111i t\u1ea5t c\u1ea3 \u2013 m\u00e1i nh\u00e0, c\u1ee7a c\u1ea3i, b\u1ea1n b\u00e8 v\u00e0 c\u1ea3 ng\u01b0\u1eddi th\u00e2n.\u00a0\u00a0\u00a0<\/p>\n\n\n\n<p class=\"wp-block-paragraph\">Th\u00e2n ch\u1ee7 c\u1ee7a t\u00f4i n\u0103m nay \u0111\u00e3 73 tu\u1ed5i, ho\u00e0n to\u00e0n ph\u1ee5 thu\u1ed9c v\u00e0o t\u00f4i trong nh\u1eefng vi\u1ec7c nh\u01b0 nh\u1eafc \u0103n u\u1ed1ng, u\u1ed1ng thu\u1ed1c \u0111\u00fang gi\u1edd v\u00e0 \u0111i kh\u00e1m b\u00e1c s\u0129.&nbsp;Kh\u00f4ng c\u00f3 s\u1ef1 ch\u0103m s\u00f3c n\u00e0y, s\u1ee9c kh\u1ecfe c\u1ee7a b\u00e0 s\u1ebd suy gi\u1ea3m r\u1ea5t nhanh.&nbsp;<strong>Do ch\u00ednh s\u00e1ch c\u1eaft gi\u1ea3m ng\u00e2n s\u00e1ch&nbsp;Medicaid&nbsp;t\u00e0n nh\u1eabn t\u1eeb ch\u00ednh ph\u1ee7 li\u00ean bang, th\u00e2n ch\u1ee7 c\u1ee7a t\u00f4i \u0111ang ph\u1ea3i \u0111\u1ed1i m\u1eb7t v\u1edbi nguy c\u01a1 m\u1ea5t \u0111i s\u1ef1 ch\u0103m s\u00f3c m\u00e0 b\u00e0 \u0111ang d\u1ef1a v\u00e0o.<\/strong>&nbsp;<\/p>\n\n\n\n<p class=\"wp-block-paragraph\">V\u00ec v\u1eady, t\u00f4i \u0111\u00e3 \u0111\u1ea5u tranh \u0111\u1ec3 b\u1ea3o v\u1ec7 ph\u00fac l\u1ee3i ch\u0103m s\u00f3c c\u1ee7a b\u00e0 \u2013 v\u00e0 c\u1ee7a t\u1ea5t c\u1ea3 m\u1ecdi ng\u01b0\u1eddi \u1edf Ti\u1ec3u Bang&nbsp;Washington&nbsp;\u2013 trong 2026&nbsp;Washington&nbsp;State&nbsp;Legislative&nbsp;Session&nbsp;(Phi\u00ean H\u1ecdp L\u1eadp Ph\u00e1p C\u1ee7a Ti\u1ec3u Bang&nbsp;Washington&nbsp;2026).&nbsp;T\u00f4i th\u1eadm ch\u00ed \u0111\u00e3 ph\u00e1t bi\u1ec3u t\u1ea1i m\u1ed9t cu\u1ed9c m\u00edt tinh c\u1ee7a SEIU 775 \u1edf&nbsp;Olympia&nbsp;\u0111\u1ec3 b\u1ea3o v\u1ec7 ph\u00fac l\u1ee3i ch\u0103m s\u00f3c c\u1ee7a ng\u01b0\u1eddi nh\u1eadp c\u01b0.&nbsp;\u0110\u00e2y l\u00e0 l\u1ea7n \u0111\u1ea7u ti\u00ean t\u00f4i tham gia m\u1ed9t cu\u1ed9c m\u00edt tinh quy m\u00f4 l\u1edbn \u0111\u1ebfn v\u1eady, v\u00e0 t\u00f4i v\u00f4 c\u00f9ng t\u1ef1 h\u00e0o khi \u0111\u01b0\u1ee3c k\u1ec1 vai s\u00e1t c\u00e1nh c\u00f9ng c\u00e1c anh ch\u1ecb em trong C\u00f4ng \u0110o\u00e0n.&nbsp;<\/p>\n\n\n\n<p class=\"wp-block-paragraph\">Nh\u1edd s\u1ee9c m\u1ea1nh \u0111o\u00e0n k\u1ebft, ch\u00fang t\u00f4i \u0111\u00e3 gi\u00e0nh \u0111\u01b0\u1ee3c ngu\u1ed3n kinh ph\u00ed \u0111\u1ec3&nbsp;ng\u0103n vi\u1ec7c c\u1eaft gi\u1ea3m d\u1ecbch v\u1ee5 ch\u0103m s\u00f3c \u0111\u1ed1i v\u1edbi nhi\u1ec1u th\u00e2n ch\u1ee7 s\u1eed d\u1ee5ng d\u1ecbch v\u1ee5 ch\u0103m s\u00f3c d\u00e0i h\u1ea1n \u1edf&nbsp;Washington. Ch\u00fang t\u00f4i c\u0169ng g\u00f3p ph\u1ea7n gi\u00fap c\u1ed9ng \u0111\u1ed3ng an to\u00e0n h\u01a1n b\u1eb1ng c\u00e1ch bu\u1ed9c c\u00e1c nh\u00e2n vi\u00ean ICE kh\u00f4ng \u0111\u01b0\u1ee3c che m\u1eb7t khi thi h\u00e0nh nhi\u1ec7m v\u1ee5, \u0111\u1ed3ng th\u1eddi \u0111\u1ea5u tranh \u0111\u1ec3 gi\u00e0nh th\u00eam c\u00e1c bi\u1ec7n ph\u00e1p b\u1ea3o v\u1ec7 ng\u01b0\u1eddi lao \u0111\u1ed9ng nh\u1eadp c\u01b0 t\u1ea1i n\u01a1i l\u00e0m vi\u1ec7c.&nbsp;&nbsp;<\/p>\n\n\n\n<p class=\"wp-block-paragraph\"><strong>Ch\u00fang t\u00f4i v\u1eabn c\u00f2n r\u1ea5t nhi\u1ec1u vi\u1ec7c ph\u1ea3i l\u00e0m. H\u01a1n m\u1ed9t ngh\u00ecn th\u00e2n ch\u1ee7 c\u1ee7a ch\u00fang t\u00f4i v\u1eabn c\u00f3 nguy c\u01a1 b\u1ecb c\u1eaft gi\u1ea3m d\u1ecbch v\u1ee5 ch\u0103m s\u00f3c t\u1eeb ng\u00e0y 1 th\u00e1ng 10. Tuy nhi\u00ean, nh\u1eefng th\u00e0nh qu\u1ea3 n\u00e0y \u0111\u00e3 ch\u1ee9ng minh r\u1eb1ng khi \u0111o\u00e0n k\u1ebft, ch\u00fang t\u00f4i m\u1ea1nh m\u1ebd h\u01a1n bao gi\u1edd h\u1ebft.<\/strong><\/p>\n\n\n\n<p class=\"wp-block-paragraph\"><strong>&#8211;\u00a0Nataliia\u00a0B., ch\u0103m s\u00f3c vi\u00ean,\u00a0Vancouver, WA<\/strong><\/p>\n<\/div><figure class=\"wp-block-media-text__media\"><img loading=\"lazy\" decoding=\"async\" width=\"1024\" height=\"986\" src=\"https:\/\/seiu775.org\/wp-content\/uploads\/2026\/05\/Nataliia-1-1024x986.jpg\" alt=\"Nataliia in Olympia before speaking at the Protect Immigrant Care rally\" class=\"wp-image-30544 size-full\" srcset=\"https:\/\/seiu775.org\/wp-content\/uploads\/2026\/05\/Nataliia-1-1024x986.jpg 1024w, https:\/\/seiu775.org\/wp-content\/uploads\/2026\/05\/Nataliia-1-300x289.jpg 300w, https:\/\/seiu775.org\/wp-content\/uploads\/2026\/05\/Nataliia-1-768x739.jpg 768w, https:\/\/seiu775.org\/wp-content\/uploads\/2026\/05\/Nataliia-1-1536x1479.jpg 1536w, https:\/\/seiu775.org\/wp-content\/uploads\/2026\/05\/Nataliia-1.jpg 1820w\" sizes=\"auto, (max-width: 1024px) 100vw, 1024px\" \/><\/figure><\/div>\n\n\n\n<p class=\"wp-block-paragraph\">Ch\u00fang t\u00f4i v\u1eabn ch\u01b0a ho\u00e0n th\u00e0nh s\u1ee9 m\u1ec7nh c\u1ee7a m\u00ecnh.\u00a0M\u00f9a h\u00e8 n\u00e0y, ch\u00ednh quy\u1ec1n\u00a0Trump\u00a0\u0111\u00e3 theo \u0111u\u1ed5i m\u1ed9t l\u1eadp tr\u01b0\u1eddng h\u1ebft s\u1ee9c c\u1ef1c \u0111oan nh\u1eb1m \u0111\u1ea9y nhanh vi\u1ec7c t\u01b0\u1edbc b\u1ecf d\u1ecbch v\u1ee5 ch\u0103m s\u00f3c c\u1ee7a nhi\u1ec1u ng\u01b0\u1eddi h\u01a1n. Do v\u1eady, ngu\u1ed3n kinh ph\u00ed m\u00e0 ch\u00fang t\u00f4i \u0111\u00e3 gi\u00e0nh \u0111\u01b0\u1ee3c \u0111\u1ec3 b\u1ea3o v\u1ec7 d\u1ecbch v\u1ee5 n\u00e0y kh\u00f4ng c\u00f2n \u0111\u1ee7 \u0111\u1ec3 \u0111\u1ea3m b\u1ea3o t\u1ea5t c\u1ea3 m\u1ecdi ng\u01b0\u1eddi \u0111\u1ec1u ti\u1ebfp t\u1ee5c \u0111\u01b0\u1ee3c ch\u0103m s\u00f3c.\u00a0\u0110i\u1ec1u \u0111\u00f3 \u0111\u1ed3ng ngh\u0129a v\u1edbi vi\u1ec7c h\u00e0ng ngh\u00ecn ng\u01b0\u1eddi \u1edf\u00a0Washington\u00a0s\u1ebd b\u1ecb c\u1eaft d\u1ecbch v\u1ee5 ch\u0103m s\u00f3c ch\u1ec9 v\u00ec h\u1ecd l\u00e0 ng\u01b0\u1eddi nh\u1eadp c\u01b0.\u00a0<strong>H\u00e3y g\u1eedi th\u00f4ng \u0111i\u1ec7p t\u1edbi Th\u1ed1ng \u0110\u1ed1c\u00a0Ferguson, k\u00eau g\u1ecdi \u00f4ng s\u1eed d\u1ee5ng qu\u1ef9 kh\u1ea9n c\u1ea5p \u0111\u1ec3 b\u00f9 \u0111\u1eafp ph\u1ea7n kinh ph\u00ed c\u00f2n thi\u1ebfu nh\u1eb1m duy tr\u00ec d\u1ecbch v\u1ee5 ch\u0103m s\u00f3c cho ng\u01b0\u1eddi nh\u1eadp c\u01b0 t\u1ea1i \u0111\u00e2y:<a href=\"https:\/\/seiu775.org\/protectourcare\"> seiu775.org\/protectourcare\u00a0<\/a><\/strong>\u00a0<\/p>\n\n\n\n<hr class=\"wp-block-separator has-alpha-channel-opacity\"\/>\n\n\n\n<div class=\"wp-block-media-text is-stacked-on-mobile\" style=\"grid-template-columns:35% auto\"><figure class=\"wp-block-media-text__media\"><img loading=\"lazy\" decoding=\"async\" width=\"1024\" height=\"768\" src=\"https:\/\/seiu775.org\/wp-content\/uploads\/2026\/05\/CDMT-Nic-1.jpg\" alt=\"Nic (center left) alongside fellow bargaining team members\" class=\"wp-image-30550 size-full\" srcset=\"https:\/\/seiu775.org\/wp-content\/uploads\/2026\/05\/CDMT-Nic-1.jpg 1024w, https:\/\/seiu775.org\/wp-content\/uploads\/2026\/05\/CDMT-Nic-1-300x225.jpg 300w, https:\/\/seiu775.org\/wp-content\/uploads\/2026\/05\/CDMT-Nic-1-768x576.jpg 768w\" sizes=\"auto, (max-width: 1024px) 100vw, 1024px\" \/><\/figure><div class=\"wp-block-media-text__content\">\n<p class=\"wp-block-paragraph\"><strong>C\u00e1c ch\u0103m s\u00f3c vi\u00ean t\u1ea1i&nbsp;Montana&nbsp;\u0111\u1ea1t \u0111\u01b0\u1ee3c th\u1ecfa thu\u1eadn t\u0103ng l\u01b0\u01a1ng tr\u00ean b\u00e0n th\u01b0\u01a1ng l\u01b0\u1ee3ng&nbsp;<\/strong>&nbsp;<\/p>\n\n\n\n<p class=\"wp-block-paragraph\">T\u00f4i \u0111\u00e3 l\u00e0m c\u00f4ng vi\u1ec7c ch\u0103m s\u00f3c t\u1ea1i\u00a0Consumer\u00a0Direct\u00a0Care\u00a0Network\u00a0Montana\u00a0\u0111\u01b0\u1ee3c g\u1ea7n m\u1ed9t th\u1eadp k\u1ef7.\u00a0T\u00f4i r\u1ea5t t\u1ef1 h\u00e0o khi l\u00e0 th\u00e0nh vi\u00ean c\u1ee7a nh\u00f3m th\u01b0\u01a1ng l\u01b0\u1ee3ng v\u00e0 c\u00e0ng vui m\u1eebng h\u01a1n khi ch\u00fang t\u00f4i \u0111\u00e3 th\u00f4ng qua th\u1ecfa \u01b0\u1edbc C\u00f4ng \u0110o\u00e0n l\u1ea7n th\u1ee9 hai!\u00a0<\/p>\n\n\n\n<p class=\"wp-block-paragraph\">Tr\u01b0\u1edbc khi ch\u00fang ta th\u00e0nh l\u1eadp C\u00f4ng \u0110o\u00e0n, n\u0103m n\u00e0o t\u00f4i c\u0169ng xin t\u0103ng l\u01b0\u01a1ng v\u00e0o m\u1ed7i k\u1ef3 \u0111\u00e1nh gi\u00e1 hi\u1ec7u su\u1ea5t c\u00f4ng vi\u1ec7c c\u1ee7a ch\u1ee7 lao \u0111\u1ed9ng.&nbsp;T\u00f4i lu\u00f4n \u0111\u01b0\u1ee3c \u0111\u00e1nh gi\u00e1 cao, nh\u01b0ng l\u1ea7n n\u00e0y \u0111\u1ebfn l\u1ea7n kh\u00e1c, t\u00f4i lu\u00f4n b\u1ecb t\u1eeb ch\u1ed1i.&nbsp;<strong>Th\u1ebf nh\u01b0ng, khi c\u00f9ng nhau t\u1eadp h\u1ee3p l\u1ea1i, t\u1ea5t c\u1ea3 ch\u00fang t\u00f4i \u0111\u1ec1u \u0111\u01b0\u1ee3c t\u0103ng l\u01b0\u01a1ng.&nbsp;<\/strong>Ph\u00fac l\u1ee3i Gi\u1edd Ngh\u1ec9 \u0110\u01b0\u1ee3c Tr\u1ea3 L\u01b0\u01a1ng v\u1ed1n tr\u01b0\u1edbc \u0111\u00e2y ch\u1ec9 d\u00e0nh cho m\u1ed9t s\u1ed1 \u00edt ng\u01b0\u1eddi, nay \u0111\u00e3 \u0111\u01b0\u1ee3c m\u1edf r\u1ed9ng cho to\u00e0n b\u1ed9 nh\u00e2n vi\u00ean.&nbsp;V\u00e0 tr\u00ean h\u1ebft, cu\u1ed1i c\u00f9ng th\u00ec ch\u00fang ta c\u0169ng c\u00f3 \u0111\u01b0\u1ee3c ti\u1ebfng n\u00f3i trong c\u00f4ng vi\u1ec7c.&nbsp;<\/p>\n\n\n\n<p class=\"wp-block-paragraph\">Qu\u00e1 tr\u00ecnh th\u01b0\u01a1ng l\u01b0\u1ee3ng tuy gian nan nh\u01b0ng k\u1ebft qu\u1ea3 nh\u1eadn l\u1ea1i th\u1eadt x\u1ee9ng \u0111\u00e1ng.&nbsp;<strong>Ch\u00fang t\u00f4i \u0111\u00e3 ph\u1ea3i th\u01b0\u01a1ng l\u01b0\u1ee3ng r\u00f2ng r\u00e3 su\u1ed1t s\u00e1u th\u00e1ng tr\u01b0\u1edbc khi \u0111\u1ea1t \u0111\u01b0\u1ee3c th\u1ecfa thu\u1eadn cu\u1ed1i c\u00f9ng.&nbsp;Nh\u01b0ng cu\u1ed1i c\u00f9ng,<\/strong>&nbsp;<strong>t\u1ea5t c\u1ea3 \u0111\u1ec1u \u0111\u01b0\u1ee3c \u0111\u00e1p tr\u1ea3.&nbsp;<\/strong>Ch\u00fang t\u00f4i \u0111\u00e3 \u0111\u1ea1t \u0111\u01b0\u1ee3c th\u1ecfa thu\u1eadn t\u0103ng l\u01b0\u01a1ng, m\u1ee9c ho\u00e0n tr\u1ea3 theo s\u1ed1 d\u1eb7m cao h\u01a1n, c\u00f3 th\u00eam PTO v\u00e0 t\u0103ng m\u1ee9c th\u00f9 lao tr\u1ef1c ca.&nbsp;B\u00ean c\u1ea1nh \u0111\u00f3, ch\u00fang t\u00f4i c\u0169ng gi\u00e0nh \u0111\u01b0\u1ee3c c\u00e1c bi\u1ec7n ph\u00e1p b\u1ea3o v\u1ec7 d\u1eef li\u1ec7u c\u00e1 nh\u00e2n, gi\u1ea3m th\u1eddi gian th\u1eed vi\u1ec7c v\u00e0 ph\u00fac l\u1ee3i ti\u1ec1n th\u01b0\u1edfng.&nbsp;&nbsp;<\/p>\n\n\n\n<p class=\"wp-block-paragraph\">Gi\u1edd th\u00ec, c\u00f3 r\u1ea5t nhi\u1ec1u vi\u1ec7c ph\u1ea3i l\u00e0m.\u00a0Ph\u1ea7n l\u1edbn ng\u00e2n s\u00e1ch l\u01b0\u01a1ng c\u1ee7a ch\u00fang ta \u0111\u1ec1u do c\u00e1c nh\u00e0 l\u1eadp ph\u00e1p quy\u1ebft \u0111\u1ecbnh th\u00f4ng qua ng\u00e2n s\u00e1ch c\u1ee7a ti\u1ec3u bang.\u00a0Cu\u1ed9c b\u1ea7u c\u1eed s\u1ebd di\u1ec5n ra v\u00e0o th\u00e1ng 11, nh\u01b0ng ngay t\u1eeb b\u00e2y gi\u1edd \u0111\u00e3 c\u00f3 r\u1ea5t nhi\u1ec1u c\u00e1ch \u0111\u1ec3 c\u00f9ng tham gia v\u00e0 \u0111\u00f3ng g\u00f3p.\u00a0<strong>T\u00f4i \u0111\u00e3 s\u1eb5n s\u00e0ng \u0111\u1ebfn g\u00f5 c\u1eeda t\u1eebng nh\u00e0 v\u00e0 b\u1ea7u ch\u1ecdn cho nh\u1eefng \u1ee9ng c\u1eed vi\u00ean \u0111\u1ee9ng v\u1ec1 ph\u00eda ch\u0103m s\u00f3c vi\u00ean ch\u00fang ta.<\/strong><\/p>\n\n\n\n<p class=\"wp-block-paragraph\"><strong>-Nic\u00a0S., ch\u0103m s\u00f3c vi\u00ean,\u00a0Missoula, MT\u00a0<\/strong><\/p>\n\n\n\n<p class=\"wp-block-paragraph\"><em>H\u00e3y \u0111\u1ecdc th\u1ecfa \u01b0\u1edbc c\u1ee7a C\u00f4ng \u0110o\u00e0n t\u1ea1i \u0111\u00e2y: <a href=\"https:\/\/seiu775.org\/contracts\">seiu775.org\/contracts<\/a><\/em>\u00a0<\/p>\n<\/div><\/div>\n\n\n\n<hr class=\"wp-block-separator has-alpha-channel-opacity\"\/>\n\n\n\n<div class=\"wp-block-media-text has-media-on-the-right is-stacked-on-mobile\" style=\"grid-template-columns:auto 35%\"><div class=\"wp-block-media-text__content\">\n<p class=\"wp-block-paragraph\"><strong><br><\/strong><strong>S\u1ee9c m\u1ea1nh \u0111o\u00e0n k\u1ebft t\u1ea1i T\u00f2a Nh\u00e0 Qu\u1ed1c H\u1ed9i Ti\u1ec3u Bang&nbsp;Alaska<\/strong><strong>&nbsp;<\/strong>&nbsp;<\/p>\n\n\n\n<p class=\"wp-block-paragraph\">T\u00f4i \u0111\u1ebfn t\u1eeb\u00a0Big\u00a0Lake,\u00a0Alaska\u00a0v\u00e0 t\u00f4i \u0111\u00e3 l\u00e0m c\u00f4ng vi\u1ec7c ch\u0103m s\u00f3c \u0111\u01b0\u1ee3c h\u01a1n 50 n\u0103m.\u00a0M\u00f9a xu\u00e2n v\u1eeba qua, t\u00f4i \u0111\u00e3 tham gia m\u1ed9t trong nh\u1eefng s\u1ef1 ki\u1ec7n\u00a0Purple\u00a0Fly-In c\u1ee7a SEIU 775.\u00a0<strong>\u0110\u00f3 l\u00e0 l\u1ea7n \u0111\u1ea7u ti\u00ean t\u00f4i bay \u0111\u1ebfn\u00a0Juneau\u00a0\u0111\u1ec3 \u0111\u1ed1i tho\u1ea1i tr\u1ef1c ti\u1ebfp v\u1edbi c\u00e1c nh\u00e0 l\u1eadp ph\u00e1p\u00a0Alaska\u00a0v\u00e0 t\u00f4i s\u1ebd kh\u00f4ng bao gi\u1edd qu\u00ean tr\u1ea3i nghi\u1ec7m \u0111\u00f3.\u00a0<\/strong>\u00a0<\/p>\n\n\n\n<p class=\"wp-block-paragraph\">Ngay t\u1eeb ng\u00e0y \u0111\u1ea7u ti\u00ean, ch\u00fang t\u00f4i \u0111\u00e3 k\u1ebft n\u1ed1i, h\u1ecdc h\u1ecfi v\u00e0 c\u00f9ng nhau ph\u00e1t tri\u1ec3n.&nbsp;Khi b\u01b0\u1edbc v\u00e0o T\u00f2a Nh\u00e0 Qu\u1ed1c H\u1ed9i, ch\u00fang t\u00f4i \u0111\u00e3 \u0111\u1ed3ng l\u00f2ng c\u00f9ng chung m\u1ed9t ti\u1ebfng n\u00f3i v\u00e0 m\u1ed9t m\u1ee5c \u0111\u00edch: y\u00eau c\u1ea7u c\u00e1c nh\u00e0 l\u00e3nh \u0111\u1ea1o \u0111\u1ea3m b\u1ea3o t\u0103ng ng\u00e2n s\u00e1ch cho ch\u0103m s\u00f3c vi\u00ean, \u0111\u1ec3 x\u1ee9ng \u0111\u00e1ng v\u1edbi nh\u1eefng g\u00ec m\u00e0 ch\u00fang ta \u0111\u00e3 c\u1ed1ng hi\u1ebfn cho c\u00f4ng vi\u1ec7c thi\u1ebft y\u1ebfu n\u00e0y.&nbsp;<\/p>\n\n\n\n<p class=\"wp-block-paragraph\">Hi\u1ec7n nay, c\u00f3 qu\u00e1 nhi\u1ec1u ch\u0103m s\u00f3c vi\u00ean \u0111ang ph\u1ea3i l\u00e0m hai ho\u1eb7c th\u1eadm ch\u00ed ba c\u00f4ng vi\u1ec7c c\u00f9ng l\u00fac ch\u1ec9 \u0111\u1ec3 m\u01b0u sinh.&nbsp;Ch\u00fang ta ch\u0103m s\u00f3c ng\u01b0\u1eddi kh\u00e1c, trong khi ph\u1ea3i loay hoay l\u00e0m sao \u0111\u1ec3 chi tr\u1ea3 ti\u1ec1n nh\u00e0, ti\u1ec1n \u0111i ch\u1ee3 v\u00e0 gi\u1eef g\u00ecn s\u1ee9c kh\u1ecfe \u0111\u1ec3 ti\u1ebfp t\u1ee5c l\u00e0m vi\u1ec7c.&nbsp;Nh\u01b0 v\u1eady th\u00ec kh\u00f4ng b\u1ec1n v\u1eefng \u0111\u01b0\u1ee3c.&nbsp;N\u1ebfu ch\u0103m s\u00f3c vi\u00ean kh\u00f4ng \u0111\u1ee7 kh\u1ea3 n\u0103ng b\u00e1m tr\u1ee5 v\u1edbi c\u00f4ng vi\u1ec7c n\u00e0y, nh\u1eefng ng\u01b0\u1eddi c\u1ea7n \u0111\u01b0\u1ee3c ch\u0103m s\u00f3c s\u1ebd ph\u1ea3i ch\u1ecbu thi\u1ec7t th\u00f2i.&nbsp;<\/p>\n\n\n\n<p class=\"wp-block-paragraph\"><strong>M\u1ed9t c\u1ed9ng \u0111\u1ed3ng ch\u0103m s\u00f3c vi\u00ean ng\u00e0y c\u00e0ng l\u1edbn m\u1ea1nh tr\u00ean kh\u1eafp\u00a0Alaska\u00a0\u0111\u00e3 s\u1eb5n s\u00e0ng \u0111\u1ea5u tranh \u2013 kh\u00f4ng ch\u1ec9 cho b\u1ea3n th\u00e2n ch\u00fang ta, m\u00e0 c\u00f2n cho nh\u1eefng ng\u01b0\u1eddi m\u00e0 ch\u00fang ta ch\u0103m s\u00f3c.\u00a0<\/strong>T\u00f4i mu\u1ed1n m\u1ecdi ch\u0103m s\u00f3c vi\u00ean bi\u1ebft \u0111\u01b0\u1ee3c r\u1eb1ng:\u00a0S\u1ef1 hi\u1ec7n di\u1ec7n c\u1ee7a b\u1ea1n l\u00e0 v\u00f4 c\u00f9ng quan tr\u1ecdng.\u00a0S\u1ef1 t\u1eadn t\u00e2m b\u1ea1n d\u00e0nh cho c\u00f4ng vi\u1ec7c v\u1ea3 c\u1ea3 nh\u1eefng gi\u1edd b\u1ea1n l\u00e0m vi\u1ec7c ngo\u00e0i gi\u1edd tan ca c\u0169ng \u0111\u00e1ng \u0111\u01b0\u1ee3c tr\u00e2n tr\u1ecdng.\u00a0T\u00f4i hy v\u1ecdng n\u0103m sau, s\u1ebd c\u00f3 th\u00eam nhi\u1ec1u ng\u01b0\u1eddi trong ch\u00fang ta m\u1ea1nh d\u1ea1n l\u00ean ti\u1ebfng.\u00a0<strong>B\u1edfi v\u00ec, \u0111o\u00e0n k\u1ebft l\u00e0 s\u1ee9c m\u1ea1nh.<\/strong>\u00a0<\/p>\n\n\n\n<p class=\"wp-block-paragraph\"><strong>&#8211;\u00a0Kandee\u00a0M., ch\u0103m s\u00f3c vi\u00ean,\u00a0Big\u00a0Lake,\u00a0Alaska\u00a0<\/strong><\/p>\n\n\n\n<p><em><span class=\"TextRun SCXW197485506 BCX8\" lang=\"VI-VN\" xml:lang=\"VI-VN\" data-contrast=\"none\"><span class=\"NormalTextRun SCXW197485506 BCX8\">B\u1ea1n c\u00f3 mu\u1ed1n tham gia kh\u00f4ng?<\/span><span class=\"NormalTextRun SCXW197485506 BCX8\">\u00a0<\/span><span class=\"NormalTextRun SCXW197485506 BCX8\">H\u00e3y li\u00ean h\u1ec7 v\u1edbi \u0111\u01a1n v\u1ecb t\u1ed5 ch\u1ee9c c\u1ee7a b\u1ea1n \u0111\u1ec3 gia nh\u1eadp c\u1ed9ng \u0111\u1ed3ng c\u1ee7a ch\u00fang t\u00f4i.<\/span><\/span><span class=\"EOP Selected SCXW197485506 BCX8\" data-ccp-props=\"{&quot;335559739&quot;:0}\">\u00a0<\/span><\/em><\/p>\n<\/div><figure class=\"wp-block-media-text__media\"><img loading=\"lazy\" decoding=\"async\" width=\"867\" height=\"1024\" src=\"https:\/\/seiu775.org\/wp-content\/uploads\/2026\/05\/Kandee-AK-1-867x1024.jpg\" alt=\"Kandee (front) and Alaska caregivers at the Alaska State Capitol \" class=\"wp-image-30556 size-full\" srcset=\"https:\/\/seiu775.org\/wp-content\/uploads\/2026\/05\/Kandee-AK-1-867x1024.jpg 867w, https:\/\/seiu775.org\/wp-content\/uploads\/2026\/05\/Kandee-AK-1-254x300.jpg 254w, https:\/\/seiu775.org\/wp-content\/uploads\/2026\/05\/Kandee-AK-1-768x907.jpg 768w, https:\/\/seiu775.org\/wp-content\/uploads\/2026\/05\/Kandee-AK-1.jpg 1107w\" sizes=\"auto, (max-width: 867px) 100vw, 867px\" \/><\/figure><\/div>\n\n\n\n<hr class=\"wp-block-separator has-alpha-channel-opacity\"\/>\n\n\n\n<div class=\"wp-block-media-text is-stacked-on-mobile\" style=\"grid-template-columns:35% auto\"><figure class=\"wp-block-media-text__media\"><img loading=\"lazy\" decoding=\"async\" width=\"478\" height=\"575\" src=\"https:\/\/seiu775.org\/wp-content\/uploads\/2026\/05\/Ana-PACS.png\" alt=\"Ana, PACS CNA\" class=\"wp-image-30562 size-full\" srcset=\"https:\/\/seiu775.org\/wp-content\/uploads\/2026\/05\/Ana-PACS.png 478w, https:\/\/seiu775.org\/wp-content\/uploads\/2026\/05\/Ana-PACS-249x300.png 249w\" sizes=\"auto, (max-width: 478px) 100vw, 478px\" \/><\/figure><div class=\"wp-block-media-text__content\">\n<p class=\"wp-block-paragraph\"><strong>Nh\u00e2n vi\u00ean Vi\u1ec7n D\u01b0\u1ee1ng L\u00e3o c\u00f9ng nhau \u0111o\u00e0n k\u1ebft v\u00e0 \u0111\u1ea1t \u0111\u01b0\u1ee3c th\u1ecfa thu\u1eadn t\u0103ng l\u01b0\u01a1ng<\/strong>&nbsp;<\/p>\n\n\n\n<p class=\"wp-block-paragraph\">T\u00f4i l\u00e0 m\u1ed9t CNA t\u1ea1i PACS \u1edf\u00a0Richland,\u00a0Washington. T\u00f4i tham gia nh\u00f3m th\u01b0\u01a1ng l\u01b0\u1ee3ng v\u00ec t\u00ecnh tr\u1ea1ng thi\u1ebfu h\u1ee5t nh\u00e2n s\u1ef1 l\u00e0 m\u1ed9t v\u1ea5n \u0111\u1ec1 l\u1edbn, v\u00e0 t\u00f4i th\u1ef1c s\u1ef1 mu\u1ed1n th\u1ea5y m\u1ee9c l\u01b0\u01a1ng c\u1ee7a ch\u00fang ta t\u0103ng l\u00ean.\u00a0\u0110\u00e2y l\u00e0 l\u1ea7n \u0111\u1ea7u ti\u00ean t\u00f4i tham gia nh\u00f3m th\u01b0\u01a1ng l\u01b0\u1ee3ng. M\u1ecdi th\u1ee9 r\u1ea5t gian nan, nh\u01b0ng ho\u00e0n to\u00e0n x\u1ee9ng \u0111\u00e1ng.\u00a0<strong>Ch\u1ee7 lao \u0111\u1ed9ng c\u1ee7a ch\u00fang t\u00f4i t\u00ecm c\u00e1ch g\u00e2y kh\u00f3 d\u1ec5 trong m\u1ecdi b\u01b0\u1edbc \u2013 ch\u00fang t\u00f4i \u0111\u00e3 th\u01b0\u01a1ng l\u01b0\u1ee3ng trong t\u00e1m th\u00e1ng r\u00f2ng r\u00e3.\u00a0Th\u1ebf nh\u01b0ng, ch\u00fang t\u00f4i kh\u00f4ng h\u1ec1 b\u1ecf cu\u1ed9c!<\/strong>\u00a0T\u1ea5t c\u1ea3 ch\u00fang t\u00f4i, t\u1eeb kh\u1eafp ti\u1ec3u bang, \u0111\u00e3 s\u00e1t c\u00e1nh b\u00ean nhau. C\u1ea3m gi\u00e1c \u0111\u01b0\u1ee3c l\u00e0 m\u1ed9t ph\u1ea7n trong n\u1ed7 l\u1ef1c to l\u1edbn n\u00e0y th\u1eadt l\u00e0 tuy\u1ec7t v\u1eddi.\u00a0\u00a0<\/p>\n\n\n\n<p class=\"wp-block-paragraph\">Ch\u00fang t\u00f4i l\u00e0m vi\u1ec7c t\u1ea1i Vi\u1ec7n D\u01b0\u1ee1ng L\u00e3o v\u00ec ch\u00fang t\u00f4i th\u1ef1c s\u1ef1 quan t\u00e2m \u0111\u1ebfn ng\u01b0\u1eddi b\u1ec7nh v\u00e0 ch\u00fang t\u00f4i lu\u00f4n ho\u00e0n th\u00e0nh t\u1ed1t c\u00f4ng vi\u1ec7c.&nbsp;<strong>Ch\u00fang t\u00f4i \u0111\u00e3 \u0111\u1ea1t \u0111\u01b0\u1ee3c th\u1ecfa thu\u1eadn t\u0103ng l\u01b0\u01a1ng cho t\u1ea5t c\u1ea3 nh\u00e2n vi\u00ean PACS<\/strong>. T\u00f4i hy v\u1ecdng \u0111i\u1ec1u \u0111\u00f3 s\u1ebd gi\u00fap m\u1ecdi ng\u01b0\u1eddi an t\u00e2m g\u1eafn b\u00f3 v\u1edbi c\u00f4ng vi\u1ec7c v\u00e0 ch\u00fang ta s\u1ebd c\u00f3 th\u1ec3 tuy\u1ec3n d\u1ee5ng nh\u1eefng ng\u01b0\u1eddi m\u1edbi c\u00f3 nhi\u1ec1u kinh nghi\u1ec7m h\u01a1n.&nbsp;&nbsp;<\/p>\n\n\n\n<p class=\"wp-block-paragraph\">T\u00f4i v\u00e0 c\u00e1c \u0111\u1ed3ng nghi\u1ec7p \u0111\u00e3 h\u1ea1 quy\u1ebft t\u00e2m b\u1eb1ng m\u1ecdi gi\u00e1 \u0111\u1ec3 gi\u00e0nh \u0111\u01b0\u1ee3c h\u1ee3p \u0111\u1ed3ng m\u00e0 ch\u00fang t\u00f4i x\u1ee9ng \u0111\u00e1ng c\u00f3 \u0111\u01b0\u1ee3c, th\u1eadm ch\u00ed \u0111\u00e3 nh\u1ea5t tr\u00ed b\u1ecf phi\u1ebfu t\u1ed5 ch\u1ee9c m\u1ed9t cu\u1ed9c bi\u1ec3u t\u00ecnh \u00f4n h\u00f2a \u0111\u1ec3 g\u00e2y \u00e1p l\u1ef1c d\u01b0 lu\u1eadn.\u00a0T\u00f4i mu\u1ed1n kh\u00edch l\u1ec7 b\u1ea5t k\u1ef3 ai \u0111ang trong qu\u00e1 tr\u00ecnh th\u01b0\u01a1ng l\u01b0\u1ee3ng r\u1eb1ng: h\u00e3y ti\u1ebfp t\u1ee5c chi\u1ebfn \u0111\u1ea5u v\u00e0 \u0111\u1eebng b\u1ecf cu\u1ed9c!\u00a0H\u00e3y ki\u00ean tr\u00ec \u0111\u1ebfn c\u00f9ng.\u00a0V\u00ec th\u00e0nh qu\u1ea3 ch\u00fang ta x\u1ee9ng \u0111\u00e1ng nh\u1eadn \u0111\u01b0\u1ee3c.<\/p>\n\n\n\n<p class=\"wp-block-paragraph\"><strong>&#8211;\u00a0Ana\u00a0F., CNA t\u1ea1i Vi\u1ec7n D\u01b0\u1ee1ng L\u00e3o,\u00a0Richland, WA\u00a0<\/strong><\/p>\n<\/div><\/div>\n\n\n\n<p class=\"wp-block-paragraph\"><\/p>\n","protected":false},"excerpt":{"rendered":"<p>C\u00e1c ch\u0103m s\u00f3c vi\u00ean SEIU 775 th\u00e2n m\u1ebfn!\u00a0 Ch\u00fang ta \u0111\u00e3 c\u00f9ng \u0111\u1ea5u tranh v\u00ec s\u1ef1 c\u00f4ng b\u1eb1ng v\u1ec1 thu\u1ebf trong h\u01a1n 20 n\u0103m.&nbsp;K\u1ec3 t\u1eeb khi b\u1eaft \u0111\u1ea7u c\u00f4ng vi\u1ec7c t\u1ea1i C\u00f4ng \u0110o\u00e0n v\u00e0o n\u0103m 2002, t\u00f4i \u0111\u00e3 s\u00e1t c\u00e1nh c\u00f9ng c\u00e1c ch\u0103m s\u00f3c vi\u00ean trong v\u00f4 s\u1ed1 cu\u1ed9c bi\u1ec3u t\u00ecnh, chi\u1ebfn d\u1ecbch vi\u1ebft th\u01b0, [&hellip;]<\/p>\n","protected":false},"author":5669,"featured_media":0,"comment_status":"closed","ping_status":"closed","sticky":false,"template":"","format":"standard","meta":{"_acf_changed":false,"inline_featured_image":false,"footnotes":"","_members_access_role":[],"_members_access_error":""},"categories":[4],"tags":[38,221,219,153,85,84,83,82,81,80],"class_list":["post-31040","post","type-post","status-publish","format-standard","hentry","category-news","tag-home-care","tag-immigration","tag-medicaid","tag-newsletter","tag-nursing-homes","tag-agency-provider","tag-individual-provider","tag-alaska","tag-montana","tag-washington"],"acf":[],"yoast_head":"<!-- This site is optimized with the Yoast SEO plugin v28.0 - https:\/\/yoast.com\/product\/yoast-seo-wordpress\/ -->\n<title>C\u00f9ng Nhau L\u1edbn M\u1ea1nh:\u00a0B\u1ea3n Tin Th\u00e1ng\u00a07\u00a0C\u1ee7a SEIU 775\u00a0 - SEIU 775<\/title>\n<meta name=\"robots\" content=\"index, follow, max-snippet:-1, max-image-preview:large, max-video-preview:-1\" \/>\n<link rel=\"canonical\" href=\"https:\/\/seiu775.org\/july2026newsletter-vi\/\" \/>\n<meta property=\"og:locale\" content=\"es_ES\" \/>\n<meta property=\"og:type\" content=\"article\" \/>\n<meta property=\"og:title\" content=\"C\u00f9ng Nhau L\u1edbn M\u1ea1nh:\u00a0B\u1ea3n Tin Th\u00e1ng\u00a07\u00a0C\u1ee7a SEIU 775\u00a0 - SEIU 775\" \/>\n<meta property=\"og:description\" content=\"C\u00e1c ch\u0103m s\u00f3c vi\u00ean SEIU 775 th\u00e2n m\u1ebfn!\u00a0 Ch\u00fang ta \u0111\u00e3 c\u00f9ng \u0111\u1ea5u tranh v\u00ec s\u1ef1 c\u00f4ng b\u1eb1ng v\u1ec1 thu\u1ebf trong h\u01a1n 20 n\u0103m.&nbsp;K\u1ec3 t\u1eeb khi b\u1eaft \u0111\u1ea7u c\u00f4ng vi\u1ec7c t\u1ea1i C\u00f4ng \u0110o\u00e0n v\u00e0o n\u0103m 2002, t\u00f4i \u0111\u00e3 s\u00e1t c\u00e1nh c\u00f9ng c\u00e1c ch\u0103m s\u00f3c vi\u00ean trong v\u00f4 s\u1ed1 cu\u1ed9c bi\u1ec3u t\u00ecnh, chi\u1ebfn d\u1ecbch vi\u1ebft th\u01b0, [&hellip;]\" \/>\n<meta property=\"og:url\" content=\"https:\/\/seiu775.org\/july2026newsletter-vi\/\" \/>\n<meta property=\"og:site_name\" content=\"SEIU 775\" \/>\n<meta property=\"article:publisher\" content=\"https:\/\/www.facebook.com\/seiu775\" \/>\n<meta property=\"article:published_time\" content=\"2026-07-29T18:30:20+00:00\" \/>\n<meta property=\"article:modified_time\" content=\"2026-07-29T18:30:22+00:00\" \/>\n<meta property=\"og:image\" content=\"https:\/\/seiu775.org\/wp-content\/uploads\/2026\/05\/2026-03-30-M-Tax-Bill-Signing-19-1.jpg\" \/>\n\t<meta property=\"og:image:width\" content=\"1616\" \/>\n\t<meta property=\"og:image:height\" content=\"1080\" \/>\n\t<meta property=\"og:image:type\" content=\"image\/jpeg\" \/>\n<meta name=\"author\" content=\"Rachel Jakovac\" \/>\n<meta name=\"twitter:card\" content=\"summary_large_image\" \/>\n<meta name=\"twitter:creator\" content=\"@seiu775\" \/>\n<meta name=\"twitter:site\" content=\"@seiu775\" \/>\n<meta name=\"twitter:label1\" content=\"Escrito por\" \/>\n\t<meta name=\"twitter:data1\" content=\"Rachel Jakovac\" \/>\n\t<meta name=\"twitter:label2\" content=\"Tiempo de lectura\" \/>\n\t<meta name=\"twitter:data2\" content=\"10 minutos\" \/>\n<script type=\"application\/ld+json\" class=\"yoast-schema-graph\">{\"@context\":\"https:\\\/\\\/schema.org\",\"@graph\":[{\"@type\":\"Article\",\"@id\":\"https:\\\/\\\/seiu775.org\\\/july2026newsletter-vi\\\/#article\",\"isPartOf\":{\"@id\":\"https:\\\/\\\/seiu775.org\\\/july2026newsletter-vi\\\/\"},\"author\":{\"name\":\"Rachel Jakovac\",\"@id\":\"https:\\\/\\\/seiu775.org\\\/#\\\/schema\\\/person\\\/b68bb44ebcb6d100d9590a377b54fab4\"},\"headline\":\"C\u00f9ng Nhau L\u1edbn M\u1ea1nh:\u00a0B\u1ea3n Tin Th\u00e1ng\u00a07\u00a0C\u1ee7a SEIU 775\u00a0\",\"datePublished\":\"2026-07-29T18:30:20+00:00\",\"dateModified\":\"2026-07-29T18:30:22+00:00\",\"mainEntityOfPage\":{\"@id\":\"https:\\\/\\\/seiu775.org\\\/july2026newsletter-vi\\\/\"},\"wordCount\":3030,\"publisher\":{\"@id\":\"https:\\\/\\\/seiu775.org\\\/#organization\"},\"image\":{\"@id\":\"https:\\\/\\\/seiu775.org\\\/july2026newsletter-vi\\\/#primaryimage\"},\"thumbnailUrl\":\"https:\\\/\\\/seiu775.org\\\/wp-content\\\/uploads\\\/2026\\\/05\\\/2026-03-30-M-Tax-Bill-Signing-19-1-1024x684.jpg\",\"keywords\":[\"Home Care\",\"Immigration\",\"Medicaid\",\"Newsletter\",\"Nursing Homes\",\"Agency Provider\",\"Individual Provider\",\"Alaska\",\"Montana\",\"Washington\"],\"articleSection\":[\"News\"],\"inLanguage\":\"es\"},{\"@type\":\"WebPage\",\"@id\":\"https:\\\/\\\/seiu775.org\\\/july2026newsletter-vi\\\/\",\"url\":\"https:\\\/\\\/seiu775.org\\\/july2026newsletter-vi\\\/\",\"name\":\"C\u00f9ng Nhau L\u1edbn M\u1ea1nh:\u00a0B\u1ea3n Tin Th\u00e1ng\u00a07\u00a0C\u1ee7a SEIU 775\u00a0 - SEIU 775\",\"isPartOf\":{\"@id\":\"https:\\\/\\\/seiu775.org\\\/#website\"},\"primaryImageOfPage\":{\"@id\":\"https:\\\/\\\/seiu775.org\\\/july2026newsletter-vi\\\/#primaryimage\"},\"image\":{\"@id\":\"https:\\\/\\\/seiu775.org\\\/july2026newsletter-vi\\\/#primaryimage\"},\"thumbnailUrl\":\"https:\\\/\\\/seiu775.org\\\/wp-content\\\/uploads\\\/2026\\\/05\\\/2026-03-30-M-Tax-Bill-Signing-19-1-1024x684.jpg\",\"datePublished\":\"2026-07-29T18:30:20+00:00\",\"dateModified\":\"2026-07-29T18:30:22+00:00\",\"breadcrumb\":{\"@id\":\"https:\\\/\\\/seiu775.org\\\/july2026newsletter-vi\\\/#breadcrumb\"},\"inLanguage\":\"es\",\"potentialAction\":[{\"@type\":\"ReadAction\",\"target\":[\"https:\\\/\\\/seiu775.org\\\/july2026newsletter-vi\\\/\"]}]},{\"@type\":\"ImageObject\",\"inLanguage\":\"es\",\"@id\":\"https:\\\/\\\/seiu775.org\\\/july2026newsletter-vi\\\/#primaryimage\",\"url\":\"https:\\\/\\\/seiu775.org\\\/wp-content\\\/uploads\\\/2026\\\/05\\\/2026-03-30-M-Tax-Bill-Signing-19-1-1024x684.jpg\",\"contentUrl\":\"https:\\\/\\\/seiu775.org\\\/wp-content\\\/uploads\\\/2026\\\/05\\\/2026-03-30-M-Tax-Bill-Signing-19-1-1024x684.jpg\"},{\"@type\":\"BreadcrumbList\",\"@id\":\"https:\\\/\\\/seiu775.org\\\/july2026newsletter-vi\\\/#breadcrumb\",\"itemListElement\":[{\"@type\":\"ListItem\",\"position\":1,\"name\":\"Home\",\"item\":\"https:\\\/\\\/seiu775.org\\\/es\\\/\"},{\"@type\":\"ListItem\",\"position\":2,\"name\":\"C\u00f9ng Nhau L\u1edbn M\u1ea1nh:\u00a0B\u1ea3n Tin Th\u00e1ng\u00a07\u00a0C\u1ee7a SEIU 775\u00a0\"}]},{\"@type\":\"WebSite\",\"@id\":\"https:\\\/\\\/seiu775.org\\\/#website\",\"url\":\"https:\\\/\\\/seiu775.org\\\/\",\"name\":\"SEIU775\",\"description\":\"We&#039;re Stronger Together\",\"publisher\":{\"@id\":\"https:\\\/\\\/seiu775.org\\\/#organization\"},\"potentialAction\":[{\"@type\":\"SearchAction\",\"target\":{\"@type\":\"EntryPoint\",\"urlTemplate\":\"https:\\\/\\\/seiu775.org\\\/?s={search_term_string}\"},\"query-input\":{\"@type\":\"PropertyValueSpecification\",\"valueRequired\":true,\"valueName\":\"search_term_string\"}}],\"inLanguage\":\"es\"},{\"@type\":\"Organization\",\"@id\":\"https:\\\/\\\/seiu775.org\\\/#organization\",\"name\":\"SEIU775\",\"url\":\"https:\\\/\\\/seiu775.org\\\/\",\"logo\":{\"@type\":\"ImageObject\",\"inLanguage\":\"es\",\"@id\":\"https:\\\/\\\/seiu775.org\\\/#\\\/schema\\\/logo\\\/image\\\/\",\"url\":\"https:\\\/\\\/seiu775.org\\\/wp-content\\\/uploads\\\/2020\\\/07\\\/logo.png\",\"contentUrl\":\"https:\\\/\\\/seiu775.org\\\/wp-content\\\/uploads\\\/2020\\\/07\\\/logo.png\",\"width\":126,\"height\":126,\"caption\":\"SEIU775\"},\"image\":{\"@id\":\"https:\\\/\\\/seiu775.org\\\/#\\\/schema\\\/logo\\\/image\\\/\"},\"sameAs\":[\"https:\\\/\\\/www.facebook.com\\\/seiu775\",\"https:\\\/\\\/x.com\\\/seiu775\",\"https:\\\/\\\/www.youtube.com\\\/channel\\\/UCRnCbqnYM3ZaGYHUZQiG3Ug\",\"https:\\\/\\\/www.instagram.com\\\/seiu775\\\/\",\"https:\\\/\\\/www.linkedin.com\\\/company\\\/seiu-775nw\\\/\"]},{\"@type\":\"Person\",\"@id\":\"https:\\\/\\\/seiu775.org\\\/#\\\/schema\\\/person\\\/b68bb44ebcb6d100d9590a377b54fab4\",\"name\":\"Rachel Jakovac\",\"image\":{\"@type\":\"ImageObject\",\"inLanguage\":\"es\",\"@id\":\"https:\\\/\\\/secure.gravatar.com\\\/avatar\\\/b9888826ab82112ec13ff6e354563a1cad072dc43a2d13ce52113247b75ee9d6?s=96&d=mm&r=g\",\"url\":\"https:\\\/\\\/secure.gravatar.com\\\/avatar\\\/b9888826ab82112ec13ff6e354563a1cad072dc43a2d13ce52113247b75ee9d6?s=96&d=mm&r=g\",\"contentUrl\":\"https:\\\/\\\/secure.gravatar.com\\\/avatar\\\/b9888826ab82112ec13ff6e354563a1cad072dc43a2d13ce52113247b75ee9d6?s=96&d=mm&r=g\",\"caption\":\"Rachel Jakovac\"}}]}<\/script>\n<!-- \/ Yoast SEO plugin. -->","yoast_head_json":{"title":"C\u00f9ng Nhau L\u1edbn M\u1ea1nh:\u00a0B\u1ea3n Tin Th\u00e1ng\u00a07\u00a0C\u1ee7a SEIU 775\u00a0 - SEIU 775","robots":{"index":"index","follow":"follow","max-snippet":"max-snippet:-1","max-image-preview":"max-image-preview:large","max-video-preview":"max-video-preview:-1"},"canonical":"https:\/\/seiu775.org\/july2026newsletter-vi\/","og_locale":"es_ES","og_type":"article","og_title":"C\u00f9ng Nhau L\u1edbn M\u1ea1nh:\u00a0B\u1ea3n Tin Th\u00e1ng\u00a07\u00a0C\u1ee7a SEIU 775\u00a0 - SEIU 775","og_description":"C\u00e1c ch\u0103m s\u00f3c vi\u00ean SEIU 775 th\u00e2n m\u1ebfn!\u00a0 Ch\u00fang ta \u0111\u00e3 c\u00f9ng \u0111\u1ea5u tranh v\u00ec s\u1ef1 c\u00f4ng b\u1eb1ng v\u1ec1 thu\u1ebf trong h\u01a1n 20 n\u0103m.&nbsp;K\u1ec3 t\u1eeb khi b\u1eaft \u0111\u1ea7u c\u00f4ng vi\u1ec7c t\u1ea1i C\u00f4ng \u0110o\u00e0n v\u00e0o n\u0103m 2002, t\u00f4i \u0111\u00e3 s\u00e1t c\u00e1nh c\u00f9ng c\u00e1c ch\u0103m s\u00f3c vi\u00ean trong v\u00f4 s\u1ed1 cu\u1ed9c bi\u1ec3u t\u00ecnh, chi\u1ebfn d\u1ecbch vi\u1ebft th\u01b0, [&hellip;]","og_url":"https:\/\/seiu775.org\/july2026newsletter-vi\/","og_site_name":"SEIU 775","article_publisher":"https:\/\/www.facebook.com\/seiu775","article_published_time":"2026-07-29T18:30:20+00:00","article_modified_time":"2026-07-29T18:30:22+00:00","og_image":[{"width":1616,"height":1080,"url":"https:\/\/seiu775.org\/wp-content\/uploads\/2026\/05\/2026-03-30-M-Tax-Bill-Signing-19-1.jpg","type":"image\/jpeg"}],"author":"Rachel Jakovac","twitter_card":"summary_large_image","twitter_creator":"@seiu775","twitter_site":"@seiu775","twitter_misc":{"Escrito por":"Rachel Jakovac","Tiempo de lectura":"10 minutos"},"schema":{"@context":"https:\/\/schema.org","@graph":[{"@type":"Article","@id":"https:\/\/seiu775.org\/july2026newsletter-vi\/#article","isPartOf":{"@id":"https:\/\/seiu775.org\/july2026newsletter-vi\/"},"author":{"name":"Rachel Jakovac","@id":"https:\/\/seiu775.org\/#\/schema\/person\/b68bb44ebcb6d100d9590a377b54fab4"},"headline":"C\u00f9ng Nhau L\u1edbn M\u1ea1nh:\u00a0B\u1ea3n Tin Th\u00e1ng\u00a07\u00a0C\u1ee7a SEIU 775\u00a0","datePublished":"2026-07-29T18:30:20+00:00","dateModified":"2026-07-29T18:30:22+00:00","mainEntityOfPage":{"@id":"https:\/\/seiu775.org\/july2026newsletter-vi\/"},"wordCount":3030,"publisher":{"@id":"https:\/\/seiu775.org\/#organization"},"image":{"@id":"https:\/\/seiu775.org\/july2026newsletter-vi\/#primaryimage"},"thumbnailUrl":"https:\/\/seiu775.org\/wp-content\/uploads\/2026\/05\/2026-03-30-M-Tax-Bill-Signing-19-1-1024x684.jpg","keywords":["Home Care","Immigration","Medicaid","Newsletter","Nursing Homes","Agency Provider","Individual Provider","Alaska","Montana","Washington"],"articleSection":["News"],"inLanguage":"es"},{"@type":"WebPage","@id":"https:\/\/seiu775.org\/july2026newsletter-vi\/","url":"https:\/\/seiu775.org\/july2026newsletter-vi\/","name":"C\u00f9ng Nhau L\u1edbn M\u1ea1nh:\u00a0B\u1ea3n Tin Th\u00e1ng\u00a07\u00a0C\u1ee7a SEIU 775\u00a0 - SEIU 775","isPartOf":{"@id":"https:\/\/seiu775.org\/#website"},"primaryImageOfPage":{"@id":"https:\/\/seiu775.org\/july2026newsletter-vi\/#primaryimage"},"image":{"@id":"https:\/\/seiu775.org\/july2026newsletter-vi\/#primaryimage"},"thumbnailUrl":"https:\/\/seiu775.org\/wp-content\/uploads\/2026\/05\/2026-03-30-M-Tax-Bill-Signing-19-1-1024x684.jpg","datePublished":"2026-07-29T18:30:20+00:00","dateModified":"2026-07-29T18:30:22+00:00","breadcrumb":{"@id":"https:\/\/seiu775.org\/july2026newsletter-vi\/#breadcrumb"},"inLanguage":"es","potentialAction":[{"@type":"ReadAction","target":["https:\/\/seiu775.org\/july2026newsletter-vi\/"]}]},{"@type":"ImageObject","inLanguage":"es","@id":"https:\/\/seiu775.org\/july2026newsletter-vi\/#primaryimage","url":"https:\/\/seiu775.org\/wp-content\/uploads\/2026\/05\/2026-03-30-M-Tax-Bill-Signing-19-1-1024x684.jpg","contentUrl":"https:\/\/seiu775.org\/wp-content\/uploads\/2026\/05\/2026-03-30-M-Tax-Bill-Signing-19-1-1024x684.jpg"},{"@type":"BreadcrumbList","@id":"https:\/\/seiu775.org\/july2026newsletter-vi\/#breadcrumb","itemListElement":[{"@type":"ListItem","position":1,"name":"Home","item":"https:\/\/seiu775.org\/es\/"},{"@type":"ListItem","position":2,"name":"C\u00f9ng Nhau L\u1edbn M\u1ea1nh:\u00a0B\u1ea3n Tin Th\u00e1ng\u00a07\u00a0C\u1ee7a SEIU 775\u00a0"}]},{"@type":"WebSite","@id":"https:\/\/seiu775.org\/#website","url":"https:\/\/seiu775.org\/","name":"SEIU775","description":"We&#039;re Stronger Together","publisher":{"@id":"https:\/\/seiu775.org\/#organization"},"potentialAction":[{"@type":"SearchAction","target":{"@type":"EntryPoint","urlTemplate":"https:\/\/seiu775.org\/?s={search_term_string}"},"query-input":{"@type":"PropertyValueSpecification","valueRequired":true,"valueName":"search_term_string"}}],"inLanguage":"es"},{"@type":"Organization","@id":"https:\/\/seiu775.org\/#organization","name":"SEIU775","url":"https:\/\/seiu775.org\/","logo":{"@type":"ImageObject","inLanguage":"es","@id":"https:\/\/seiu775.org\/#\/schema\/logo\/image\/","url":"https:\/\/seiu775.org\/wp-content\/uploads\/2020\/07\/logo.png","contentUrl":"https:\/\/seiu775.org\/wp-content\/uploads\/2020\/07\/logo.png","width":126,"height":126,"caption":"SEIU775"},"image":{"@id":"https:\/\/seiu775.org\/#\/schema\/logo\/image\/"},"sameAs":["https:\/\/www.facebook.com\/seiu775","https:\/\/x.com\/seiu775","https:\/\/www.youtube.com\/channel\/UCRnCbqnYM3ZaGYHUZQiG3Ug","https:\/\/www.instagram.com\/seiu775\/","https:\/\/www.linkedin.com\/company\/seiu-775nw\/"]},{"@type":"Person","@id":"https:\/\/seiu775.org\/#\/schema\/person\/b68bb44ebcb6d100d9590a377b54fab4","name":"Rachel Jakovac","image":{"@type":"ImageObject","inLanguage":"es","@id":"https:\/\/secure.gravatar.com\/avatar\/b9888826ab82112ec13ff6e354563a1cad072dc43a2d13ce52113247b75ee9d6?s=96&d=mm&r=g","url":"https:\/\/secure.gravatar.com\/avatar\/b9888826ab82112ec13ff6e354563a1cad072dc43a2d13ce52113247b75ee9d6?s=96&d=mm&r=g","contentUrl":"https:\/\/secure.gravatar.com\/avatar\/b9888826ab82112ec13ff6e354563a1cad072dc43a2d13ce52113247b75ee9d6?s=96&d=mm&r=g","caption":"Rachel Jakovac"}}]}},"publishpress_future_action":{"enabled":false,"date":"2026-09-10 11:48:53","action":"change-status","newStatus":"draft","terms":[],"taxonomy":"category","extraData":[]},"publishpress_future_workflow_manual_trigger":{"enabledWorkflows":[]},"_links":{"self":[{"href":"https:\/\/seiu775.org\/es\/wp-json\/wp\/v2\/posts\/31040","targetHints":{"allow":["GET"]}}],"collection":[{"href":"https:\/\/seiu775.org\/es\/wp-json\/wp\/v2\/posts"}],"about":[{"href":"https:\/\/seiu775.org\/es\/wp-json\/wp\/v2\/types\/post"}],"author":[{"embeddable":true,"href":"https:\/\/seiu775.org\/es\/wp-json\/wp\/v2\/users\/5669"}],"replies":[{"embeddable":true,"href":"https:\/\/seiu775.org\/es\/wp-json\/wp\/v2\/comments?post=31040"}],"version-history":[{"count":0,"href":"https:\/\/seiu775.org\/es\/wp-json\/wp\/v2\/posts\/31040\/revisions"}],"wp:attachment":[{"href":"https:\/\/seiu775.org\/es\/wp-json\/wp\/v2\/media?parent=31040"}],"wp:term":[{"taxonomy":"category","embeddable":true,"href":"https:\/\/seiu775.org\/es\/wp-json\/wp\/v2\/categories?post=31040"},{"taxonomy":"post_tag","embeddable":true,"href":"https:\/\/seiu775.org\/es\/wp-json\/wp\/v2\/tags?post=31040"}],"curies":[{"name":"wp","href":"https:\/\/api.w.org\/{rel}","templated":true}]}},{"id":31034,"date":"2026-07-29T11:29:38","date_gmt":"2026-07-29T18:29:38","guid":{"rendered":"https:\/\/seiu775.org\/?p=31034"},"modified":"2026-07-29T11:29:40","modified_gmt":"2026-07-29T18:29:40","slug":"july2026newsletter-ko","status":"publish","type":"post","link":"https:\/\/seiu775.org\/july2026newsletter-ko\/","title":{"rendered":"\ud568\uaed8 \ub354\uc6b1 \uac15\ud558\uac8c SEIU 775 \ub274\uc2a4\ub808\ud130\u00a07\uc6d4\ud638\u00a0"},"content":{"rendered":"\n<div class=\"wp-block-columns is-layout-flex wp-container-core-columns-is-layout-8f761849 wp-block-columns-is-layout-flex\"><\/div>\n\n\n\n<div class=\"wp-block-columns alignwide are-vertically-aligned-center is-layout-flex wp-container-core-columns-is-layout-8f761849 wp-block-columns-is-layout-flex\">\n<div class=\"wp-block-column is-vertically-aligned-center is-layout-flow wp-block-column-is-layout-flow\" style=\"flex-basis:100%\">\n<figure class=\"wp-block-gallery has-nested-images columns-default is-cropped wp-block-gallery-2 is-layout-flex wp-block-gallery-is-layout-flex\">\n<figure class=\"wp-block-image size-large\"><img loading=\"lazy\" decoding=\"async\" width=\"1024\" height=\"684\" data-id=\"30592\" src=\"https:\/\/seiu775.org\/wp-content\/uploads\/2026\/05\/2026-03-30-M-Tax-Bill-Signing-19-1-1024x684.jpg\" alt=\"\" class=\"wp-image-30592\" srcset=\"https:\/\/seiu775.org\/wp-content\/uploads\/2026\/05\/2026-03-30-M-Tax-Bill-Signing-19-1-1024x684.jpg 1024w, https:\/\/seiu775.org\/wp-content\/uploads\/2026\/05\/2026-03-30-M-Tax-Bill-Signing-19-1-300x200.jpg 300w, https:\/\/seiu775.org\/wp-content\/uploads\/2026\/05\/2026-03-30-M-Tax-Bill-Signing-19-1-768x513.jpg 768w, https:\/\/seiu775.org\/wp-content\/uploads\/2026\/05\/2026-03-30-M-Tax-Bill-Signing-19-1-1536x1027.jpg 1536w, https:\/\/seiu775.org\/wp-content\/uploads\/2026\/05\/2026-03-30-M-Tax-Bill-Signing-19-1.jpg 1616w\" sizes=\"auto, (max-width: 1024px) 100vw, 1024px\" \/><\/figure>\n\n\n\n<figure class=\"wp-block-image size-large\"><img loading=\"lazy\" decoding=\"async\" width=\"1024\" height=\"684\" data-id=\"30598\" src=\"https:\/\/seiu775.org\/wp-content\/uploads\/2026\/05\/2026-03-30-M-Tax-Bill-Signing-10-2-1024x684.jpg\" alt=\"\" class=\"wp-image-30598\" srcset=\"https:\/\/seiu775.org\/wp-content\/uploads\/2026\/05\/2026-03-30-M-Tax-Bill-Signing-10-2-1024x684.jpg 1024w, https:\/\/seiu775.org\/wp-content\/uploads\/2026\/05\/2026-03-30-M-Tax-Bill-Signing-10-2-300x200.jpg 300w, https:\/\/seiu775.org\/wp-content\/uploads\/2026\/05\/2026-03-30-M-Tax-Bill-Signing-10-2-768x513.jpg 768w, https:\/\/seiu775.org\/wp-content\/uploads\/2026\/05\/2026-03-30-M-Tax-Bill-Signing-10-2-1536x1027.jpg 1536w, https:\/\/seiu775.org\/wp-content\/uploads\/2026\/05\/2026-03-30-M-Tax-Bill-Signing-10-2.jpg 1616w\" sizes=\"auto, (max-width: 1024px) 100vw, 1024px\" \/><\/figure>\n\n\n\n<figure class=\"wp-block-image size-large\"><img loading=\"lazy\" decoding=\"async\" width=\"1024\" height=\"684\" data-id=\"30604\" src=\"https:\/\/seiu775.org\/wp-content\/uploads\/2026\/05\/2026-03-30-M-Tax-Bill-Signing-24-1-1024x684.jpg\" alt=\"\" class=\"wp-image-30604\" srcset=\"https:\/\/seiu775.org\/wp-content\/uploads\/2026\/05\/2026-03-30-M-Tax-Bill-Signing-24-1-1024x684.jpg 1024w, https:\/\/seiu775.org\/wp-content\/uploads\/2026\/05\/2026-03-30-M-Tax-Bill-Signing-24-1-300x200.jpg 300w, https:\/\/seiu775.org\/wp-content\/uploads\/2026\/05\/2026-03-30-M-Tax-Bill-Signing-24-1-768x513.jpg 768w, https:\/\/seiu775.org\/wp-content\/uploads\/2026\/05\/2026-03-30-M-Tax-Bill-Signing-24-1-1536x1027.jpg 1536w, https:\/\/seiu775.org\/wp-content\/uploads\/2026\/05\/2026-03-30-M-Tax-Bill-Signing-24-1.jpg 1616w\" sizes=\"auto, (max-width: 1024px) 100vw, 1024px\" \/><\/figure>\n<\/figure>\n\n\n\n<p class=\"wp-block-paragraph\">\uc6b0\ub9ac\ub294 20\ub144 \ub118\uac8c \uc870\uc138 \ud615\ud3c9\uc131\uc744 \uc704\ud55c \ud22c\uc7c1\uc744 \uc774\uc5b4\uc624\uace0 \uc788\uc2b5\ub2c8\ub2e4. 2002\ub144 \uc6b0\ub9ac \ub178\uc870\uc5d0 \uac00\uc785\ud55c \uc774\ub798, \uc800\ub294 \uac04\ubcd1\uc778\ub4e4\uacfc \ud568\uaed8 \uc218\ub9ce\uc740 \uc9d1\ud68c, \uc11c\uba85 \uc6b4\ub3d9, \uc704\uc6d0\ud68c \uccad\ubb38\ud68c \ub4f1 \uadf8 \ubc16\uc758 \uc628\uac16 \ud65c\ub3d9\uc5d0 \ucc38\uc5ec\ud574 \uc654\uc2b5\ub2c8\ub2e4. \uadf8\ub9ac\uace0 \uc774\uc81c \uc6cc\uc2f1\ud134\uc8fc\ub294 \uc5ed\uc0ac\uc801\uc778 \ubc31\ub9cc\uc7a5\uc790\uc138 \ubc95\uc548 \ud1b5\uacfc\ub97c \ud1b5\ud574 \ub9c8\uce68\ub0b4 \ubd80\uc720\uce35\uc5d0\uac8c \uc138\uae08\uc744 \ubd80\uacfc\ud560 \uac83\uc785\ub2c8\ub2e4. \uc774\ub294 \uac04\ubcd1\uc778\ub4e4\uacfc \uc6b0\ub9ac\uc758 \ub3d9\uc9c0\ub4e4\uc774 \ud574\uc654\uace0, \uc55e\uc73c\ub85c\ub3c4 \uacc4\uc18d\ud560 \ub178\ub825 \ub355\ubd84\uc785\ub2c8\ub2e4.&nbsp;&nbsp;<\/p>\n\n\n\n<p class=\"wp-block-paragraph\">\uc6cc\uc2f1\ud134\uc740 \uadfc\ub85c\uc790\ub4e4\uc774 \uac00\uc7a5 \ubd80\uc720\ud55c \uc0ac\ub78c\ub4e4\ubcf4\ub2e4 \ub354 \ub9ce\uc740 \uc138\uae08\uc744 \ub0b4\ub294, \uac70\uafb8\ub85c \ub41c \uc138\ubc95\uc744 \uac00\uc9c0\uace0 \uc788\uc5c8\uc2b5\ub2c8\ub2e4. \uadf8 \uacb0\uacfc\ub294 \ubb34\uc5c7\uc77c\uae4c\uc694? \uc5b5\ub9cc\uc7a5\uc790\uc640 \uac70\uc561 \uc790\uc0b0\uac00\ub4e4\uc774 \ub9c8\ub545\ud788 \ub0b4\uc57c \ud560 \uc138\uae08\uc744 \ud68c\ud53c\ud558\ub294 \ub3d9\uc548, \uad6d\ud68c\uc758\uc6d0\ub4e4\uc740 \ub9e4\ub144 \uac04\ubcd1\uc778\ub4e4\uc758 \uc0dd\ud65c\uc784\uae08\uc744 \uc704\ud55c \uc608\uc0b0\uc774 \ubd80\uc871\ud558\ub2e4\uace0 \uc6b0\ub9ac\uc5d0\uac8c \ub9d0\ud588\uc2b5\ub2c8\ub2e4.&nbsp;&nbsp;<\/p>\n\n\n\n<p class=\"wp-block-paragraph\">\uc0c8\ub85c\uc6b4 \ubc31\ub9cc\uc7a5\uc790\uc138\ub294 \uc7a5\uae30 \uc694\uc591\uacfc \uac19\uc740 \uc11c\ube44\uc2a4\uc5d0 \uc218\uc2ed\uc5b5 \ub2ec\ub7ec\ub97c \uc9c0\uc6d0\ud558\uace0, \uc6b0\ub9ac\uac00 \ub9e4\uc77c \uad6c\ub9e4\ud558\ub294 \ubb3c\uac74\uc5d0 \ub300\ud55c \ud310\ub9e4\uc138\ub97c \ud3d0\uc9c0\ud560 \uac83\uc785\ub2c8\ub2e4. \uc800\ub294 \uac04\ubcd1\uc778\ub4e4\uc774 \uc774 \ubc95\uc548 \ud1b5\uacfc\ub97c \uc704\ud55c \uae38\uc744 \uc5f4\uc5b4\uc8fc\uc5c8\ub2e4\uace0 \uc790\ub791\uc2a4\ub7fd\uac8c \ub9d0\uc500\ub4dc\ub9ac\uace0 \uc2f6\uc2b5\ub2c8\ub2e4. \ud558\uc9c0\ub9cc \uc544\uc9c1 \ub05d\ub09c \uac83\uc740 \uc544\ub2d9\ub2c8\ub2e4. \ucd08\ubd80\uc720\uce35\uc740 \uc62c\ud574 \ub9d0 \ud22c\ud45c\uc5d0 \ubd80\uccd0\uc9c8 \uc774 \uc138\uae08\uc5d0 \ubc18\ub300\ud558\uae30 \uc704\ud574 \uc774\ubbf8 \uc628\uac16 \uc218\ub2e8\uc744 \ub3d9\uc6d0\ud558\uace0 \uc788\uc2b5\ub2c8\ub2e4. \uc55e\uc73c\ub85c \ud798\ub4e0 \uc2f8\uc6c0\uc774 \uae30\ub2e4\ub9ac\uace0 \uc788\uc9c0\ub9cc, \uc6b0\ub9ac\ub294 \ud568\uaed8\ud560 \ub54c \uc5bc\ub9c8\ub098 \uac15\ub825\ud55c\uc9c0 \uc99d\uba85\ud574 \ubcf4\uc600\uc2b5\ub2c8\ub2e4. \uc6b0\ub9ac\uac00 \uc774\ub8ec \ubaa8\ub4e0 \uc131\uacfc\ub97c \ud568\uaed8 \ucd95\ud558\ud558\uace0, \uacc4\uc18d\ud574\uc11c \uc2f8\uc6cc \ub098\uac11\uc2dc\ub2e4.&nbsp;<\/p>\n\n\n\n<p class=\"wp-block-paragraph\">\uac10\uc0ac\ud569\ub2c8\ub2e4.&nbsp;&nbsp;<\/p>\n\n\n\n<p class=\"wp-block-paragraph\">Sterling&nbsp;Harders, SEIU 775 President<\/p>\n\n\n\n<figure class=\"wp-block-image size-full is-resized\"><img loading=\"lazy\" decoding=\"async\" width=\"683\" height=\"1024\" src=\"https:\/\/seiu775.org\/wp-content\/uploads\/2026\/07\/Sterling-headshot-1.jpg\" alt=\"\" class=\"wp-image-31021\" style=\"width:166px;height:auto\" srcset=\"https:\/\/seiu775.org\/wp-content\/uploads\/2026\/07\/Sterling-headshot-1.jpg 683w, https:\/\/seiu775.org\/wp-content\/uploads\/2026\/07\/Sterling-headshot-1-200x300.jpg 200w\" sizes=\"auto, (max-width: 683px) 100vw, 683px\" \/><\/figure>\n<\/div>\n\n\n\n<div class=\"wp-block-column is-vertically-aligned-center is-layout-flow wp-block-column-is-layout-flow\"><\/div>\n\n\n\n<div class=\"wp-block-column is-vertically-aligned-center is-layout-flow wp-block-column-is-layout-flow\"><\/div>\n\n\n\n<div class=\"wp-block-column is-vertically-aligned-center is-layout-flow wp-block-column-is-layout-flow\"><\/div>\n<\/div>\n\n\n\n<div class=\"wp-block-media-text has-media-on-the-right is-stacked-on-mobile\" style=\"grid-template-columns:auto 35%\"><div class=\"wp-block-media-text__content\">\n<p class=\"wp-block-paragraph\"><strong>\uc6b0\ub9ac\uc758 \uac04\ubcd1 \uc11c\ube44\uc2a4 \ubcf4\ud638&nbsp;<\/strong>&nbsp;<\/p>\n\n\n\n<p class=\"wp-block-paragraph\">\uc800\uc640 \uc81c \ud074\ub77c\uc774\uc5b8\ud2b8\ub294 \uc804\uc7c1\uc774 \ubc1c\ubc1c\ud55c \uc6b0\ud06c\ub77c\uc774\ub098\ub97c \ub5a0\ub0a0 \uc218\ubc16\uc5d0 \uc5c6\uc5c8\uc2b5\ub2c8\ub2e4. \uc6b0\ub9ac\ub294 \uc9d1\ub3c4, \uc18c\uc9c0\ud488\ub3c4, \uce5c\uad6c\ub3c4, \uce5c\ucc99\ub3c4 \ubaa8\ub4e0 \uac83\uc744 \uc783\uc5c8\uc2b5\ub2c8\ub2e4.\u00a0\u00a0\u00a0<\/p>\n\n\n\n<p class=\"wp-block-paragraph\">\uc81c \ud074\ub77c\uc774\uc5b8\ud2b8\ub294 73\uc138\uc774\uba70, \uc2dd\uc0ac, \uc57d \ubcf5\uc6a9, \ubcd1\uc6d0 \uc9c4\ub8cc \ub4f1\uc744 \uc81c\uac00&nbsp;\ucc59\uaca8\uc918\uc57c\ub9cc&nbsp;\ud569\ub2c8\ub2e4. \uc870\uae08\ub9cc \uc18c\ud640\ud788 \ud558\uba74 \uadf8\ub140\uc758 \uac74\uac15\uc740 \uae08\uc138 \ub098\ube60\uc9c8 \uac83\uc785\ub2c8\ub2e4.&nbsp;<strong>\uc5f0\ubc29 \uc815\ubd80\uc758 \ub054\ucc0d\ud55c&nbsp;Medicaid&nbsp;\uc608\uc0b0 \uc0ad\uac10 \ub54c\ubb38\uc5d0 \uadf8\ub140\ub294 \uc790\uc2e0\uc744 \uc9c0\ud0f1\ud574\uc8fc\ub294 \uac04\ubcd1 \uc11c\ube44\uc2a4\ub97c \uc783\uc744 \uc704\ud5d8\uc5d0 \ucc98\ud574 \uc788\uc2b5\ub2c8\ub2e4.<\/strong>&nbsp;<\/p>\n\n\n\n<p class=\"wp-block-paragraph\">\uadf8\ub807\uae30 \ub54c\ubb38\uc5d0 \uc800\ub294 2026\ub144 \uc6cc\uc2f1\ud134 \uc8fc\uc758\ud68c \uc785\ubc95 \uc2ec\uc758\ud68c \ub3d9\uc548 \uadf8\ub140\uc758 \uac04\ubcd1&nbsp;\uc11c\ube44\uc2a4\ubfd0\ub9cc&nbsp;\uc544\ub2c8\ub77c \uc6cc\uc2f1\ud134 \uc8fc \ubaa8\ub4e0 \uc0ac\ub78c\ub4e4\uc758 \uac04\ubcd1 \uc11c\ube44\uc2a4\ub97c \ubcf4\ud638\ud558\uae30 \uc704\ud574 \uc2f8\uc6e0\uc2b5\ub2c8\ub2e4. \uc800\ub294 \uc774\ubbfc\uc790 \uac04\ubcd1 \uc11c\ube44\uc2a4\ub97c \ubcf4\ud638\ud558\uae30 \uc704\ud574&nbsp;Olympia\uc5d0\uc11c&nbsp;\uc5f4\ub9b0 SEIU 775 \uc9d1\ud68c\uc5d0\uc11c \uc5f0\uc124\uae4c\uc9c0 \ud588\uc2b5\ub2c8\ub2e4. \uc774\ub807\uac8c \ud070 \uc9d1\ud68c\uc5d0 \ucc38\uc5ec\ud55c \uac74 \uc774\ubc88\uc774 \ucc98\uc74c\uc774\uc5c8\ub294\ub370, \ub178\uc870 \ub3d9\ub8cc\ub4e4\uacfc \ub098\ub780\ud788 \uc11c\uac8c \ub418\uc5b4 \uc815\ub9d0 \uc790\ub791\uc2a4\ub7ec\uc6e0\uc2b5\ub2c8\ub2e4.&nbsp;<\/p>\n\n\n\n<p class=\"wp-block-paragraph\">\uc6b0\ub9ac\uc758 \ub2e8\uacb0\ub825 \ub355\ubd84\uc5d0&nbsp;\uc6cc\uc2f1\ud134\uc8fc\uc5d0\uc11c \ub9ce\uc740 \uc7a5\uae30 \uc694\uc591 \ud658\uc790\ub4e4\uc758 \uce58\ub8cc\uac00 \uc0ad\uac10\ub418\ub294 \uac83\uc744 \ub9c9\uae30 \uc704\ud55c \uc790\uae08\uc744 \ud655\ubcf4\ud588\uace0, \uc774\ubbfc\uc138\uad00\uc9d1\ud589\uad6d(ICE) \uc694\uc6d0\ub4e4\uc774 \uc5bc\uad74\uc744 \uac00\ub9ac\ub294 \uac83\uc744 \uae08\uc9c0\ud558\uace0 \uc774\ubbfc \ub178\ub3d9\uc790\ub4e4\uc744 \uc704\ud55c \ub354 \ub9ce\uc740 \uc9c1\uc5c5 \ubcf4\ud638 \uc870\uce58\ub97c \ud655\ubcf4\ud568\uc73c\ub85c\uc368 \uc9c0\uc5ed\uc0ac\ud68c\ub97c \ub354\uc6b1 \uc548\uc804\ud558\uac8c&nbsp;\ub9cc\ub4e4\uc5c8\uc2b5\ub2c8\ub2e4.&nbsp;&nbsp;<\/p>\n\n\n\n<p class=\"wp-block-paragraph\"><strong>\uc544\uc9c1 \ud574\uc57c \ud560 \uc77c\uc774 \ub9ce\uc774 \ub0a8\uc544 \uc788\uc2b5\ub2c8\ub2e4. 1,000\uba85\uc774 \ub118\ub294 \uc6b0\ub9ac \ud074\ub77c\uc774\uc5b8\ud2b8\uac00 10\uc6d4 1\uc77c\ubd80\ub85c \uac04\ubcd1 \uc11c\ube44\uc2a4\ub97c \uc0c1\uc2e4\ud560 \uc704\ud5d8\uc5d0 \ucc98\ud574 \uc788\uc9c0\ub9cc, \uc774\ub7ec\ud55c \uc131\uacfc\ub294 \uc6b0\ub9ac\uac00 \ud798\uc744 \ud569\uce58\uba74 \ud070 \ud798\uc744 \ubc1c\ud718\ud560 \uc218 \uc788\ub2e4\ub294 \uc99d\uac70\uc785\ub2c8\ub2e4.<\/strong><\/p>\n\n\n\n<p class=\"wp-block-paragraph\"><strong>&#8211; Nataliia&nbsp;B.,&nbsp;\uac04\ubcd1\uc778, Vancouver, WA&nbsp;<\/strong><\/p>\n<\/div><figure class=\"wp-block-media-text__media\"><img loading=\"lazy\" decoding=\"async\" width=\"1024\" height=\"986\" src=\"https:\/\/seiu775.org\/wp-content\/uploads\/2026\/05\/Nataliia-1-1024x986.jpg\" alt=\"Nataliia in Olympia before speaking at the Protect Immigrant Care rally\" class=\"wp-image-30544 size-full\" srcset=\"https:\/\/seiu775.org\/wp-content\/uploads\/2026\/05\/Nataliia-1-1024x986.jpg 1024w, https:\/\/seiu775.org\/wp-content\/uploads\/2026\/05\/Nataliia-1-300x289.jpg 300w, https:\/\/seiu775.org\/wp-content\/uploads\/2026\/05\/Nataliia-1-768x739.jpg 768w, https:\/\/seiu775.org\/wp-content\/uploads\/2026\/05\/Nataliia-1-1536x1479.jpg 1536w, https:\/\/seiu775.org\/wp-content\/uploads\/2026\/05\/Nataliia-1.jpg 1820w\" sizes=\"auto, (max-width: 1024px) 100vw, 1024px\" \/><\/figure><\/div>\n\n\n\n<p class=\"wp-block-paragraph\">\uc6b0\ub9ac\uc758 \uc77c\uc740 \uc544\uc9c1 \ub05d\ub098\uc9c0 \uc54a\uc558\uc2b5\ub2c8\ub2e4. \uc62c\uc5ec\ub984, \ud2b8\ub7fc\ud504 \ud589\uc815\ubd80\ub294 \ub354 \ub9ce\uc740 \uc0ac\ub78c\ub4e4\uc758 \uc758\ub8cc \ud61c\ud0dd\uc744 \ub354 \ube68\ub9ac \uc0ad\uac10\ud558\uaca0\ub2e4\ub294 \uadf9\ub2e8\uc801\uc778 \uc785\uc7a5\uc744 \ucde8\ud588\ub294\ub370, \uc774\ub294 \uc6b0\ub9ac\uac00 \uc758\ub8cc \ud61c\ud0dd\uc744 \ubcf4\ud638\ud558\uae30 \uc704\ud574 \ud655\ubcf4\ud55c \uc790\uae08\uc774 \ubaa8\ub4e0 \uc0ac\ub78c\uc744 \uc9c0\uc6d0\ud558\uae30\uc5d0\ub294 \ucda9\ubd84\ud558\uc9c0 \uc54a\ub2e4\ub294 \uac83\uc744 \uc758\ubbf8\ud569\ub2c8\ub2e4. \uc774\ub294 \uc6cc\uc2f1\ud134\uc8fc\uc5d0\uc11c \uc218\ucc9c \uba85\uc758 \uc0ac\ub78c\ub4e4\uc774 \ub2e8\uc9c0 \uc774\ubbfc\uc790\ub77c\ub294 \uc774\uc720\ub9cc\uc73c\ub85c \uc758\ub8cc \ud61c\ud0dd\uc744 \uc783\uac8c \ub420 \uac83\uc774\ub77c\ub294 \ub73b\uc785\ub2c8\ub2e4.&nbsp;<strong>\ud37c\uac70\uc2a8(Ferguson) \uc8fc\uc9c0\uc0ac\uc5d0\uac8c \uc774\ubbfc\uc790 \uc9c0\uc6d0\uc744 \uc704\ud55c \uc790\uae08\uc758 \ubd80\uc871\ubd84\uc744 \uae34\uae09 \uc790\uae08\uc73c\ub85c \ucda9\ub2f9\ud558\ub3c4\ub85d \ucd09\uad6c\ud558\ub294 \uba54\uc2dc\uc9c0\ub97c \ubcf4\ub0b4\ub824\uba74 <a href=\"https:\/\/seiu775.org\/protectourcare\">seiu775.org\/protectourcare<\/a>\ub97c&nbsp;\ubc29\ubb38\ud558\uc2ed\uc2dc\uc624.&nbsp;<\/strong>&nbsp;<\/p>\n\n\n\n<hr class=\"wp-block-separator has-alpha-channel-opacity\"\/>\n\n\n\n<div class=\"wp-block-media-text is-stacked-on-mobile\" style=\"grid-template-columns:35% auto\"><figure class=\"wp-block-media-text__media\"><img loading=\"lazy\" decoding=\"async\" width=\"1024\" height=\"768\" src=\"https:\/\/seiu775.org\/wp-content\/uploads\/2026\/05\/CDMT-Nic-1.jpg\" alt=\"Nic (center left) alongside fellow bargaining team members\" class=\"wp-image-30550 size-full\" srcset=\"https:\/\/seiu775.org\/wp-content\/uploads\/2026\/05\/CDMT-Nic-1.jpg 1024w, https:\/\/seiu775.org\/wp-content\/uploads\/2026\/05\/CDMT-Nic-1-300x225.jpg 300w, https:\/\/seiu775.org\/wp-content\/uploads\/2026\/05\/CDMT-Nic-1-768x576.jpg 768w\" sizes=\"auto, (max-width: 1024px) 100vw, 1024px\" \/><\/figure><div class=\"wp-block-media-text__content\">\n<p class=\"wp-block-paragraph\"><strong>\ubaac\ud0dc\ub098\uc8fc&nbsp;\uac04\ubcd1\uc778\ub4e4\uc774 \ub2e8\uccb4\ud611\uc57d\uc744 \ud1b5\ud574 \uc784\uae08 \uc778\uc0c1\uc744 \uc7c1\ucde8\ud588\uc2b5\ub2c8\ub2e4.&nbsp;<\/strong>&nbsp;<\/p>\n\n\n\n<p class=\"wp-block-paragraph\">\uc800\ub294\u00a0Consumer\u00a0Direct\u00a0Care Network\u00a0Montana\uc5d0\uc11c\u00a0\uac70\uc758 10\ub144 \ub3d9\uc548 \uac04\ubcd1\uc778\uc73c\ub85c \uc77c\ud574 \uc654\uc2b5\ub2c8\ub2e4. \uc800\ub294 \uad50\uc12d\ud300\uc758 \uc77c\uc6d0\uc73c\ub85c\uc11c \ud070 \uc790\ubd80\uc2ec\uc744 \ub290\ub07c\uace0 \uc788\uc73c\uba70, \ubc29\uae08 \ub450 \ubc88\uc9f8 \ub178\uc870 \uacc4\uc57d\uc744 \ube44\uc900\ud588\ub2e4\ub294 \uae30\uc05c \uc18c\uc2dd\uc744 \uc804\ud569\ub2c8\ub2e4!\u00a0<\/p>\n\n\n\n<p class=\"wp-block-paragraph\">\ub178\uc870\uac00 \uacb0\uc131\ub418\uae30 \uc804\uc5d0\ub294 \ub9e4\ub144 \uace0\uc6a9\uc8fc\uac00 \uc131\uacfc \ud3c9\uac00\ub97c \ud560 \ub54c\ub9c8\ub2e4 \uc800\ub294 \uc784\uae08 \uc778\uc0c1\uc744 \uc694\uad6c\ud588\uc5c8\uc2b5\ub2c8\ub2e4. \uc800\uc758 \ud3c9\uac00 \uc810\uc218\ub294 \ud56d\uc0c1 \uc88b\uc558\uc9c0\ub9cc \ub9e4\ubc88 \uac70\uc808\ub2f9\ud558\uae30 \uc77c\uc464\uc600\uc2b5\ub2c8\ub2e4.&nbsp;<strong>\ud558\uc9c0\ub9cc \uc6b0\ub9ac\uac00 \ub2e8\uacb0\ud574\uc11c \ud589\ub3d9\uc5d0 \ub098\uc11c\uba74\uc11c \uc6b0\ub9ac \ubaa8\ub450\uac00 \uc784\uae08 \uc778\uc0c1\uc744 \uc7c1\ucde8\ud588\uc2b5\ub2c8\ub2e4.&nbsp;<\/strong>\uc720\uae09 \ud734\uac00(PTO) \uc81c\ub3c4\uac00 \uc18c\uc218 \uc9c1\uc6d0\uc5d0\uac8c\ub9cc \uc81c\uacf5\ub418\ub358 \uac83\uc5d0\uc11c \ubaa8\ub4e0 \uc9c1\uc6d0\uc73c\ub85c \ud655\ub300\ub418\uc5c8\uc2b5\ub2c8\ub2e4. \ubb34\uc5c7\ubcf4\ub2e4\ub3c4, \uc6b0\ub9ac\ub294 \ub9c8\uce68\ub0b4 \uc9c1\uc7a5\uc5d0\uc11c \uc6b0\ub9ac\uc758 \ubaa9\uc18c\ub9ac\ub97c \ub0bc \uc218 \uc788\uac8c \ub418\uc5c8\uc2b5\ub2c8\ub2e4.&nbsp;<\/p>\n\n\n\n<p class=\"wp-block-paragraph\">\ud611\uc0c1\uc740 \uae38\uc5c8\uc9c0\ub9cc \ubcf4\ub78c \uc788\ub294 \uacfc\uc815\uc774\uc5c8\uc2b5\ub2c8\ub2e4.&nbsp;<strong>\ucd5c\uc885 \ud569\uc758\uc5d0 \ub3c4\ub2ec\ud558\uae30\uae4c\uc9c0 6\uac1c\uc6d4 \ub3d9\uc548 \ud611\uc0c1\uc744 \ubc8c\uc600\uc2b5\ub2c8\ub2e4. \ud558\uc9c0\ub9cc \uacb0\uad6d,&nbsp;<\/strong>&nbsp;<strong>\uadf8 \ubaa8\ub4e0 \uc218\uace0\ub294 \ud5db\ub418\uc9c0 \uc54a\uc558\uc2b5\ub2c8\ub2e4.&nbsp;<\/strong>\uc784\uae08 \uc778\uc0c1,&nbsp;\uc7a5\uac70\ub9ac \uc8fc\ud589 \ubcf4\uc0c1, \uc720\uae09 \ud734\uac00 \uc77c\uc218 \ud655\ub300, \uadf8\ub9ac\uace0 \ub2f9\uc9c1 \uc218\ub2f9 \uc778\uc0c1\uc744 \uc7c1\ucde8\ud588\uc2b5\ub2c8\ub2e4. \ub610\ud55c \uac1c\uc778 \ub370\uc774\ud130 \ubcf4\ud638 \uc870\uce58 \ud655\ubcf4, \uc218\uc2b5 \uae30\uac04 \ub2e8\ucd95, \uadf8\ub9ac\uace0 \uc0c1\uc5ec\uae08 \uc9c0\uae09 \ud61c\ud0dd\ub3c4 \uc7c1\ucde8\ud588\uc2b5\ub2c8\ub2e4.&nbsp;&nbsp;<\/p>\n\n\n\n<p class=\"wp-block-paragraph\">\uc774\uc81c \uc6b0\ub9ac\uc758 \uc5c5\ubb34\ub294 \uacc4\uc18d\ub429\ub2c8\ub2e4. \uc6b0\ub9ac \uc784\uae08\uc5d0 \ud544\uc694\ud55c \uc790\uae08\uc758 \uc0c1\ub2f9 \ubd80\ubd84\uc740 \uc8fc \uc608\uc0b0\uc5d0\uc11c \uc758\uc6d0\ub4e4\uc774 \uacb0\uc815\ud569\ub2c8\ub2e4. \uc120\uac70\ub294 11\uc6d4\uc5d0 \uc788\uc73c\uba70, \ucc38\uc5ec\ud560 \uc218 \uc788\ub294 \ubc29\ubc95\uc740 \uc774\ubbf8 \ub9ce\uc2b5\ub2c8\ub2e4.\u00a0<strong>\uc9d1\uc9d1\ub9c8\ub2e4 \ucc3e\uc544\ub2e4\ub2c8\uba70 \uac04\ubcd1\uc778\uc744 \uc9c0\uc9c0\ud558\ub294 \ud6c4\ubcf4\ub4e4\uc744 \ub2f9\uc120\uc2dc\ud0a4\uae30 \uc704\ud574 \uc5f4\uc2ec\ud788 \ud65c\ub3d9\ud560 \uac83\uc785\ub2c8\ub2e4.<\/strong><\/p>\n\n\n\n<p class=\"wp-block-paragraph\"><strong>&#8211; Nic S.,&nbsp;\uac04\ubcd1\uc778, Missoula, MT&nbsp;<\/strong><\/p>\n\n\n\n<p class=\"wp-block-paragraph\"><em>\ub178\uc870 \uacc4\uc57d\uc11c\ub294 <a href=\"https:\/\/seiu775.org\/contracts\">seiu775.org\/contracts<\/a>\uc5d0\uc11c&nbsp;\ud655\uc778\ud558\uc2ed\uc2dc\uc624.<\/em>&nbsp;<\/p>\n<\/div><\/div>\n\n\n\n<hr class=\"wp-block-separator has-alpha-channel-opacity\"\/>\n\n\n\n<div class=\"wp-block-media-text has-media-on-the-right is-stacked-on-mobile\" style=\"grid-template-columns:auto 35%\"><div class=\"wp-block-media-text__content\">\n<p class=\"wp-block-paragraph\"><strong><br><\/strong><strong>\uc54c\ub798\uc2a4\uce74 \uc8fc\uc758\ud68c \uc758\uc0ac\ub2f9\uc5d0\uc11c \ud568\uaed8 \ub354\uc6b1 \uac15\ud558\uac8c<\/strong><strong>&nbsp;<\/strong>&nbsp;<\/p>\n\n\n\n<p class=\"wp-block-paragraph\">\uc800\ub294 \uc54c\ub798\uc2a4\uce74\uc8fc Big\u00a0Lake\u00a0\ucd9c\uc2e0\uc774\uba70, 50\ub144 \ub118\uac8c \uac04\ubcd1\uc778\uc73c\ub85c \uc77c\ud574 \uc654\uc2b5\ub2c8\ub2e4. 3\uc6d4\uc5d0 SEIU 775\u00a0Purple\u00a0Fly-Ins\u00a0\ud589\uc0ac\uc5d0 \ucc38\uc5ec\ud588\uc2b5\ub2c8\ub2e4.\u00a0<strong>\uc54c\ub798\uc2a4\uce74 \uc8fc \uc758\uc6d0\ub4e4\uc744 \ub9cc\ub098\uae30 \uc704\ud574\u00a0Juneau\uc5d0\u00a0\ucc98\uc74c\uc73c\ub85c \ube44\ud589\uae30\ub97c \ud0c0\uace0 \uac14\ub358 \uadf8\ub0a0\uc740 \uc808\ub300 \uc78a\uc9c0 \ubabb\ud560 \uac83\uc785\ub2c8\ub2e4.\u00a0<\/strong>\u00a0<\/p>\n\n\n\n<p class=\"wp-block-paragraph\">\uccab\ub0a0\ubd80\ud130 \uc6b0\ub9ac\ub294 \uc11c\ub85c\ub97c \uae4a\uc774 \uc54c\uc544\uac00\uace0, \ud568\uaed8 \ubc30\uc6b0\uba70 \uc131\uc7a5\ud588\uc2b5\ub2c8\ub2e4. \uc758\uc0ac\ub2f9\uc5d0 \uac14\uc744 \ub54c \uc6b0\ub9ac\ub294 \ud55c\ub9c8\uc74c&nbsp;\ud55c\ub73b\uc73c\ub85c&nbsp;\ubb49\ucce4\uc2b5\ub2c8\ub2e4. \uc758\uc6d0\ub4e4\uc5d0\uac8c \uac04\ubcd1\uc778\uc744 \uc704\ud55c \uc608\uc0b0\uc744 \ub354 \ub9ce\uc774 \ud655\ubcf4\ud574 \ub2ec\ub77c\uace0 \uc694\uccad\ud558\uace0, \uc6b0\ub9ac\uac00 \ud558\ub294 \ud544\uc218\uc801\uc778 \uc77c\uc744 \uc778\uc815\ud574 \ub2ec\ub77c\uace0 \ud638\uc18c\ud558\uae30&nbsp;\uc704\ud574\uc11c\uc600\uc2b5\ub2c8\ub2e4.&nbsp;<\/p>\n\n\n\n<p class=\"wp-block-paragraph\">\uc9c0\uae08 \ub108\ubb34\ub098 \ub9ce\uc740 \uac04\ubcd1\uc778\ub4e4\uc774 \uc0dd\uacc4\ub97c \uc720\uc9c0\ud558\uae30 \uc704\ud574 \uba87 \uac00\uc9c0 \ubd80\uc5c5\uc744 \ud558\uace0 \uc788\uc2b5\ub2c8\ub2e4. \uc6b0\ub9ac\ub294 \ub2e4\ub978 \uc0ac\ub78c\ub4e4\uc744 \ub3cc\ubcf4\uba74\uc11c\ub3c4 \uc815\uc791 \uc6b0\ub9ac \uc790\uc2e0\uc758 \uc9d1\uc138\ub97c \uc5b4\ub5bb\uac8c&nbsp;\ub0bc\uc9c0, \uc2dd\ub8cc\ud488\uc744 \uc5b4\ub5bb\uac8c \uc0b4\uc9c0, \uadf8\ub9ac\uace0 \uc5b4\ub5bb\uac8c \uac74\uac15\uc744 \uc720\uc9c0\ud574\uc11c \uacc4\uc18d \ucd9c\uadfc\ud560 \uc218 \uc788\uc744\uc9c0 \uac71\uc815\ud558\uace0&nbsp;\uc788\uc2b5\ub2c8\ub2e4. \uadf8\uac74 \uc7a5\uae30\uc801\uc73c\ub85c \uac00\ub2a5\ud558\uc9c0 \uc54a\uc2b5\ub2c8\ub2e4. \uac04\ubcd1\uc778\ub4e4\uc774 \uc774 \ubd84\uc57c\uc5d0 \uacc4\uc18d \uc885\uc0ac\ud560 \uc5ec\ub825\uc774 \uc5c6\ub2e4\uba74, \uac04\ubcd1\uc774 \ud544\uc694\ud55c \uc0ac\ub78c\ub4e4\uc774 \ud53c\ud574\ub97c \uc785\uac8c \ub420 \uac83\uc785\ub2c8\ub2e4.&nbsp;<\/p>\n\n\n\n<p class=\"wp-block-paragraph\"><strong>\uc54c\ub798\uc2a4\uce74 \uc804\uc5ed\uc5d0\uc11c \uc810\uc810 \ub354 \ub9ce\uc740 \uac04\ubcd1\uc778\ub4e4\uc774 \uc6b0\ub9ac\u00a0\uc790\uc2e0\ubfd0\ub9cc\u00a0\uc544\ub2c8\ub77c \uc6b0\ub9ac\uac00 \ub3cc\ubcf4\ub294 \uc0ac\ub78c\ub4e4\uc744 \uc704\ud574 \uc2f8\uc6b8 \uc900\ube44\uac00 \ub418\uc5b4 \uc788\uc2b5\ub2c8\ub2e4.\u00a0<\/strong>\ubaa8\ub4e0 \uac04\ubcd1\uc778 \uc5ec\ub7ec\ubd84\uaed8 \uc804\ud574\ub4dc\ub9ac\uace0 \uc2f6\uc740 \ub9d0\uc500\uc774 \uc788\uc2b5\ub2c8\ub2e4: \ub2f9\uc2e0\uc740 \uc18c\uc911\ud569\ub2c8\ub2e4. \uc77c\uc5d0 \uc3df\ub294\u00a0\uc5f4\uc815\ubfd0\ub9cc\u00a0\uc544\ub2c8\ub77c, \ud1f4\uadfc \uc2dc\uac04 \uc774\ud6c4\uc5d0 \ud22c\uc790\ud558\ub294 \uc218\ub9ce\uc740 \uc2dc\uac04 \ub610\ud55c \uc911\uc694\ud569\ub2c8\ub2e4. \ub0b4\ub144\uc5d0\ub294 \ub354 \ub9ce\uc740 \uc0ac\ub78c\ub4e4\uc774 \ubaa9\uc18c\ub9ac\ub97c \ub0b4\uae30\ub97c \ubc14\ub78d\ub2c8\ub2e4.\u00a0<strong>\uc6b0\ub9ac\ub294 \ud568\uaed8\ud560 \ub54c \uac15\ud558\uae30 \ub54c\ubb38\uc785\ub2c8\ub2e4.<\/strong><\/p>\n\n\n\n<p class=\"wp-block-paragraph\"><strong>&#8211; Kandee M.,&nbsp;\uac04\ubcd1\uc778, Big Lake, Alaska&nbsp;<\/strong><\/p>\n\n\n\n<p><span class=\"TextRun SCXW120109935 BCX8\" lang=\"KO-KR\" xml:lang=\"KO-KR\" data-contrast=\"none\"><span class=\"NormalTextRun SCXW120109935 BCX8\">\ucc38\uc5ec\ud558\uace0 \uc2f6\uc73c\uc2ed\ub2c8\uae4c? \uc800\ud76c \ucee4\ubba4\ub2c8\ud2f0\uc5d0 \ub3d9\ucc38\ud558\uc2dc\ub824\uba74 \ub2f4\ub2f9\uc790\uc5d0\uac8c \uc5f0\ub77d\ud558\uc2ed\uc2dc\uc624.<\/span><\/span><span class=\"EOP Selected SCXW120109935 BCX8\" data-ccp-props=\"{&quot;335559739&quot;:0}\">\u00a0<\/span><\/p>\n<\/div><figure class=\"wp-block-media-text__media\"><img loading=\"lazy\" decoding=\"async\" width=\"867\" height=\"1024\" src=\"https:\/\/seiu775.org\/wp-content\/uploads\/2026\/05\/Kandee-AK-1-867x1024.jpg\" alt=\"Kandee (front) and Alaska caregivers at the Alaska State Capitol \" class=\"wp-image-30556 size-full\" srcset=\"https:\/\/seiu775.org\/wp-content\/uploads\/2026\/05\/Kandee-AK-1-867x1024.jpg 867w, https:\/\/seiu775.org\/wp-content\/uploads\/2026\/05\/Kandee-AK-1-254x300.jpg 254w, https:\/\/seiu775.org\/wp-content\/uploads\/2026\/05\/Kandee-AK-1-768x907.jpg 768w, https:\/\/seiu775.org\/wp-content\/uploads\/2026\/05\/Kandee-AK-1.jpg 1107w\" sizes=\"auto, (max-width: 867px) 100vw, 867px\" \/><\/figure><\/div>\n\n\n\n<hr class=\"wp-block-separator has-alpha-channel-opacity\"\/>\n\n\n\n<div class=\"wp-block-media-text is-stacked-on-mobile\" style=\"grid-template-columns:35% auto\"><figure class=\"wp-block-media-text__media\"><img loading=\"lazy\" decoding=\"async\" width=\"478\" height=\"575\" src=\"https:\/\/seiu775.org\/wp-content\/uploads\/2026\/05\/Ana-PACS.png\" alt=\"Ana, PACS CNA\" class=\"wp-image-30562 size-full\" srcset=\"https:\/\/seiu775.org\/wp-content\/uploads\/2026\/05\/Ana-PACS.png 478w, https:\/\/seiu775.org\/wp-content\/uploads\/2026\/05\/Ana-PACS-249x300.png 249w\" sizes=\"auto, (max-width: 478px) 100vw, 478px\" \/><\/figure><div class=\"wp-block-media-text__content\">\n<p class=\"wp-block-paragraph\"><strong>\uc694\uc591\uc6d0 \uadfc\ub85c\uc790\ub4e4\uc774 \ub2e8\uacb0\ud558\uc5ec \uc784\uae08 \uc778\uc0c1\uc744 \uc7c1\ucde8\ud588\uc2b5\ub2c8\ub2e4.<\/strong>&nbsp;<\/p>\n\n\n\n<p class=\"wp-block-paragraph\">\uc800\ub294 \uc6cc\uc2f1\ud134\uc8fc\u00a0Richland\uc5d0\u00a0\uc788\ub294\u00a0PACS\uc5d0\uc11c\u00a0CNA\ub85c\u00a0\uc77c\ud558\uace0 \uc788\uc2b5\ub2c8\ub2e4. \uc778\ub825 \ubd80\uc871\uc774 \uc2ec\uac01\ud55c \ubb38\uc81c\uc774\uace0 \uc784\uae08 \uc778\uc0c1\uc744 \uac04\uc808\ud788 \ubc14\ub77c\uba70 \uad50\uc12d\ud300\uc5d0 \ud569\ub958\ud588\uc2b5\ub2c8\ub2e4. \ud611\uc0c1\ud300\uc5d0 \ucc38\uc5ec\ud55c \uac74 \ucc98\uc74c\uc774\uc5c8\ub294\ub370, \ud798\ub4e4\uae34 \ud588\uc9c0\ub9cc \uadf8\ub9cc\ud07c \ubcf4\ub78c \uc788\ub294 \uacbd\ud5d8\uc774\uc5c8\uc2b5\ub2c8\ub2e4.\u00a0<strong>\uace0\uc6a9\uc8fc\ub294 \uad50\uc12d \uacfc\uc815 \ub0b4\ub0b4 \uc6b0\ub9ac\ub97c \ud798\ub4e4\uac8c \ud588\uace0, \ubb34\ub824 8\uac1c\uc6d4 \ub3d9\uc548 \uad50\uc12d\uc744 \uc9c4\ud589\ud574\uc57c \ud588\uc2b5\ub2c8\ub2e4. \ud558\uc9c0\ub9cc \uc6b0\ub9ac\ub294 \ud3ec\uae30\ud558\uc9c0 \uc54a\uc558\uc2b5\ub2c8\ub2e4!<\/strong>\u00a0\uc8fc \uc804\uc5ed\uc5d0\uc11c \ubaa8\uc778 \uc6b0\ub9ac \ubaa8\ub450\uac00 \ud798\uc744 \ud569\ucce4\uace0, \uc774 \uac70\ub300\ud55c \ud65c\ub3d9\uc758 \uc77c\uc6d0\uc774 \ub418\uc5c8\ub2e4\ub294 \ub290\ub08c\uc774 \uc815\ub9d0 \ub300\ub2e8\ud588\uc2b5\ub2c8\ub2e4.\u00a0\u00a0<\/p>\n\n\n\n<p class=\"wp-block-paragraph\">\uc6b0\ub9ac\ub294 \uc694\uc591\uc6d0 \uc9c1\uc6d0\uc73c\ub85c\uc11c \ud658\uc790\ub97c \uc9c4\uc2ec\uc73c\ub85c \ub3cc\ubcf4\uace0, \ub9e1\uc740 \uc77c\uc744 \uc131\uc2e4\ud788 \uc218\ud589\ud569\ub2c8\ub2e4.&nbsp;<strong>\uc6b0\ub9ac\ub294 \ubaa8\ub4e0 PACS \uadfc\ub85c\uc790\uc758 \uc784\uae08 \uc778\uc0c1\uc744 \uc7c1\ucde8\ud588\uc73c\uba70,<\/strong>&nbsp;\uc774\ub97c \ud1b5\ud574 \uc9c1\uc6d0\ub4e4\uc774 \uacc4\uc18d \uadfc\ubb34\ud560 \uc218 \uc788\uac8c \ub418\uace0, \ub354 \ub9ce\uc740 \uacbd\ud5d8\uc744 \uac00\uc9c4 \uc2e0\uaddc \uc778\ub825\uc744 \ucc44\uc6a9\ud560 \uc218 \uc788\uae30\ub97c \ubc14\ub78d\ub2c8\ub2e4.&nbsp;&nbsp;<\/p>\n\n\n\n<p class=\"wp-block-paragraph\">\uc800\uc640 \ub3d9\ub8cc\ub4e4\uc740 \ub9c8\ub545\ud788 \ubc1b\uc544\uc57c \ud560 \uacc4\uc57d\uc744 \uc131\uc0ac\uc2dc\ud0a4\uae30 \uc704\ud574 \ubb34\uc2a8 \uc77c\uc774\ub4e0 \ud560 \uac01\uc624\uac00 \ub418\uc5b4 \uc788\uc5c8\uace0, \uc2ec\uc9c0\uc5b4 \uc815\ubcf4 \uc804\ub2ec\uc744 \uc704\ud55c \ud53c\ucf13 \uc2dc\uc704\ub97c \ubc8c\uc774\uae30\ub85c \ub9cc\uc7a5\uc77c\uce58\ub85c \uacb0\uc815\ud588\uc2b5\ub2c8\ub2e4. \uad50\uc12d\uc5d0 \ucc38\uc5ec\ud558\uc2e0 \ubaa8\ub4e0 \ubd84\ub4e4\uaed8 \uacc4\uc18d \uc2f8\uc6cc \ub098\uac00\uc2dc\uace0, \uc808\ub300 \ud3ec\uae30\ud558\uc9c0 \ub9c8\uc2dc\uae38\u00a0\ub2f9\ubd80\ub4dc\ub9bd\ub2c8\ub2e4! \ud3ec\uae30\ud558\uc9c0 \ub9c8\uc138\uc694. \uc6b0\ub9ac\ub294 \uadf8\ub7f4 \uc790\uaca9\uc774 \uc788\uc2b5\ub2c8\ub2e4.<\/p>\n\n\n\n<p class=\"wp-block-paragraph\"><strong>&#8211; Ana F.,&nbsp;\uc694\uc591\uc6d0&nbsp;CNA, Richland, WA&nbsp;<\/strong><\/p>\n<\/div><\/div>\n\n\n\n<p class=\"wp-block-paragraph\"><\/p>\n","protected":false},"excerpt":{"rendered":"<p>\uc6b0\ub9ac\ub294 20\ub144 \ub118\uac8c \uc870\uc138 \ud615\ud3c9\uc131\uc744 \uc704\ud55c \ud22c\uc7c1\uc744 \uc774\uc5b4\uc624\uace0 \uc788\uc2b5\ub2c8\ub2e4. 2002\ub144 \uc6b0\ub9ac \ub178\uc870\uc5d0 \uac00\uc785\ud55c \uc774\ub798, \uc800\ub294 \uac04\ubcd1\uc778\ub4e4\uacfc \ud568\uaed8 \uc218\ub9ce\uc740 \uc9d1\ud68c, \uc11c\uba85 \uc6b4\ub3d9, \uc704\uc6d0\ud68c \uccad\ubb38\ud68c \ub4f1 \uadf8 \ubc16\uc758 \uc628\uac16 \ud65c\ub3d9\uc5d0 \ucc38\uc5ec\ud574 \uc654\uc2b5\ub2c8\ub2e4. \uadf8\ub9ac\uace0 \uc774\uc81c \uc6cc\uc2f1\ud134\uc8fc\ub294 \uc5ed\uc0ac\uc801\uc778 \ubc31\ub9cc\uc7a5\uc790\uc138 \ubc95\uc548 \ud1b5\uacfc\ub97c \ud1b5\ud574 \ub9c8\uce68\ub0b4 \ubd80\uc720\uce35\uc5d0\uac8c \uc138\uae08\uc744 \ubd80\uacfc\ud560 \uac83\uc785\ub2c8\ub2e4. \uc774\ub294 \uac04\ubcd1\uc778\ub4e4\uacfc \uc6b0\ub9ac\uc758 \ub3d9\uc9c0\ub4e4\uc774 \ud574\uc654\uace0, \uc55e\uc73c\ub85c\ub3c4 \uacc4\uc18d\ud560 \ub178\ub825 \ub355\ubd84\uc785\ub2c8\ub2e4.&nbsp;&nbsp; \uc6cc\uc2f1\ud134\uc740 \uadfc\ub85c\uc790\ub4e4\uc774 \uac00\uc7a5 [&hellip;]<\/p>\n","protected":false},"author":5669,"featured_media":0,"comment_status":"closed","ping_status":"closed","sticky":false,"template":"","format":"standard","meta":{"_acf_changed":false,"inline_featured_image":false,"footnotes":"","_members_access_role":[],"_members_access_error":""},"categories":[4],"tags":[221,219,153,85,84,83,82,81,80,38],"class_list":["post-31034","post","type-post","status-publish","format-standard","hentry","category-news","tag-immigration","tag-medicaid","tag-newsletter","tag-nursing-homes","tag-agency-provider","tag-individual-provider","tag-alaska","tag-montana","tag-washington","tag-home-care"],"acf":[],"yoast_head":"<!-- This site is optimized with the Yoast SEO plugin v28.0 - https:\/\/yoast.com\/product\/yoast-seo-wordpress\/ -->\n<title>\ud568\uaed8 \ub354\uc6b1 \uac15\ud558\uac8c SEIU 775 \ub274\uc2a4\ub808\ud130\u00a07\uc6d4\ud638\u00a0 - SEIU 775<\/title>\n<meta name=\"robots\" content=\"index, follow, max-snippet:-1, max-image-preview:large, max-video-preview:-1\" \/>\n<link rel=\"canonical\" href=\"https:\/\/seiu775.org\/july2026newsletter-ko\/\" \/>\n<meta property=\"og:locale\" content=\"es_ES\" \/>\n<meta property=\"og:type\" content=\"article\" \/>\n<meta property=\"og:title\" content=\"\ud568\uaed8 \ub354\uc6b1 \uac15\ud558\uac8c SEIU 775 \ub274\uc2a4\ub808\ud130\u00a07\uc6d4\ud638\u00a0 - SEIU 775\" \/>\n<meta property=\"og:description\" content=\"\uc6b0\ub9ac\ub294 20\ub144 \ub118\uac8c \uc870\uc138 \ud615\ud3c9\uc131\uc744 \uc704\ud55c \ud22c\uc7c1\uc744 \uc774\uc5b4\uc624\uace0 \uc788\uc2b5\ub2c8\ub2e4. 2002\ub144 \uc6b0\ub9ac \ub178\uc870\uc5d0 \uac00\uc785\ud55c \uc774\ub798, \uc800\ub294 \uac04\ubcd1\uc778\ub4e4\uacfc \ud568\uaed8 \uc218\ub9ce\uc740 \uc9d1\ud68c, \uc11c\uba85 \uc6b4\ub3d9, \uc704\uc6d0\ud68c \uccad\ubb38\ud68c \ub4f1 \uadf8 \ubc16\uc758 \uc628\uac16 \ud65c\ub3d9\uc5d0 \ucc38\uc5ec\ud574 \uc654\uc2b5\ub2c8\ub2e4. \uadf8\ub9ac\uace0 \uc774\uc81c \uc6cc\uc2f1\ud134\uc8fc\ub294 \uc5ed\uc0ac\uc801\uc778 \ubc31\ub9cc\uc7a5\uc790\uc138 \ubc95\uc548 \ud1b5\uacfc\ub97c \ud1b5\ud574 \ub9c8\uce68\ub0b4 \ubd80\uc720\uce35\uc5d0\uac8c \uc138\uae08\uc744 \ubd80\uacfc\ud560 \uac83\uc785\ub2c8\ub2e4. \uc774\ub294 \uac04\ubcd1\uc778\ub4e4\uacfc \uc6b0\ub9ac\uc758 \ub3d9\uc9c0\ub4e4\uc774 \ud574\uc654\uace0, \uc55e\uc73c\ub85c\ub3c4 \uacc4\uc18d\ud560 \ub178\ub825 \ub355\ubd84\uc785\ub2c8\ub2e4.&nbsp;&nbsp; \uc6cc\uc2f1\ud134\uc740 \uadfc\ub85c\uc790\ub4e4\uc774 \uac00\uc7a5 [&hellip;]\" \/>\n<meta property=\"og:url\" content=\"https:\/\/seiu775.org\/july2026newsletter-ko\/\" \/>\n<meta property=\"og:site_name\" content=\"SEIU 775\" \/>\n<meta property=\"article:publisher\" content=\"https:\/\/www.facebook.com\/seiu775\" \/>\n<meta property=\"article:published_time\" content=\"2026-07-29T18:29:38+00:00\" \/>\n<meta property=\"article:modified_time\" content=\"2026-07-29T18:29:40+00:00\" \/>\n<meta property=\"og:image\" content=\"https:\/\/seiu775.org\/wp-content\/uploads\/2026\/05\/2026-03-30-M-Tax-Bill-Signing-19-1.jpg\" \/>\n\t<meta property=\"og:image:width\" content=\"1616\" \/>\n\t<meta property=\"og:image:height\" content=\"1080\" \/>\n\t<meta property=\"og:image:type\" content=\"image\/jpeg\" \/>\n<meta name=\"author\" content=\"Rachel Jakovac\" \/>\n<meta name=\"twitter:card\" content=\"summary_large_image\" \/>\n<meta name=\"twitter:creator\" content=\"@seiu775\" \/>\n<meta name=\"twitter:site\" content=\"@seiu775\" \/>\n<meta name=\"twitter:label1\" content=\"Escrito por\" \/>\n\t<meta name=\"twitter:data1\" content=\"Rachel Jakovac\" \/>\n\t<meta name=\"twitter:label2\" content=\"Tiempo de lectura\" \/>\n\t<meta name=\"twitter:data2\" content=\"6 minutos\" \/>\n<script type=\"application\/ld+json\" class=\"yoast-schema-graph\">{\"@context\":\"https:\\\/\\\/schema.org\",\"@graph\":[{\"@type\":\"Article\",\"@id\":\"https:\\\/\\\/seiu775.org\\\/july2026newsletter-ko\\\/#article\",\"isPartOf\":{\"@id\":\"https:\\\/\\\/seiu775.org\\\/july2026newsletter-ko\\\/\"},\"author\":{\"name\":\"Rachel Jakovac\",\"@id\":\"https:\\\/\\\/seiu775.org\\\/#\\\/schema\\\/person\\\/b68bb44ebcb6d100d9590a377b54fab4\"},\"headline\":\"\ud568\uaed8 \ub354\uc6b1 \uac15\ud558\uac8c SEIU 775 \ub274\uc2a4\ub808\ud130\u00a07\uc6d4\ud638\u00a0\",\"datePublished\":\"2026-07-29T18:29:38+00:00\",\"dateModified\":\"2026-07-29T18:29:40+00:00\",\"mainEntityOfPage\":{\"@id\":\"https:\\\/\\\/seiu775.org\\\/july2026newsletter-ko\\\/\"},\"wordCount\":122,\"publisher\":{\"@id\":\"https:\\\/\\\/seiu775.org\\\/#organization\"},\"image\":{\"@id\":\"https:\\\/\\\/seiu775.org\\\/july2026newsletter-ko\\\/#primaryimage\"},\"thumbnailUrl\":\"https:\\\/\\\/seiu775.org\\\/wp-content\\\/uploads\\\/2026\\\/05\\\/2026-03-30-M-Tax-Bill-Signing-19-1-1024x684.jpg\",\"keywords\":[\"Immigration\",\"Medicaid\",\"Newsletter\",\"Nursing Homes\",\"Agency Provider\",\"Individual Provider\",\"Alaska\",\"Montana\",\"Washington\",\"Home Care\"],\"articleSection\":[\"News\"],\"inLanguage\":\"es\"},{\"@type\":\"WebPage\",\"@id\":\"https:\\\/\\\/seiu775.org\\\/july2026newsletter-ko\\\/\",\"url\":\"https:\\\/\\\/seiu775.org\\\/july2026newsletter-ko\\\/\",\"name\":\"\ud568\uaed8 \ub354\uc6b1 \uac15\ud558\uac8c SEIU 775 \ub274\uc2a4\ub808\ud130\u00a07\uc6d4\ud638\u00a0 - SEIU 775\",\"isPartOf\":{\"@id\":\"https:\\\/\\\/seiu775.org\\\/#website\"},\"primaryImageOfPage\":{\"@id\":\"https:\\\/\\\/seiu775.org\\\/july2026newsletter-ko\\\/#primaryimage\"},\"image\":{\"@id\":\"https:\\\/\\\/seiu775.org\\\/july2026newsletter-ko\\\/#primaryimage\"},\"thumbnailUrl\":\"https:\\\/\\\/seiu775.org\\\/wp-content\\\/uploads\\\/2026\\\/05\\\/2026-03-30-M-Tax-Bill-Signing-19-1-1024x684.jpg\",\"datePublished\":\"2026-07-29T18:29:38+00:00\",\"dateModified\":\"2026-07-29T18:29:40+00:00\",\"breadcrumb\":{\"@id\":\"https:\\\/\\\/seiu775.org\\\/july2026newsletter-ko\\\/#breadcrumb\"},\"inLanguage\":\"es\",\"potentialAction\":[{\"@type\":\"ReadAction\",\"target\":[\"https:\\\/\\\/seiu775.org\\\/july2026newsletter-ko\\\/\"]}]},{\"@type\":\"ImageObject\",\"inLanguage\":\"es\",\"@id\":\"https:\\\/\\\/seiu775.org\\\/july2026newsletter-ko\\\/#primaryimage\",\"url\":\"https:\\\/\\\/seiu775.org\\\/wp-content\\\/uploads\\\/2026\\\/05\\\/2026-03-30-M-Tax-Bill-Signing-19-1-1024x684.jpg\",\"contentUrl\":\"https:\\\/\\\/seiu775.org\\\/wp-content\\\/uploads\\\/2026\\\/05\\\/2026-03-30-M-Tax-Bill-Signing-19-1-1024x684.jpg\"},{\"@type\":\"BreadcrumbList\",\"@id\":\"https:\\\/\\\/seiu775.org\\\/july2026newsletter-ko\\\/#breadcrumb\",\"itemListElement\":[{\"@type\":\"ListItem\",\"position\":1,\"name\":\"Home\",\"item\":\"https:\\\/\\\/seiu775.org\\\/es\\\/\"},{\"@type\":\"ListItem\",\"position\":2,\"name\":\"\ud568\uaed8 \ub354\uc6b1 \uac15\ud558\uac8c SEIU 775 \ub274\uc2a4\ub808\ud130\u00a07\uc6d4\ud638\u00a0\"}]},{\"@type\":\"WebSite\",\"@id\":\"https:\\\/\\\/seiu775.org\\\/#website\",\"url\":\"https:\\\/\\\/seiu775.org\\\/\",\"name\":\"SEIU775\",\"description\":\"We&#039;re Stronger Together\",\"publisher\":{\"@id\":\"https:\\\/\\\/seiu775.org\\\/#organization\"},\"potentialAction\":[{\"@type\":\"SearchAction\",\"target\":{\"@type\":\"EntryPoint\",\"urlTemplate\":\"https:\\\/\\\/seiu775.org\\\/?s={search_term_string}\"},\"query-input\":{\"@type\":\"PropertyValueSpecification\",\"valueRequired\":true,\"valueName\":\"search_term_string\"}}],\"inLanguage\":\"es\"},{\"@type\":\"Organization\",\"@id\":\"https:\\\/\\\/seiu775.org\\\/#organization\",\"name\":\"SEIU775\",\"url\":\"https:\\\/\\\/seiu775.org\\\/\",\"logo\":{\"@type\":\"ImageObject\",\"inLanguage\":\"es\",\"@id\":\"https:\\\/\\\/seiu775.org\\\/#\\\/schema\\\/logo\\\/image\\\/\",\"url\":\"https:\\\/\\\/seiu775.org\\\/wp-content\\\/uploads\\\/2020\\\/07\\\/logo.png\",\"contentUrl\":\"https:\\\/\\\/seiu775.org\\\/wp-content\\\/uploads\\\/2020\\\/07\\\/logo.png\",\"width\":126,\"height\":126,\"caption\":\"SEIU775\"},\"image\":{\"@id\":\"https:\\\/\\\/seiu775.org\\\/#\\\/schema\\\/logo\\\/image\\\/\"},\"sameAs\":[\"https:\\\/\\\/www.facebook.com\\\/seiu775\",\"https:\\\/\\\/x.com\\\/seiu775\",\"https:\\\/\\\/www.youtube.com\\\/channel\\\/UCRnCbqnYM3ZaGYHUZQiG3Ug\",\"https:\\\/\\\/www.instagram.com\\\/seiu775\\\/\",\"https:\\\/\\\/www.linkedin.com\\\/company\\\/seiu-775nw\\\/\"]},{\"@type\":\"Person\",\"@id\":\"https:\\\/\\\/seiu775.org\\\/#\\\/schema\\\/person\\\/b68bb44ebcb6d100d9590a377b54fab4\",\"name\":\"Rachel Jakovac\",\"image\":{\"@type\":\"ImageObject\",\"inLanguage\":\"es\",\"@id\":\"https:\\\/\\\/secure.gravatar.com\\\/avatar\\\/b9888826ab82112ec13ff6e354563a1cad072dc43a2d13ce52113247b75ee9d6?s=96&d=mm&r=g\",\"url\":\"https:\\\/\\\/secure.gravatar.com\\\/avatar\\\/b9888826ab82112ec13ff6e354563a1cad072dc43a2d13ce52113247b75ee9d6?s=96&d=mm&r=g\",\"contentUrl\":\"https:\\\/\\\/secure.gravatar.com\\\/avatar\\\/b9888826ab82112ec13ff6e354563a1cad072dc43a2d13ce52113247b75ee9d6?s=96&d=mm&r=g\",\"caption\":\"Rachel Jakovac\"}}]}<\/script>\n<!-- \/ Yoast SEO plugin. -->","yoast_head_json":{"title":"\ud568\uaed8 \ub354\uc6b1 \uac15\ud558\uac8c SEIU 775 \ub274\uc2a4\ub808\ud130\u00a07\uc6d4\ud638\u00a0 - SEIU 775","robots":{"index":"index","follow":"follow","max-snippet":"max-snippet:-1","max-image-preview":"max-image-preview:large","max-video-preview":"max-video-preview:-1"},"canonical":"https:\/\/seiu775.org\/july2026newsletter-ko\/","og_locale":"es_ES","og_type":"article","og_title":"\ud568\uaed8 \ub354\uc6b1 \uac15\ud558\uac8c SEIU 775 \ub274\uc2a4\ub808\ud130\u00a07\uc6d4\ud638\u00a0 - SEIU 775","og_description":"\uc6b0\ub9ac\ub294 20\ub144 \ub118\uac8c \uc870\uc138 \ud615\ud3c9\uc131\uc744 \uc704\ud55c \ud22c\uc7c1\uc744 \uc774\uc5b4\uc624\uace0 \uc788\uc2b5\ub2c8\ub2e4. 2002\ub144 \uc6b0\ub9ac \ub178\uc870\uc5d0 \uac00\uc785\ud55c \uc774\ub798, \uc800\ub294 \uac04\ubcd1\uc778\ub4e4\uacfc \ud568\uaed8 \uc218\ub9ce\uc740 \uc9d1\ud68c, \uc11c\uba85 \uc6b4\ub3d9, \uc704\uc6d0\ud68c \uccad\ubb38\ud68c \ub4f1 \uadf8 \ubc16\uc758 \uc628\uac16 \ud65c\ub3d9\uc5d0 \ucc38\uc5ec\ud574 \uc654\uc2b5\ub2c8\ub2e4. \uadf8\ub9ac\uace0 \uc774\uc81c \uc6cc\uc2f1\ud134\uc8fc\ub294 \uc5ed\uc0ac\uc801\uc778 \ubc31\ub9cc\uc7a5\uc790\uc138 \ubc95\uc548 \ud1b5\uacfc\ub97c \ud1b5\ud574 \ub9c8\uce68\ub0b4 \ubd80\uc720\uce35\uc5d0\uac8c \uc138\uae08\uc744 \ubd80\uacfc\ud560 \uac83\uc785\ub2c8\ub2e4. \uc774\ub294 \uac04\ubcd1\uc778\ub4e4\uacfc \uc6b0\ub9ac\uc758 \ub3d9\uc9c0\ub4e4\uc774 \ud574\uc654\uace0, \uc55e\uc73c\ub85c\ub3c4 \uacc4\uc18d\ud560 \ub178\ub825 \ub355\ubd84\uc785\ub2c8\ub2e4.&nbsp;&nbsp; \uc6cc\uc2f1\ud134\uc740 \uadfc\ub85c\uc790\ub4e4\uc774 \uac00\uc7a5 [&hellip;]","og_url":"https:\/\/seiu775.org\/july2026newsletter-ko\/","og_site_name":"SEIU 775","article_publisher":"https:\/\/www.facebook.com\/seiu775","article_published_time":"2026-07-29T18:29:38+00:00","article_modified_time":"2026-07-29T18:29:40+00:00","og_image":[{"width":1616,"height":1080,"url":"https:\/\/seiu775.org\/wp-content\/uploads\/2026\/05\/2026-03-30-M-Tax-Bill-Signing-19-1.jpg","type":"image\/jpeg"}],"author":"Rachel Jakovac","twitter_card":"summary_large_image","twitter_creator":"@seiu775","twitter_site":"@seiu775","twitter_misc":{"Escrito por":"Rachel Jakovac","Tiempo de lectura":"6 minutos"},"schema":{"@context":"https:\/\/schema.org","@graph":[{"@type":"Article","@id":"https:\/\/seiu775.org\/july2026newsletter-ko\/#article","isPartOf":{"@id":"https:\/\/seiu775.org\/july2026newsletter-ko\/"},"author":{"name":"Rachel Jakovac","@id":"https:\/\/seiu775.org\/#\/schema\/person\/b68bb44ebcb6d100d9590a377b54fab4"},"headline":"\ud568\uaed8 \ub354\uc6b1 \uac15\ud558\uac8c SEIU 775 \ub274\uc2a4\ub808\ud130\u00a07\uc6d4\ud638\u00a0","datePublished":"2026-07-29T18:29:38+00:00","dateModified":"2026-07-29T18:29:40+00:00","mainEntityOfPage":{"@id":"https:\/\/seiu775.org\/july2026newsletter-ko\/"},"wordCount":122,"publisher":{"@id":"https:\/\/seiu775.org\/#organization"},"image":{"@id":"https:\/\/seiu775.org\/july2026newsletter-ko\/#primaryimage"},"thumbnailUrl":"https:\/\/seiu775.org\/wp-content\/uploads\/2026\/05\/2026-03-30-M-Tax-Bill-Signing-19-1-1024x684.jpg","keywords":["Immigration","Medicaid","Newsletter","Nursing Homes","Agency Provider","Individual Provider","Alaska","Montana","Washington","Home Care"],"articleSection":["News"],"inLanguage":"es"},{"@type":"WebPage","@id":"https:\/\/seiu775.org\/july2026newsletter-ko\/","url":"https:\/\/seiu775.org\/july2026newsletter-ko\/","name":"\ud568\uaed8 \ub354\uc6b1 \uac15\ud558\uac8c SEIU 775 \ub274\uc2a4\ub808\ud130\u00a07\uc6d4\ud638\u00a0 - SEIU 775","isPartOf":{"@id":"https:\/\/seiu775.org\/#website"},"primaryImageOfPage":{"@id":"https:\/\/seiu775.org\/july2026newsletter-ko\/#primaryimage"},"image":{"@id":"https:\/\/seiu775.org\/july2026newsletter-ko\/#primaryimage"},"thumbnailUrl":"https:\/\/seiu775.org\/wp-content\/uploads\/2026\/05\/2026-03-30-M-Tax-Bill-Signing-19-1-1024x684.jpg","datePublished":"2026-07-29T18:29:38+00:00","dateModified":"2026-07-29T18:29:40+00:00","breadcrumb":{"@id":"https:\/\/seiu775.org\/july2026newsletter-ko\/#breadcrumb"},"inLanguage":"es","potentialAction":[{"@type":"ReadAction","target":["https:\/\/seiu775.org\/july2026newsletter-ko\/"]}]},{"@type":"ImageObject","inLanguage":"es","@id":"https:\/\/seiu775.org\/july2026newsletter-ko\/#primaryimage","url":"https:\/\/seiu775.org\/wp-content\/uploads\/2026\/05\/2026-03-30-M-Tax-Bill-Signing-19-1-1024x684.jpg","contentUrl":"https:\/\/seiu775.org\/wp-content\/uploads\/2026\/05\/2026-03-30-M-Tax-Bill-Signing-19-1-1024x684.jpg"},{"@type":"BreadcrumbList","@id":"https:\/\/seiu775.org\/july2026newsletter-ko\/#breadcrumb","itemListElement":[{"@type":"ListItem","position":1,"name":"Home","item":"https:\/\/seiu775.org\/es\/"},{"@type":"ListItem","position":2,"name":"\ud568\uaed8 \ub354\uc6b1 \uac15\ud558\uac8c SEIU 775 \ub274\uc2a4\ub808\ud130\u00a07\uc6d4\ud638\u00a0"}]},{"@type":"WebSite","@id":"https:\/\/seiu775.org\/#website","url":"https:\/\/seiu775.org\/","name":"SEIU775","description":"We&#039;re Stronger Together","publisher":{"@id":"https:\/\/seiu775.org\/#organization"},"potentialAction":[{"@type":"SearchAction","target":{"@type":"EntryPoint","urlTemplate":"https:\/\/seiu775.org\/?s={search_term_string}"},"query-input":{"@type":"PropertyValueSpecification","valueRequired":true,"valueName":"search_term_string"}}],"inLanguage":"es"},{"@type":"Organization","@id":"https:\/\/seiu775.org\/#organization","name":"SEIU775","url":"https:\/\/seiu775.org\/","logo":{"@type":"ImageObject","inLanguage":"es","@id":"https:\/\/seiu775.org\/#\/schema\/logo\/image\/","url":"https:\/\/seiu775.org\/wp-content\/uploads\/2020\/07\/logo.png","contentUrl":"https:\/\/seiu775.org\/wp-content\/uploads\/2020\/07\/logo.png","width":126,"height":126,"caption":"SEIU775"},"image":{"@id":"https:\/\/seiu775.org\/#\/schema\/logo\/image\/"},"sameAs":["https:\/\/www.facebook.com\/seiu775","https:\/\/x.com\/seiu775","https:\/\/www.youtube.com\/channel\/UCRnCbqnYM3ZaGYHUZQiG3Ug","https:\/\/www.instagram.com\/seiu775\/","https:\/\/www.linkedin.com\/company\/seiu-775nw\/"]},{"@type":"Person","@id":"https:\/\/seiu775.org\/#\/schema\/person\/b68bb44ebcb6d100d9590a377b54fab4","name":"Rachel Jakovac","image":{"@type":"ImageObject","inLanguage":"es","@id":"https:\/\/secure.gravatar.com\/avatar\/b9888826ab82112ec13ff6e354563a1cad072dc43a2d13ce52113247b75ee9d6?s=96&d=mm&r=g","url":"https:\/\/secure.gravatar.com\/avatar\/b9888826ab82112ec13ff6e354563a1cad072dc43a2d13ce52113247b75ee9d6?s=96&d=mm&r=g","contentUrl":"https:\/\/secure.gravatar.com\/avatar\/b9888826ab82112ec13ff6e354563a1cad072dc43a2d13ce52113247b75ee9d6?s=96&d=mm&r=g","caption":"Rachel Jakovac"}}]}},"publishpress_future_action":{"enabled":false,"date":"2026-09-10 11:48:53","action":"change-status","newStatus":"draft","terms":[],"taxonomy":"category","extraData":[]},"publishpress_future_workflow_manual_trigger":{"enabledWorkflows":[]},"_links":{"self":[{"href":"https:\/\/seiu775.org\/es\/wp-json\/wp\/v2\/posts\/31034","targetHints":{"allow":["GET"]}}],"collection":[{"href":"https:\/\/seiu775.org\/es\/wp-json\/wp\/v2\/posts"}],"about":[{"href":"https:\/\/seiu775.org\/es\/wp-json\/wp\/v2\/types\/post"}],"author":[{"embeddable":true,"href":"https:\/\/seiu775.org\/es\/wp-json\/wp\/v2\/users\/5669"}],"replies":[{"embeddable":true,"href":"https:\/\/seiu775.org\/es\/wp-json\/wp\/v2\/comments?post=31034"}],"version-history":[{"count":0,"href":"https:\/\/seiu775.org\/es\/wp-json\/wp\/v2\/posts\/31034\/revisions"}],"wp:attachment":[{"href":"https:\/\/seiu775.org\/es\/wp-json\/wp\/v2\/media?parent=31034"}],"wp:term":[{"taxonomy":"category","embeddable":true,"href":"https:\/\/seiu775.org\/es\/wp-json\/wp\/v2\/categories?post=31034"},{"taxonomy":"post_tag","embeddable":true,"href":"https:\/\/seiu775.org\/es\/wp-json\/wp\/v2\/tags?post=31034"}],"curies":[{"name":"wp","href":"https:\/\/api.w.org\/{rel}","templated":true}]}},{"id":31028,"date":"2026-07-29T11:28:23","date_gmt":"2026-07-29T18:28:23","guid":{"rendered":"https:\/\/seiu775.org\/?p=31028"},"modified":"2026-07-29T11:28:40","modified_gmt":"2026-07-29T18:28:40","slug":"july2026newsletter-ch","status":"publish","type":"post","link":"https:\/\/seiu775.org\/july2026newsletter-ch\/","title":{"rendered":"\u56e2\u7ed3\u4f7f\u6211\u4eec\u66f4\u5f3a\u5927\uff1aSEIU 775\u00a07\u00a0\u6708\u5185\u90e8\u901a\u8baf\u00a0"},"content":{"rendered":"\n<div class=\"wp-block-columns is-layout-flex wp-container-core-columns-is-layout-8f761849 wp-block-columns-is-layout-flex\"><\/div>\n\n\n\n<div class=\"wp-block-columns alignwide are-vertically-aligned-center is-layout-flex wp-container-core-columns-is-layout-8f761849 wp-block-columns-is-layout-flex\">\n<div class=\"wp-block-column is-vertically-aligned-center is-layout-flow wp-block-column-is-layout-flow\" style=\"flex-basis:100%\">\n<figure class=\"wp-block-gallery has-nested-images columns-default is-cropped wp-block-gallery-3 is-layout-flex wp-block-gallery-is-layout-flex\">\n<figure class=\"wp-block-image size-large\"><img loading=\"lazy\" decoding=\"async\" width=\"1024\" height=\"684\" data-id=\"30592\" src=\"https:\/\/seiu775.org\/wp-content\/uploads\/2026\/05\/2026-03-30-M-Tax-Bill-Signing-19-1-1024x684.jpg\" alt=\"\" class=\"wp-image-30592\" srcset=\"https:\/\/seiu775.org\/wp-content\/uploads\/2026\/05\/2026-03-30-M-Tax-Bill-Signing-19-1-1024x684.jpg 1024w, https:\/\/seiu775.org\/wp-content\/uploads\/2026\/05\/2026-03-30-M-Tax-Bill-Signing-19-1-300x200.jpg 300w, https:\/\/seiu775.org\/wp-content\/uploads\/2026\/05\/2026-03-30-M-Tax-Bill-Signing-19-1-768x513.jpg 768w, https:\/\/seiu775.org\/wp-content\/uploads\/2026\/05\/2026-03-30-M-Tax-Bill-Signing-19-1-1536x1027.jpg 1536w, https:\/\/seiu775.org\/wp-content\/uploads\/2026\/05\/2026-03-30-M-Tax-Bill-Signing-19-1.jpg 1616w\" sizes=\"auto, (max-width: 1024px) 100vw, 1024px\" \/><\/figure>\n\n\n\n<figure class=\"wp-block-image size-large\"><img loading=\"lazy\" decoding=\"async\" width=\"1024\" height=\"684\" data-id=\"30598\" src=\"https:\/\/seiu775.org\/wp-content\/uploads\/2026\/05\/2026-03-30-M-Tax-Bill-Signing-10-2-1024x684.jpg\" alt=\"\" class=\"wp-image-30598\" srcset=\"https:\/\/seiu775.org\/wp-content\/uploads\/2026\/05\/2026-03-30-M-Tax-Bill-Signing-10-2-1024x684.jpg 1024w, https:\/\/seiu775.org\/wp-content\/uploads\/2026\/05\/2026-03-30-M-Tax-Bill-Signing-10-2-300x200.jpg 300w, https:\/\/seiu775.org\/wp-content\/uploads\/2026\/05\/2026-03-30-M-Tax-Bill-Signing-10-2-768x513.jpg 768w, https:\/\/seiu775.org\/wp-content\/uploads\/2026\/05\/2026-03-30-M-Tax-Bill-Signing-10-2-1536x1027.jpg 1536w, https:\/\/seiu775.org\/wp-content\/uploads\/2026\/05\/2026-03-30-M-Tax-Bill-Signing-10-2.jpg 1616w\" sizes=\"auto, (max-width: 1024px) 100vw, 1024px\" \/><\/figure>\n\n\n\n<figure class=\"wp-block-image size-large\"><img loading=\"lazy\" decoding=\"async\" width=\"1024\" height=\"684\" data-id=\"30604\" src=\"https:\/\/seiu775.org\/wp-content\/uploads\/2026\/05\/2026-03-30-M-Tax-Bill-Signing-24-1-1024x684.jpg\" alt=\"\" class=\"wp-image-30604\" srcset=\"https:\/\/seiu775.org\/wp-content\/uploads\/2026\/05\/2026-03-30-M-Tax-Bill-Signing-24-1-1024x684.jpg 1024w, https:\/\/seiu775.org\/wp-content\/uploads\/2026\/05\/2026-03-30-M-Tax-Bill-Signing-24-1-300x200.jpg 300w, https:\/\/seiu775.org\/wp-content\/uploads\/2026\/05\/2026-03-30-M-Tax-Bill-Signing-24-1-768x513.jpg 768w, https:\/\/seiu775.org\/wp-content\/uploads\/2026\/05\/2026-03-30-M-Tax-Bill-Signing-24-1-1536x1027.jpg 1536w, https:\/\/seiu775.org\/wp-content\/uploads\/2026\/05\/2026-03-30-M-Tax-Bill-Signing-24-1.jpg 1616w\" sizes=\"auto, (max-width: 1024px) 100vw, 1024px\" \/><\/figure>\n<\/figure>\n\n\n\n<p class=\"wp-block-paragraph\"><strong>\u5404\u4f4d SEIU&nbsp;775 \u62a4\u7406\u4eba\u5458\uff1a<\/strong>&nbsp;<\/p>\n\n\n\n<p class=\"wp-block-paragraph\">\u6211\u4eec\u4e3a\u7a0e\u6536\u516c\u5e73\u594b\u6597\u4e86\u4e8c\u5341\u591a\u5e74\u3002\u81ea\u4ece 2002 \u5e74\u52a0\u5165\u5de5\u4f1a\u4ee5\u6765\uff0c\u6211\u4e0e\u62a4\u7406\u4eba\u5458\u4eec\u4e00\u8d77\u53c2\u52a0\u4e86\u65e0\u6570\u6b21\u96c6\u4f1a\u3001\u5199\u4fe1\u6d3b\u52a8\u3001\u59d4\u5458\u4f1a\u542c\u8bc1\u4f1a\u4ee5\u53ca\u5176\u4ed6\u5404\u79cd\u6d3b\u52a8\u3002\u73b0\u5728\uff0c\u534e\u76db\u987f\u5dde\u7ec8\u4e8e\u8981\u901a\u8fc7\u5177\u6709\u5386\u53f2\u610f\u4e49\u7684\u201c\u767e\u4e07\u5bcc\u7fc1\u7a0e\u201d\u6cd5\u6848\uff0c\u5411\u5bcc\u4eba\u5f81\u7a0e\u4e86\u3002\u8fd9\u8981\u5f52\u529f\u4e8e\u62a4\u7406\u4eba\u5458\u548c\u6211\u4eec\u7684\u76df\u53cb\u4eec\u5728\u8fc7\u53bb\u548c\u73b0\u5728\u6240\u505a\u7684\u52aa\u529b\u3002&nbsp;&nbsp;<\/p>\n\n\n\n<p class=\"wp-block-paragraph\">\u5728\u534e\u76db\u987f\u5dde\u98a0\u5012\u7684\u7a0e\u6536\u5236\u5ea6\u4e0b\uff0c\u5de5\u85aa\u9636\u5c42\u7f34\u7eb3\u7684\u7a0e\u6b3e\u6bd4\u4f8b\u8fdc\u9ad8\u4e8e\u6700\u5bcc\u6709\u7684\u4eba\u3002\u7ed3\u679c\u5982\u4f55\uff1f\u4ebf\u4e07\u5bcc\u7fc1\u548c\u8d85\u7ea7\u5bcc\u8c6a\u4eec\u9003\u907f\u7f34\u7eb3\u4ed6\u4eec\u5e94\u7f34\u7684\u7a0e\u6b3e\uff0c\u800c\u7acb\u6cd5\u8005\u4eec\u5374\u5e74\u590d\u4e00\u5e74\u5730\u544a\u8bc9\u6211\u4eec\uff0c\u653f\u5e9c\u7684\u8d44\u91d1\u4e0d\u8db3\u4ee5\u652f\u4ed8\u62a4\u7406\u4eba\u5458\u7684\u751f\u6d3b\u5de5\u8d44\u3002&nbsp;&nbsp;<\/p>\n\n\n\n<p class=\"wp-block-paragraph\">\u65b0\u7684\u201c\u767e\u4e07\u5bcc\u7fc1\u7a0e\u201d\u5c06\u4e3a\u957f\u671f\u62a4\u7406\u7b49\u670d\u52a1\u5e26\u6765\u6570\u5341\u4ebf\u7f8e\u5143\u7684\u8d44\u91d1\uff0c\u5e76\u53d6\u6d88\u6211\u4eec\u65e5\u5e38\u8d2d\u7269\u7684\u9500\u552e\u7a0e\u3002\u6211\u5f88\u81ea\u8c6a\u5730\u8bf4\uff0c\u62a4\u7406\u4eba\u5458\u4e3a\u8fd9\u9879\u6cd5\u6848\u7684\u901a\u8fc7\u94fa\u5e73\u4e86\u9053\u8def\u3002\u4f46\u6211\u4eec\u8fd8\u6ca1\u5230\u7ec8\u70b9 \u2014&nbsp;\u8d85\u7ea7\u5bcc\u8c6a\u4eec\u5df2\u7ecf\u5f00\u59cb\u7aed\u5c3d\u5168\u529b\uff0c\u8bd5\u56fe\u5728\u4eca\u5e74\u665a\u4e9b\u65f6\u5019\u7684\u6295\u7968\u4e2d\u6311\u6218\u8fd9\u9879\u7a0e\u6536\u63d0\u6848\u3002\u6211\u4eec\u9762\u524d\u8fd8\u6709\u4e00\u573a\u786c\u4ed7\u8981\u6253\uff0c\u4f46\u6211\u4eec\u5df2\u7ecf\u5c55\u73b0\u4e86\u56e2\u7ed3\u7684\u529b\u91cf\u3002\u8ba9\u6211\u4eec\u5e86\u795d\u6240\u6709\u80dc\u5229\uff0c\u4e5f\u8ba9\u6211\u4eec\u7ee7\u7eed\u6218\u6597\uff01&nbsp;<\/p>\n\n\n\n<p class=\"wp-block-paragraph\">\u6b64\u81f4\uff0c&nbsp;&nbsp;<\/p>\n\n\n\n<p class=\"wp-block-paragraph\">Sterling&nbsp;Harders, SEIU 775 President<\/p>\n\n\n\n<figure class=\"wp-block-image size-full is-resized\"><img loading=\"lazy\" decoding=\"async\" width=\"683\" height=\"1024\" src=\"https:\/\/seiu775.org\/wp-content\/uploads\/2026\/07\/Sterling-headshot-1.jpg\" alt=\"\" class=\"wp-image-31021\" style=\"width:166px;height:auto\" srcset=\"https:\/\/seiu775.org\/wp-content\/uploads\/2026\/07\/Sterling-headshot-1.jpg 683w, https:\/\/seiu775.org\/wp-content\/uploads\/2026\/07\/Sterling-headshot-1-200x300.jpg 200w\" sizes=\"auto, (max-width: 683px) 100vw, 683px\" \/><\/figure>\n<\/div>\n\n\n\n<div class=\"wp-block-column is-vertically-aligned-center is-layout-flow wp-block-column-is-layout-flow\"><\/div>\n\n\n\n<div class=\"wp-block-column is-vertically-aligned-center is-layout-flow wp-block-column-is-layout-flow\"><\/div>\n\n\n\n<div class=\"wp-block-column is-vertically-aligned-center is-layout-flow wp-block-column-is-layout-flow\"><\/div>\n<\/div>\n\n\n\n<div class=\"wp-block-media-text has-media-on-the-right is-stacked-on-mobile\" style=\"grid-template-columns:auto 35%\"><div class=\"wp-block-media-text__content\">\n<p class=\"wp-block-paragraph\"><strong>\u5b88\u62a4\u6211\u4eec\u7684\u62a4\u7406\u670d\u52a1&nbsp;<\/strong>&nbsp;<\/p>\n\n\n\n<p class=\"wp-block-paragraph\">\u6211\u548c\u6211\u7684\u5ba2\u6237\u5728\u6218\u4e89\u671f\u95f4\u88ab\u8feb\u79bb\u5f00\u4e4c\u514b\u5170\u3002\u6211\u4eec\u5931\u53bb\u4e86\u4e00\u5207 \u2014\u00a0\u5bb6\u56ed\u3001\u8d22\u7269\u3001\u670b\u53cb\u3001\u4eb2\u4eba\u3002\u00a0\u00a0\u00a0<\/p>\n\n\n\n<p class=\"wp-block-paragraph\">\u6211\u7684\u5ba2\u6237\u4eca\u5e74 73&nbsp;\u5c81\uff0c\u9700\u8981\u6211\u63d0\u9192\u5979\u5403\u996d\u3001\u670d\u836f\u548c\u5c31\u533b\u3002\u5982\u679c\u5931\u53bb\u62a4\u7406\u670d\u52a1\uff0c\u5979\u7684\u5065\u5eb7\u72b6\u51b5\u4f1a\u8fc5\u901f\u6076\u5316\u3002<strong>\u7531\u4e8e\u8054\u90a6\u653f\u5e9c\u5927\u5e45\u524a\u51cf Medicaid\uff0c\u5979\u9762\u4e34\u7740\u5931\u53bb\u8d56\u4ee5\u751f\u5b58\u7684\u62a4\u7406\u670d\u52a1\u7684\u98ce\u9669\u3002<\/strong>&nbsp;<\/p>\n\n\n\n<p class=\"wp-block-paragraph\">\u6b63\u56e0\u5982\u6b64\uff0c\u5728 2026&nbsp;\u5e74\u534e\u76db\u987f\u5dde Legislative Session\uff08\u7acb\u6cd5\u4f1a\u8bae\uff09\u671f\u95f4\uff0c\u6211\u7aed\u529b\u634d\u536b\u5979\u7684\u62a4\u7406\u670d\u52a1 \u2014&nbsp;\u4ee5\u53ca\u534e\u76db\u987f\u5dde\u6240\u6709\u5c45\u6c11\u7684\u62a4\u7406\u670d\u52a1\u3002\u6211\u751a\u81f3\u5728 Olympia \u4e3e\u884c\u7684 SEIU&nbsp;775 \u96c6\u4f1a\u4e0a\u53d1\u8868\u4e86\u8bb2\u8bdd\uff0c\u547c\u5401\u4fdd\u62a4\u79fb\u6c11\u7684\u62a4\u7406\u670d\u52a1\u3002\u8fd9\u662f\u6211\u7b2c\u4e00\u6b21\u53c2\u52a0\u5982\u6b64\u5927\u89c4\u6a21\u7684\u96c6\u4f1a\uff0c\u6211\u4e3a\u80fd\u4e0e\u5de5\u4f1a\u7684\u5144\u5f1f\u59d0\u59b9\u4eec\u5e76\u80a9\u4f5c\u6218\u800c\u611f\u5230\u65e0\u6bd4\u81ea\u8c6a\u3002&nbsp;<\/p>\n\n\n\n<p class=\"wp-block-paragraph\">\u51ed\u501f\u6211\u4eec\u56e2\u7ed3\u7684\u529b\u91cf\uff0c\u6211\u4eec\u4e89\u53d6\u5230\u4e86\u8d44\u91d1\uff0c\u9632\u6b62\u4e86\u534e\u76db\u987f\u5dde\u8bb8\u591a\u957f\u671f\u62a4\u7406\u5ba2\u6237\u7684\u62a4\u7406\u670d\u52a1\u88ab\u524a\u51cf\uff1b\u540c\u65f6\uff0c\u6211\u4eec\u901a\u8fc7\u7981\u6b62 ICE \u4eba\u5458\u906e\u76d6\u9762\u90e8\uff0c\u4ee5\u53ca\u4e3a\u79fb\u6c11\u5de5\u4eba\u4e89\u53d6\u66f4\u591a\u5de5\u4f5c\u4fdd\u969c\uff0c\u4f7f\u6211\u4eec\u7684\u793e\u533a\u53d8\u5f97\u66f4\u52a0\u5b89\u5168\u3002&nbsp;&nbsp;<\/p>\n\n\n\n<p class=\"wp-block-paragraph\"><strong>\u6211\u4eec\u4f9d\u7136\u4efb\u91cd\u9053\u8fdc\uff0c\u8d85\u8fc7\u4e00\u5343\u540d\u5ba2\u6237\u4ecd\u9762\u4e34\u7740\u5728 10\u00a0\u6708\u00a01 \u65e5\u5931\u53bb\u62a4\u7406\u670d\u52a1\u7684\u98ce\u9669\uff0c\u4f46\u8fd9\u4e9b\u80dc\u5229\u8bc1\u660e\u4e86\uff0c\u56e2\u7ed3\u8d77\u6765\uff0c\u6211\u4eec\u5c31\u62e5\u6709\u5f3a\u5927\u7684\u529b\u91cf\u3002<\/strong><\/p>\n\n\n\n<p class=\"wp-block-paragraph\"><strong>&#8211;&nbsp;Nataliia&nbsp;B.\uff0c\u62a4\u7406\u4eba\u5458\uff0c\u534e\u76db\u987f\u5dde Vancouver&nbsp;<\/strong><\/p>\n<\/div><figure class=\"wp-block-media-text__media\"><img loading=\"lazy\" decoding=\"async\" width=\"1024\" height=\"986\" src=\"https:\/\/seiu775.org\/wp-content\/uploads\/2026\/05\/Nataliia-1-1024x986.jpg\" alt=\"Nataliia in Olympia before speaking at the Protect Immigrant Care rally\" class=\"wp-image-30544 size-full\" srcset=\"https:\/\/seiu775.org\/wp-content\/uploads\/2026\/05\/Nataliia-1-1024x986.jpg 1024w, https:\/\/seiu775.org\/wp-content\/uploads\/2026\/05\/Nataliia-1-300x289.jpg 300w, https:\/\/seiu775.org\/wp-content\/uploads\/2026\/05\/Nataliia-1-768x739.jpg 768w, https:\/\/seiu775.org\/wp-content\/uploads\/2026\/05\/Nataliia-1-1536x1479.jpg 1536w, https:\/\/seiu775.org\/wp-content\/uploads\/2026\/05\/Nataliia-1.jpg 1820w\" sizes=\"auto, (max-width: 1024px) 100vw, 1024px\" \/><\/figure><\/div>\n\n\n\n<p class=\"wp-block-paragraph\">\u6211\u4eec\u7684\u5de5\u4f5c\u5c1a\u672a\u5b8c\u6210\u3002\u4eca\u5e74\u590f\u5929\uff0cTrump \u653f\u5e9c\u91c7\u53d6\u4e86\u6781\u7aef\u7acb\u573a\uff0c\u610f\u56fe\u66f4\u5feb\u5730\u5265\u593a\u66f4\u591a\u4eba\u7684\u62a4\u7406\u670d\u52a1\uff0c\u8fd9\u610f\u5473\u7740\u6211\u4eec\u4e89\u53d6\u5230\u7684\u4fdd\u62a4\u62a4\u7406\u670d\u52a1\u7684\u8d44\u91d1\u5e76\u4e0d\u8db3\u4ee5\u8986\u76d6\u6240\u6709\u4eba\u3002\u8fd9\u610f\u5473\u7740\u534e\u76db\u987f\u5dde\u6709\u6210\u5343\u4e0a\u4e07\u7684\u4eba\u4ec5\u4ec5\u56e0\u4e3a\u79fb\u6c11\u8eab\u4efd\uff0c\u5c31\u5373\u5c06\u5931\u53bb\u62a4\u7406\u670d\u52a1\u3002<strong>\u8bf7\u5728\u6b64\u5904\u5411 Ferguson \u5dde\u957f\u53d1\u9001\u4fe1\u606f\uff0c\u8981\u6c42\u4ed6\u52a8\u7528\u7d27\u6025\u8d44\u91d1\u6765\u586b\u8865\u79fb\u6c11\u62a4\u7406\u65b9\u9762\u7684\u8d44\u91d1\u7f3a\u53e3\uff1a<a href=\"https:\/\/seiu775.org\/protectourcare\">seiu775.org\/protectourcare&nbsp;<\/a><\/strong>&nbsp;<\/p>\n\n\n\n<hr class=\"wp-block-separator has-alpha-channel-opacity\"\/>\n\n\n\n<div class=\"wp-block-media-text is-stacked-on-mobile\" style=\"grid-template-columns:35% auto\"><figure class=\"wp-block-media-text__media\"><img loading=\"lazy\" decoding=\"async\" width=\"1024\" height=\"768\" src=\"https:\/\/seiu775.org\/wp-content\/uploads\/2026\/05\/CDMT-Nic-1.jpg\" alt=\"Nic (center left) alongside fellow bargaining team members\" class=\"wp-image-30550 size-full\" srcset=\"https:\/\/seiu775.org\/wp-content\/uploads\/2026\/05\/CDMT-Nic-1.jpg 1024w, https:\/\/seiu775.org\/wp-content\/uploads\/2026\/05\/CDMT-Nic-1-300x225.jpg 300w, https:\/\/seiu775.org\/wp-content\/uploads\/2026\/05\/CDMT-Nic-1-768x576.jpg 768w\" sizes=\"auto, (max-width: 1024px) 100vw, 1024px\" \/><\/figure><div class=\"wp-block-media-text__content\">\n<p class=\"wp-block-paragraph\"><strong>\u8499\u5927\u62ff\u5dde\u62a4\u7406\u4eba\u5458\u5728\u8c08\u5224\u684c\u4e0a\u8d62\u5f97\u52a0\u85aa&nbsp;<\/strong>&nbsp;<\/p>\n\n\n\n<p class=\"wp-block-paragraph\">\u6211\u5728\u8499\u5927\u62ff\u5dde Consumer Direct Care Network \u62c5\u4efb\u62a4\u7406\u4eba\u5458\u8fd1\u5341\u5e74\u4e86\u3002\u6211\u662f\u6211\u4eec\u8c08\u5224\u56e2\u961f\u4e2d\u5f15\u4ee5\u4e3a\u50b2\u7684\u4e00\u5458 \u2014\u00a0\u6211\u975e\u5e38\u9ad8\u5174\u5730\u5ba3\u5e03\uff0c\u6211\u4eec\u6279\u51c6\u4e86\u6211\u4eec\u7684\u7b2c\u4e8c\u4efd\u5de5\u4f1a\u5408\u540c\uff01\u00a0<\/p>\n\n\n\n<p class=\"wp-block-paragraph\">\u5728\u6211\u4eec\u6210\u7acb\u5de5\u4f1a\u4e4b\u524d\uff0c\u6bcf\u6b21\u96c7\u4e3b\u8fdb\u884c\u7ee9\u6548\u8003\u6838\u65f6\uff0c\u6211\u90fd\u4f1a\u8981\u6c42\u52a0\u85aa\u3002\u6211\u7684\u8bc4\u5206\u603b\u662f\u5f88\u9ad8\uff0c\u4f46\u4e00\u6b21\u53c8\u4e00\u6b21\uff0c\u6211\u4ecd\u7136\u88ab\u62d2\u7edd\u3002<strong>\u4f46\u6211\u4eec\u6210\u7acb\u5de5\u4f1a\u540e\uff0c\u6211\u4eec\u90fd\u83b7\u5f97\u4e86\u52a0\u85aa\u3002<\/strong>\u5e26\u85aa\u4f11\u5047\u5236\u5ea6\u4ece\u6700\u521d\u53ea\u63d0\u4f9b\u7ed9\u5c11\u6570\u5458\u5de5\uff0c\u6269\u5c55\u5230\u4e86\u6240\u6709\u5458\u5de5\u3002\u6700\u91cd\u8981\u7684\u662f\uff0c\u6211\u4eec\u7ec8\u4e8e\u5728\u5de5\u4f5c\u4e2d\u62e5\u6709\u4e86\u53d1\u8a00\u6743\u3002&nbsp;<\/p>\n\n\n\n<p class=\"wp-block-paragraph\">\u8c08\u5224\u8fc7\u7a0b\u6f2b\u957f\u800c\u5bcc\u6709\u6210\u6548\u3002<strong>\u6211\u4eec\u7ecf\u8fc7\u516d\u4e2a\u6708\u7684\u8c08\u5224\u624d\u6700\u7ec8\u8fbe\u6210\u534f\u8bae\u3002\u4f46\u6700\u7ec8\uff0c\u4e00\u5207\u90fd\u662f\u503c\u5f97\u7684\u3002<\/strong>\u6211\u4eec\u4e89\u53d6\u5230\u4e86\u66f4\u9ad8\u7684\u5de5\u8d44\u3001\u66f4\u9ad8\u7684\u91cc\u7a0b\u62a5\u9500\u3001\u66f4\u591a\u7684\u5e26\u85aa\u4f11\u5047\u4ee5\u53ca\u66f4\u9ad8\u7684\u5f85\u547d\u6d25\u8d34\u3002\u8fd8\u4e89\u53d6\u5230\u4e86\u6570\u636e\u4fdd\u62a4\u3001\u66f4\u77ed\u7684\u8bd5\u7528\u671f\u548c\u5956\u91d1\u3002&nbsp;&nbsp;<\/p>\n\n\n\n<p class=\"wp-block-paragraph\">\u73b0\u5728\uff0c\u6211\u4eec\u7684\u52aa\u529b\u4ecd\u5728\u7ee7\u7eed\u3002\u7528\u4e8e\u6211\u4eec\u5de5\u8d44\u7684\u5927\u90e8\u5206\u8d44\u91d1\u90fd\u7531\u5dde\u8bae\u5458\u5728\u5dde\u9884\u7b97\u4e2d\u51b3\u5b9a\u3002\u9009\u4e3e\u5373\u5c06\u4e8e 11\u00a0\u6708\u4e3e\u884c\uff0c\u73b0\u5728\u5df2\u7ecf\u6709\u5f88\u591a\u65b9\u5f0f\u53ef\u4ee5\u53c2\u4e0e\u5176\u4e2d\u3002<strong>\u6211\u5f88\u671f\u5f85\u6328\u5bb6\u6328\u6237\u53bb\u6572\u95e8\uff0c\u62e5\u62a4\u90a3\u4e9b\u652f\u6301\u62a4\u7406\u4eba\u5458\u7684\u5019\u9009\u4eba\u4eec\u3002<\/strong><\/p>\n\n\n\n<p class=\"wp-block-paragraph\"><strong>&#8211; Nic&nbsp;S.\uff0c\u62a4\u7406\u4eba\u5458\uff0c\u8499\u5927\u62ff\u5dde&nbsp;Missoula&nbsp;<\/strong><\/p>\n\n\n\n<p class=\"wp-block-paragraph\"><em>\u70b9\u51fb\u6b64\u5904\u9605\u8bfb\u60a8\u7684\u5de5\u4f1a\u5408\u540c\uff1a<\/em><a href=\"https:\/\/seiu775.org\/contracts\"><em>seiu775.org\/contracts<\/em>&nbsp;<\/a><\/p>\n<\/div><\/div>\n\n\n\n<hr class=\"wp-block-separator has-alpha-channel-opacity\"\/>\n\n\n\n<div class=\"wp-block-media-text has-media-on-the-right is-stacked-on-mobile\" style=\"grid-template-columns:auto 35%\"><div class=\"wp-block-media-text__content\">\n<p class=\"wp-block-paragraph\"><strong><br><\/strong><strong>\u5728\u963f\u62c9\u65af\u52a0\u5dde\u8bae\u4f1a\u5927\u53a6\u56e2\u7ed3\u4e00\u81f4\uff0c\u5171\u521b\u8f89\u714c<\/strong><strong>&nbsp;<\/strong>&nbsp;<\/p>\n\n\n\n<p class=\"wp-block-paragraph\">\u6211\u6765\u81ea\u963f\u62c9\u65af\u52a0\u5dde Big Lake\uff0c\u4ece\u4e8b\u62a4\u7406\u5de5\u4f5c\u5df2\u8d85\u8fc7 50\u00a0\u5e74\u3002\u4eca\u5e74\u6625\u5929\uff0c\u6211\u53c2\u52a0\u4e86 SEIU\u00a0775 \u7684\u5176\u4e2d\u4e00\u573a Purple Fly-In \u6d3b\u52a8\u3002<strong>\u90a3\u662f\u6211\u7b2c\u4e00\u6b21\u98de\u5f80 Juneau \u4e0e\u963f\u62c9\u65af\u52a0\u5dde\u8bae\u5458\u4eec\u4ea4\u6d41\uff0c\u6211\u6c38\u8fdc\u4e0d\u4f1a\u5fd8\u8bb0\u90a3\u6b21\u7ecf\u5386\u3002\u00a0<\/strong>\u00a0<\/p>\n\n\n\n<p class=\"wp-block-paragraph\">\u4ece\u7b2c\u4e00\u5929\u8d77\uff0c\u6211\u4eec\u5c31\u79ef\u6781\u53c2\u4e0e\uff0c\u5171\u540c\u5b66\u4e60\uff0c\u5171\u540c\u6210\u957f\u3002\u5f53\u6211\u4eec\u524d\u5f80\u5dde\u8bae\u4f1a\u5927\u53a6\u65f6\uff0c\u6211\u4eec\u6000\u7740\u5171\u540c\u7684\u5fc3\u58f0\uff0c\u5171\u540c\u7684\u76ee\u6807\uff1a\u547c\u5401\u6211\u4eec\u7684\u9886\u5bfc\u4eba\u786e\u4fdd\u5728\u9884\u7b97\u4e2d\u4e3a\u62a4\u7406\u4eba\u5458\u63d0\u4f9b\u66f4\u591a\u8d44\u91d1\uff0c\u8ba4\u53ef\u6211\u4eec\u6240\u505a\u7684\u81f3\u5173\u91cd\u8981\u7684\u5de5\u4f5c\u3002&nbsp;<\/p>\n\n\n\n<p class=\"wp-block-paragraph\">\u76ee\u524d\uff0c\u592a\u591a\u62a4\u7406\u4eba\u5458\u4e3a\u4e86\u7ef4\u6301\u751f\u8ba1\uff0c\u4e0d\u5f97\u4e0d\u8eab\u517c\u4e24\u4efd\u751a\u81f3\u4e09\u4efd\u5de5\u4f5c\u3002\u6211\u4eec\u4e00\u8fb9\u7167\u987e\u4ed6\u4eba\uff0c\u4e00\u8fb9\u8fd8\u8981\u62c5\u5fc3\u5982\u4f55\u652f\u4ed8\u81ea\u5df1\u7684\u623f\u79df\u3001\u8d2d\u4e70\u751f\u6d3b\u5fc5\u9700\u54c1\uff0c\u4ee5\u53ca\u5982\u4f55\u4fdd\u6301\u5065\u5eb7\uff0c\u624d\u80fd\u7ee7\u7eed\u5de5\u4f5c\u3002\u8fd9\u79cd\u60c5\u51b5\u96be\u4ee5\u4e3a\u7ee7\u3002\u5982\u679c\u62a4\u7406\u4eba\u5458\u65e0\u6cd5\u7ee7\u7eed\u4ece\u4e8b\u8fd9\u9879\u5de5\u4f5c\uff0c\u90a3\u4e48\u9700\u8981\u7167\u62a4\u7684\u4eba\u4e5f\u4f1a\u906d\u6b83\u3002&nbsp;<\/p>\n\n\n\n<p class=\"wp-block-paragraph\"><strong>\u963f\u62c9\u65af\u52a0\u5dde\u5404\u5730\u8d8a\u6765\u8d8a\u591a\u7684\u62a4\u7406\u4eba\u5458\u51c6\u5907\u6218\u6597 \u2014\u00a0\u4e0d\u4ec5\u662f\u4e3a\u4e86\u6211\u4eec\u81ea\u5df1\uff0c\u4e5f\u662f\u4e3a\u4e86\u6211\u4eec\u6240\u7167\u62a4\u7684\u4eba\u3002<\/strong>\u6211\u5e0c\u671b\u6bcf\u4e00\u4f4d\u62a4\u7406\u4eba\u5458\u90fd\u77e5\u9053\uff1a\u4f60\u4eec\u5f88\u91cd\u8981\u3002\u4f60\u4eec\u5bf9\u5de5\u4f5c\u7684\u6295\u5165\u5f88\u91cd\u8981\uff0c\u4f60\u4eec\u4e0b\u73ed\u540e\u4ed8\u51fa\u7684\u65e0\u6570\u65f6\u95f4\u4e5f\u540c\u6837\u91cd\u8981\u3002\u6211\u5e0c\u671b\u660e\u5e74\uff0c\u4f1a\u6709\u66f4\u591a\u4eba\u7ad9\u51fa\u6765\u53d1\u58f0\u3002<strong>\u56e0\u4e3a\u5f53\u6211\u4eec\u56e2\u7ed3\u4e00\u81f4\uff0c\u5c31\u4f1a\u53d8\u5f97\u5f3a\u5927\u3002<\/strong><\/p>\n\n\n\n<p class=\"wp-block-paragraph\"><strong>&#8211; Kandee&nbsp;M.\uff0c\u62a4\u7406\u4eba\u5458\uff0c\u963f\u62c9\u65af\u52a0&nbsp;Big Lake&nbsp;<\/strong><\/p>\n\n\n\n<p><span class=\"TextRun SCXW154519107 BCX8\" lang=\"ZH-CN\" xml:lang=\"ZH-CN\" data-contrast=\"none\"><span class=\"NormalTextRun SCXW154519107 BCX8\">\u60f3\u8981\u53c2\u4e0e\u5de5\u4f1a\u7684\u5de5\u4f5c\u5417\uff1f\u8054\u7cfb\u60a8\u7684\u7ec4\u7ec7\u8005\u52a0\u5165\u6211\u4eec\u7684\u793e\u533a\u3002<\/span><\/span><span class=\"EOP Selected SCXW154519107 BCX8\" data-ccp-props=\"{&quot;335559739&quot;:0}\">\u00a0<\/span><\/p>\n<\/div><figure class=\"wp-block-media-text__media\"><img loading=\"lazy\" decoding=\"async\" width=\"867\" height=\"1024\" src=\"https:\/\/seiu775.org\/wp-content\/uploads\/2026\/05\/Kandee-AK-1-867x1024.jpg\" alt=\"Kandee (front) and Alaska caregivers at the Alaska State Capitol \" class=\"wp-image-30556 size-full\" srcset=\"https:\/\/seiu775.org\/wp-content\/uploads\/2026\/05\/Kandee-AK-1-867x1024.jpg 867w, https:\/\/seiu775.org\/wp-content\/uploads\/2026\/05\/Kandee-AK-1-254x300.jpg 254w, https:\/\/seiu775.org\/wp-content\/uploads\/2026\/05\/Kandee-AK-1-768x907.jpg 768w, https:\/\/seiu775.org\/wp-content\/uploads\/2026\/05\/Kandee-AK-1.jpg 1107w\" sizes=\"auto, (max-width: 867px) 100vw, 867px\" \/><\/figure><\/div>\n\n\n\n<hr class=\"wp-block-separator has-alpha-channel-opacity\"\/>\n\n\n\n<div class=\"wp-block-media-text is-stacked-on-mobile\" style=\"grid-template-columns:35% auto\"><figure class=\"wp-block-media-text__media\"><img loading=\"lazy\" decoding=\"async\" width=\"478\" height=\"575\" src=\"https:\/\/seiu775.org\/wp-content\/uploads\/2026\/05\/Ana-PACS.png\" alt=\"Ana, PACS CNA\" class=\"wp-image-30562 size-full\" srcset=\"https:\/\/seiu775.org\/wp-content\/uploads\/2026\/05\/Ana-PACS.png 478w, https:\/\/seiu775.org\/wp-content\/uploads\/2026\/05\/Ana-PACS-249x300.png 249w\" sizes=\"auto, (max-width: 478px) 100vw, 478px\" \/><\/figure><div class=\"wp-block-media-text__content\">\n<p class=\"wp-block-paragraph\"><strong>Nursing&nbsp;home\uff08\u7597\u517b\u9662\uff09\u5458\u5de5\u56e2\u7ed3\u4e00\u81f4\uff0c\u4e89\u53d6\u52a0\u85aa<\/strong>&nbsp;<\/p>\n\n\n\n<p class=\"wp-block-paragraph\">\u6211\u662f\u534e\u76db\u987f\u5dde Richland PACS \u7684\u4e00\u540d CNA\u3002\u6211\u52a0\u5165\u4e86\u8c08\u5224\u56e2\u961f\uff0c\u56e0\u4e3a\u4eba\u5458\u914d\u5907\u662f\u4e2a\u5927\u95ee\u9898\uff0c\u800c\u4e14\u6211\u771f\u7684\u5f88\u60f3\u770b\u5230\u6211\u4eec\u7684\u6da8\u85aa\u3002\u8fd9\u662f\u6211\u7b2c\u4e00\u6b21\u52a0\u5165\u8c08\u5224\u56e2\u961f\uff0c\u8fc7\u7a0b\u5f88\u8270\u96be\uff0c\u4f46\u975e\u5e38\u503c\u5f97\u3002<strong>\u6211\u4eec\u7684\u96c7\u4e3b\u5904\u5904\u5201\u96be \u2014\u00a0\u8c08\u5224\u6301\u7eed\u4e86 8\u00a0\u4e2a\u6708\u3002\u4f46\u6211\u4eec\u6ca1\u6709\u653e\u5f03\uff01<\/strong>\u6211\u4eec\u6765\u81ea\u5168\u5dde\u5404\u5730\uff0c\u56e2\u7ed3\u4e00\u81f4\uff0c\u80fd\u591f\u53c2\u4e0e\u5230\u8fd9\u9879\u4f1f\u5927\u7684\u4e8b\u4e1a\u4e2d\uff0c\u611f\u89c9\u68d2\u6781\u4e86\u3002\u00a0\u00a0<\/p>\n\n\n\n<p class=\"wp-block-paragraph\">\u6211\u4eec\u4e4b\u6240\u4ee5\u5728 Nursing home\uff08\u7597\u517b\u9662\uff09\u5de5\u4f5c\uff0c\u662f\u56e0\u4e3a\u6211\u4eec\u5173\u5fc3\u4ed6\u4eba\uff0c\u5e76\u4e14\u5c3d\u804c\u5c3d\u8d23\u3002<strong>\u6211\u4eec\u4e3a\u6240\u6709 PACS \u5458\u5de5\u4e89\u53d6\u5230\u4e86\u52a0\u85aa<\/strong>\uff0c\u6211\u5e0c\u671b\u8fd9\u80fd\u5e2e\u52a9\u5927\u5bb6\u4fdd\u4f4f\u5de5\u4f5c\uff0c\u4e5f\u5e0c\u671b\u6211\u4eec\u80fd\u591f\u62db\u8058\u5230\u66f4\u6709\u7ecf\u9a8c\u7684\u65b0\u4eba\u3002&nbsp;&nbsp;<\/p>\n\n\n\n<p class=\"wp-block-paragraph\">\u6211\u548c\u6211\u7684\u540c\u4e8b\u4eec\u613f\u610f\u4ed8\u51fa\u4e00\u5207\u52aa\u529b\u6765\u8d62\u5f97\u6211\u4eec\u5e94\u5f97\u7684\u5408\u540c\uff0c\u751a\u81f3\u4e00\u81f4\u6295\u7968\u51b3\u5b9a\u4e3e\u884c\u4fe1\u606f\u7ea0\u5bdf\u6d3b\u52a8\u3002\u6211\u9f13\u52b1\u6240\u6709\u6b63\u5728\u8c08\u5224\u7684\u4eba\u7ee7\u7eed\u6218\u6597\uff0c\u6c38\u4e0d\u653e\u5f03\uff01\u575a\u6301\u6218\u6597\u3002\u6211\u4eec\u503c\u5f97\u62e5\u6709\u8fd9\u4e00\u5207\u3002<\/p>\n\n\n\n<p class=\"wp-block-paragraph\"><strong>&#8211; Ana&nbsp;F.\uff0cNursing&nbsp;home\uff08\u7597\u517b\u9662\uff09CNA\uff0c\u534e\u76db\u987f\u5dde&nbsp;Richland&nbsp;<\/strong><\/p>\n<\/div><\/div>\n\n\n\n<p class=\"wp-block-paragraph\"><\/p>\n","protected":false},"excerpt":{"rendered":"<p>\u5404\u4f4d SEIU&nbsp;775 \u62a4\u7406\u4eba\u5458\uff1a&nbsp; \u6211\u4eec\u4e3a\u7a0e\u6536\u516c\u5e73\u594b\u6597\u4e86\u4e8c\u5341\u591a\u5e74\u3002\u81ea\u4ece 2002 \u5e74\u52a0\u5165\u5de5\u4f1a\u4ee5\u6765\uff0c\u6211\u4e0e\u62a4\u7406\u4eba\u5458\u4eec\u4e00\u8d77\u53c2\u52a0\u4e86\u65e0\u6570\u6b21\u96c6\u4f1a\u3001\u5199\u4fe1\u6d3b\u52a8\u3001\u59d4\u5458\u4f1a\u542c\u8bc1\u4f1a\u4ee5\u53ca\u5176\u4ed6\u5404\u79cd\u6d3b\u52a8\u3002\u73b0\u5728\uff0c\u534e\u76db\u987f\u5dde\u7ec8\u4e8e\u8981\u901a\u8fc7\u5177\u6709\u5386\u53f2\u610f\u4e49\u7684\u201c\u767e\u4e07\u5bcc\u7fc1\u7a0e\u201d\u6cd5\u6848\uff0c\u5411\u5bcc\u4eba\u5f81\u7a0e\u4e86\u3002\u8fd9\u8981\u5f52\u529f\u4e8e\u62a4\u7406\u4eba\u5458\u548c\u6211\u4eec\u7684\u76df\u53cb\u4eec\u5728\u8fc7\u53bb\u548c\u73b0\u5728\u6240\u505a\u7684\u52aa\u529b\u3002&nbsp;&nbsp; \u5728\u534e\u76db\u987f\u5dde\u98a0\u5012\u7684\u7a0e\u6536\u5236\u5ea6\u4e0b\uff0c\u5de5\u85aa\u9636\u5c42\u7f34\u7eb3\u7684\u7a0e\u6b3e\u6bd4\u4f8b\u8fdc\u9ad8\u4e8e\u6700\u5bcc\u6709\u7684\u4eba\u3002\u7ed3\u679c\u5982\u4f55\uff1f\u4ebf\u4e07\u5bcc\u7fc1\u548c\u8d85\u7ea7\u5bcc\u8c6a\u4eec\u9003\u907f\u7f34\u7eb3\u4ed6\u4eec\u5e94\u7f34\u7684\u7a0e\u6b3e\uff0c\u800c\u7acb\u6cd5\u8005\u4eec\u5374\u5e74\u590d\u4e00\u5e74\u5730\u544a\u8bc9\u6211\u4eec\uff0c\u653f\u5e9c\u7684\u8d44\u91d1\u4e0d\u8db3\u4ee5\u652f\u4ed8\u62a4\u7406\u4eba\u5458\u7684\u751f\u6d3b\u5de5\u8d44\u3002&nbsp;&nbsp; \u65b0\u7684\u201c\u767e\u4e07\u5bcc\u7fc1\u7a0e\u201d\u5c06\u4e3a\u957f\u671f\u62a4\u7406\u7b49\u670d\u52a1\u5e26\u6765\u6570\u5341\u4ebf\u7f8e\u5143\u7684\u8d44\u91d1\uff0c\u5e76\u53d6\u6d88\u6211\u4eec\u65e5\u5e38\u8d2d\u7269\u7684\u9500\u552e\u7a0e\u3002\u6211\u5f88\u81ea\u8c6a\u5730\u8bf4\uff0c\u62a4\u7406\u4eba\u5458\u4e3a\u8fd9\u9879\u6cd5\u6848\u7684\u901a\u8fc7\u94fa\u5e73\u4e86\u9053\u8def\u3002\u4f46\u6211\u4eec\u8fd8\u6ca1\u5230\u7ec8\u70b9 \u2014&nbsp;\u8d85\u7ea7\u5bcc\u8c6a\u4eec\u5df2\u7ecf\u5f00\u59cb\u7aed\u5c3d\u5168\u529b\uff0c\u8bd5\u56fe\u5728\u4eca\u5e74\u665a\u4e9b\u65f6\u5019\u7684\u6295\u7968\u4e2d\u6311\u6218\u8fd9\u9879\u7a0e\u6536\u63d0\u6848\u3002\u6211\u4eec\u9762\u524d\u8fd8\u6709\u4e00\u573a\u786c\u4ed7\u8981\u6253\uff0c\u4f46\u6211\u4eec\u5df2\u7ecf\u5c55\u73b0\u4e86\u56e2\u7ed3\u7684\u529b\u91cf\u3002\u8ba9\u6211\u4eec\u5e86\u795d\u6240\u6709\u80dc\u5229\uff0c\u4e5f\u8ba9\u6211\u4eec\u7ee7\u7eed\u6218\u6597\uff01&nbsp; \u6b64\u81f4\uff0c&nbsp;&nbsp; Sterling&nbsp;Harders, SEIU 775 President \u5b88\u62a4\u6211\u4eec\u7684\u62a4\u7406\u670d\u52a1&nbsp;&nbsp; \u6211\u548c\u6211\u7684\u5ba2\u6237\u5728\u6218\u4e89\u671f\u95f4\u88ab\u8feb\u79bb\u5f00\u4e4c\u514b\u5170\u3002\u6211\u4eec\u5931\u53bb\u4e86\u4e00\u5207 \u2014\u00a0\u5bb6\u56ed\u3001\u8d22\u7269\u3001\u670b\u53cb\u3001\u4eb2\u4eba\u3002\u00a0\u00a0\u00a0 \u6211\u7684\u5ba2\u6237\u4eca\u5e74 73&nbsp;\u5c81\uff0c\u9700\u8981\u6211\u63d0\u9192\u5979\u5403\u996d\u3001\u670d\u836f\u548c\u5c31\u533b\u3002\u5982\u679c\u5931\u53bb\u62a4\u7406\u670d\u52a1\uff0c\u5979\u7684\u5065\u5eb7\u72b6\u51b5\u4f1a\u8fc5\u901f\u6076\u5316\u3002\u7531\u4e8e\u8054\u90a6\u653f\u5e9c\u5927\u5e45\u524a\u51cf Medicaid\uff0c\u5979\u9762\u4e34\u7740\u5931\u53bb\u8d56\u4ee5\u751f\u5b58\u7684\u62a4\u7406\u670d\u52a1\u7684\u98ce\u9669\u3002&nbsp; \u6b63\u56e0\u5982\u6b64\uff0c\u5728 2026&nbsp;\u5e74\u534e\u76db\u987f\u5dde Legislative Session\uff08\u7acb\u6cd5\u4f1a\u8bae\uff09\u671f\u95f4\uff0c\u6211\u7aed\u529b\u634d\u536b\u5979\u7684\u62a4\u7406\u670d\u52a1 \u2014&nbsp;\u4ee5\u53ca\u534e\u76db\u987f\u5dde\u6240\u6709\u5c45\u6c11\u7684\u62a4\u7406\u670d\u52a1\u3002\u6211\u751a\u81f3\u5728 Olympia \u4e3e\u884c\u7684 SEIU&nbsp;775 \u96c6\u4f1a\u4e0a\u53d1\u8868\u4e86\u8bb2\u8bdd\uff0c\u547c\u5401\u4fdd\u62a4\u79fb\u6c11\u7684\u62a4\u7406\u670d\u52a1\u3002\u8fd9\u662f\u6211\u7b2c\u4e00\u6b21\u53c2\u52a0\u5982\u6b64\u5927\u89c4\u6a21\u7684\u96c6\u4f1a\uff0c\u6211\u4e3a\u80fd\u4e0e\u5de5\u4f1a\u7684\u5144\u5f1f\u59d0\u59b9\u4eec\u5e76\u80a9\u4f5c\u6218\u800c\u611f\u5230\u65e0\u6bd4\u81ea\u8c6a\u3002&nbsp; \u51ed\u501f\u6211\u4eec\u56e2\u7ed3\u7684\u529b\u91cf\uff0c\u6211\u4eec\u4e89\u53d6\u5230\u4e86\u8d44\u91d1\uff0c\u9632\u6b62\u4e86\u534e\u76db\u987f\u5dde\u8bb8\u591a\u957f\u671f\u62a4\u7406\u5ba2\u6237\u7684\u62a4\u7406\u670d\u52a1\u88ab\u524a\u51cf\uff1b\u540c\u65f6\uff0c\u6211\u4eec\u901a\u8fc7\u7981\u6b62 ICE \u4eba\u5458\u906e\u76d6\u9762\u90e8\uff0c\u4ee5\u53ca\u4e3a\u79fb\u6c11\u5de5\u4eba\u4e89\u53d6\u66f4\u591a\u5de5\u4f5c\u4fdd\u969c\uff0c\u4f7f\u6211\u4eec\u7684\u793e\u533a\u53d8\u5f97\u66f4\u52a0\u5b89\u5168\u3002&nbsp;&nbsp; \u6211\u4eec\u4f9d\u7136\u4efb\u91cd\u9053\u8fdc\uff0c\u8d85\u8fc7\u4e00\u5343\u540d\u5ba2\u6237\u4ecd\u9762\u4e34\u7740\u5728 10\u00a0\u6708\u00a01 \u65e5\u5931\u53bb\u62a4\u7406\u670d\u52a1\u7684\u98ce\u9669\uff0c\u4f46\u8fd9\u4e9b\u80dc\u5229\u8bc1\u660e\u4e86\uff0c\u56e2\u7ed3\u8d77\u6765\uff0c\u6211\u4eec\u5c31\u62e5\u6709\u5f3a\u5927\u7684\u529b\u91cf\u3002 &#8211;&nbsp;Nataliia&nbsp;B.\uff0c\u62a4\u7406\u4eba\u5458\uff0c\u534e\u76db\u987f\u5dde Vancouver&nbsp; \u6211\u4eec\u7684\u5de5\u4f5c\u5c1a\u672a\u5b8c\u6210\u3002\u4eca\u5e74\u590f\u5929\uff0cTrump \u653f\u5e9c\u91c7\u53d6\u4e86\u6781\u7aef\u7acb\u573a\uff0c\u610f\u56fe\u66f4\u5feb\u5730\u5265\u593a\u66f4\u591a\u4eba\u7684\u62a4\u7406\u670d\u52a1\uff0c\u8fd9\u610f\u5473\u7740\u6211\u4eec\u4e89\u53d6\u5230\u7684\u4fdd\u62a4\u62a4\u7406\u670d\u52a1\u7684\u8d44\u91d1\u5e76\u4e0d\u8db3\u4ee5\u8986\u76d6\u6240\u6709\u4eba\u3002\u8fd9\u610f\u5473\u7740\u534e\u76db\u987f\u5dde\u6709\u6210\u5343\u4e0a\u4e07\u7684\u4eba\u4ec5\u4ec5\u56e0\u4e3a\u79fb\u6c11\u8eab\u4efd\uff0c\u5c31\u5373\u5c06\u5931\u53bb\u62a4\u7406\u670d\u52a1\u3002\u8bf7\u5728\u6b64\u5904\u5411 Ferguson \u5dde\u957f\u53d1\u9001\u4fe1\u606f\uff0c\u8981\u6c42\u4ed6\u52a8\u7528\u7d27\u6025\u8d44\u91d1\u6765\u586b\u8865\u79fb\u6c11\u62a4\u7406\u65b9\u9762\u7684\u8d44\u91d1\u7f3a\u53e3\uff1aseiu775.org\/protectourcare&nbsp;&nbsp; \u8499\u5927\u62ff\u5dde\u62a4\u7406\u4eba\u5458\u5728\u8c08\u5224\u684c\u4e0a\u8d62\u5f97\u52a0\u85aa&nbsp;&nbsp; \u6211\u5728\u8499\u5927\u62ff\u5dde Consumer Direct Care Network \u62c5\u4efb\u62a4\u7406\u4eba\u5458\u8fd1\u5341\u5e74\u4e86\u3002\u6211\u662f\u6211\u4eec\u8c08\u5224\u56e2\u961f\u4e2d\u5f15\u4ee5\u4e3a\u50b2\u7684\u4e00\u5458 \u2014\u00a0\u6211\u975e\u5e38\u9ad8\u5174\u5730\u5ba3\u5e03\uff0c\u6211\u4eec\u6279\u51c6\u4e86\u6211\u4eec\u7684\u7b2c\u4e8c\u4efd\u5de5\u4f1a\u5408\u540c\uff01\u00a0 \u5728\u6211\u4eec\u6210\u7acb\u5de5\u4f1a\u4e4b\u524d\uff0c\u6bcf\u6b21\u96c7\u4e3b\u8fdb\u884c\u7ee9\u6548\u8003\u6838\u65f6\uff0c\u6211\u90fd\u4f1a\u8981\u6c42\u52a0\u85aa\u3002\u6211\u7684\u8bc4\u5206\u603b\u662f\u5f88\u9ad8\uff0c\u4f46\u4e00\u6b21\u53c8\u4e00\u6b21\uff0c\u6211\u4ecd\u7136\u88ab\u62d2\u7edd\u3002\u4f46\u6211\u4eec\u6210\u7acb\u5de5\u4f1a\u540e\uff0c\u6211\u4eec\u90fd\u83b7\u5f97\u4e86\u52a0\u85aa\u3002\u5e26\u85aa\u4f11\u5047\u5236\u5ea6\u4ece\u6700\u521d\u53ea\u63d0\u4f9b\u7ed9\u5c11\u6570\u5458\u5de5\uff0c\u6269\u5c55\u5230\u4e86\u6240\u6709\u5458\u5de5\u3002\u6700\u91cd\u8981\u7684\u662f\uff0c\u6211\u4eec\u7ec8\u4e8e\u5728\u5de5\u4f5c\u4e2d\u62e5\u6709\u4e86\u53d1\u8a00\u6743\u3002&nbsp; \u8c08\u5224\u8fc7\u7a0b\u6f2b\u957f\u800c\u5bcc\u6709\u6210\u6548\u3002\u6211\u4eec\u7ecf\u8fc7\u516d\u4e2a\u6708\u7684\u8c08\u5224\u624d\u6700\u7ec8\u8fbe\u6210\u534f\u8bae\u3002\u4f46\u6700\u7ec8\uff0c\u4e00\u5207\u90fd\u662f\u503c\u5f97\u7684\u3002\u6211\u4eec\u4e89\u53d6\u5230\u4e86\u66f4\u9ad8\u7684\u5de5\u8d44\u3001\u66f4\u9ad8\u7684\u91cc\u7a0b\u62a5\u9500\u3001\u66f4\u591a\u7684\u5e26\u85aa\u4f11\u5047\u4ee5\u53ca\u66f4\u9ad8\u7684\u5f85\u547d\u6d25\u8d34\u3002\u8fd8\u4e89\u53d6\u5230\u4e86\u6570\u636e\u4fdd\u62a4\u3001\u66f4\u77ed\u7684\u8bd5\u7528\u671f\u548c\u5956\u91d1\u3002&nbsp;&nbsp; \u73b0\u5728\uff0c\u6211\u4eec\u7684\u52aa\u529b\u4ecd\u5728\u7ee7\u7eed\u3002\u7528\u4e8e\u6211\u4eec\u5de5\u8d44\u7684\u5927\u90e8\u5206\u8d44\u91d1\u90fd\u7531\u5dde\u8bae\u5458\u5728\u5dde\u9884\u7b97\u4e2d\u51b3\u5b9a\u3002\u9009\u4e3e\u5373\u5c06\u4e8e 11\u00a0\u6708\u4e3e\u884c\uff0c\u73b0\u5728\u5df2\u7ecf\u6709\u5f88\u591a\u65b9\u5f0f\u53ef\u4ee5\u53c2\u4e0e\u5176\u4e2d\u3002\u6211\u5f88\u671f\u5f85\u6328\u5bb6\u6328\u6237\u53bb\u6572\u95e8\uff0c\u62e5\u62a4\u90a3\u4e9b\u652f\u6301\u62a4\u7406\u4eba\u5458\u7684\u5019\u9009\u4eba\u4eec\u3002 &#8211; Nic&nbsp;S.\uff0c\u62a4\u7406\u4eba\u5458\uff0c\u8499\u5927\u62ff\u5dde&nbsp;Missoula&nbsp; [&hellip;]<\/p>\n","protected":false},"author":5669,"featured_media":0,"comment_status":"closed","ping_status":"closed","sticky":false,"template":"","format":"standard","meta":{"_acf_changed":false,"inline_featured_image":false,"footnotes":"","_members_access_role":[],"_members_access_error":""},"categories":[4],"tags":[221,219,153,85,84,83,82,81,80,38],"class_list":["post-31028","post","type-post","status-publish","format-standard","hentry","category-news","tag-immigration","tag-medicaid","tag-newsletter","tag-nursing-homes","tag-agency-provider","tag-individual-provider","tag-alaska","tag-montana","tag-washington","tag-home-care"],"acf":[],"yoast_head":"<!-- This site is optimized with the Yoast SEO plugin v28.0 - https:\/\/yoast.com\/product\/yoast-seo-wordpress\/ -->\n<title>\u56e2\u7ed3\u4f7f\u6211\u4eec\u66f4\u5f3a\u5927\uff1aSEIU 775\u00a07\u00a0\u6708\u5185\u90e8\u901a\u8baf\u00a0 - SEIU 775<\/title>\n<meta name=\"robots\" content=\"index, follow, max-snippet:-1, max-image-preview:large, max-video-preview:-1\" \/>\n<link rel=\"canonical\" href=\"https:\/\/seiu775.org\/july2026newsletter-ch\/\" \/>\n<meta property=\"og:locale\" content=\"es_ES\" \/>\n<meta property=\"og:type\" content=\"article\" \/>\n<meta property=\"og:title\" content=\"\u56e2\u7ed3\u4f7f\u6211\u4eec\u66f4\u5f3a\u5927\uff1aSEIU 775\u00a07\u00a0\u6708\u5185\u90e8\u901a\u8baf\u00a0 - SEIU 775\" \/>\n<meta property=\"og:description\" content=\"\u5404\u4f4d SEIU&nbsp;775 \u62a4\u7406\u4eba\u5458\uff1a&nbsp; \u6211\u4eec\u4e3a\u7a0e\u6536\u516c\u5e73\u594b\u6597\u4e86\u4e8c\u5341\u591a\u5e74\u3002\u81ea\u4ece 2002 \u5e74\u52a0\u5165\u5de5\u4f1a\u4ee5\u6765\uff0c\u6211\u4e0e\u62a4\u7406\u4eba\u5458\u4eec\u4e00\u8d77\u53c2\u52a0\u4e86\u65e0\u6570\u6b21\u96c6\u4f1a\u3001\u5199\u4fe1\u6d3b\u52a8\u3001\u59d4\u5458\u4f1a\u542c\u8bc1\u4f1a\u4ee5\u53ca\u5176\u4ed6\u5404\u79cd\u6d3b\u52a8\u3002\u73b0\u5728\uff0c\u534e\u76db\u987f\u5dde\u7ec8\u4e8e\u8981\u901a\u8fc7\u5177\u6709\u5386\u53f2\u610f\u4e49\u7684\u201c\u767e\u4e07\u5bcc\u7fc1\u7a0e\u201d\u6cd5\u6848\uff0c\u5411\u5bcc\u4eba\u5f81\u7a0e\u4e86\u3002\u8fd9\u8981\u5f52\u529f\u4e8e\u62a4\u7406\u4eba\u5458\u548c\u6211\u4eec\u7684\u76df\u53cb\u4eec\u5728\u8fc7\u53bb\u548c\u73b0\u5728\u6240\u505a\u7684\u52aa\u529b\u3002&nbsp;&nbsp; \u5728\u534e\u76db\u987f\u5dde\u98a0\u5012\u7684\u7a0e\u6536\u5236\u5ea6\u4e0b\uff0c\u5de5\u85aa\u9636\u5c42\u7f34\u7eb3\u7684\u7a0e\u6b3e\u6bd4\u4f8b\u8fdc\u9ad8\u4e8e\u6700\u5bcc\u6709\u7684\u4eba\u3002\u7ed3\u679c\u5982\u4f55\uff1f\u4ebf\u4e07\u5bcc\u7fc1\u548c\u8d85\u7ea7\u5bcc\u8c6a\u4eec\u9003\u907f\u7f34\u7eb3\u4ed6\u4eec\u5e94\u7f34\u7684\u7a0e\u6b3e\uff0c\u800c\u7acb\u6cd5\u8005\u4eec\u5374\u5e74\u590d\u4e00\u5e74\u5730\u544a\u8bc9\u6211\u4eec\uff0c\u653f\u5e9c\u7684\u8d44\u91d1\u4e0d\u8db3\u4ee5\u652f\u4ed8\u62a4\u7406\u4eba\u5458\u7684\u751f\u6d3b\u5de5\u8d44\u3002&nbsp;&nbsp; \u65b0\u7684\u201c\u767e\u4e07\u5bcc\u7fc1\u7a0e\u201d\u5c06\u4e3a\u957f\u671f\u62a4\u7406\u7b49\u670d\u52a1\u5e26\u6765\u6570\u5341\u4ebf\u7f8e\u5143\u7684\u8d44\u91d1\uff0c\u5e76\u53d6\u6d88\u6211\u4eec\u65e5\u5e38\u8d2d\u7269\u7684\u9500\u552e\u7a0e\u3002\u6211\u5f88\u81ea\u8c6a\u5730\u8bf4\uff0c\u62a4\u7406\u4eba\u5458\u4e3a\u8fd9\u9879\u6cd5\u6848\u7684\u901a\u8fc7\u94fa\u5e73\u4e86\u9053\u8def\u3002\u4f46\u6211\u4eec\u8fd8\u6ca1\u5230\u7ec8\u70b9 \u2014&nbsp;\u8d85\u7ea7\u5bcc\u8c6a\u4eec\u5df2\u7ecf\u5f00\u59cb\u7aed\u5c3d\u5168\u529b\uff0c\u8bd5\u56fe\u5728\u4eca\u5e74\u665a\u4e9b\u65f6\u5019\u7684\u6295\u7968\u4e2d\u6311\u6218\u8fd9\u9879\u7a0e\u6536\u63d0\u6848\u3002\u6211\u4eec\u9762\u524d\u8fd8\u6709\u4e00\u573a\u786c\u4ed7\u8981\u6253\uff0c\u4f46\u6211\u4eec\u5df2\u7ecf\u5c55\u73b0\u4e86\u56e2\u7ed3\u7684\u529b\u91cf\u3002\u8ba9\u6211\u4eec\u5e86\u795d\u6240\u6709\u80dc\u5229\uff0c\u4e5f\u8ba9\u6211\u4eec\u7ee7\u7eed\u6218\u6597\uff01&nbsp; \u6b64\u81f4\uff0c&nbsp;&nbsp; Sterling&nbsp;Harders, SEIU 775 President \u5b88\u62a4\u6211\u4eec\u7684\u62a4\u7406\u670d\u52a1&nbsp;&nbsp; \u6211\u548c\u6211\u7684\u5ba2\u6237\u5728\u6218\u4e89\u671f\u95f4\u88ab\u8feb\u79bb\u5f00\u4e4c\u514b\u5170\u3002\u6211\u4eec\u5931\u53bb\u4e86\u4e00\u5207 \u2014\u00a0\u5bb6\u56ed\u3001\u8d22\u7269\u3001\u670b\u53cb\u3001\u4eb2\u4eba\u3002\u00a0\u00a0\u00a0 \u6211\u7684\u5ba2\u6237\u4eca\u5e74 73&nbsp;\u5c81\uff0c\u9700\u8981\u6211\u63d0\u9192\u5979\u5403\u996d\u3001\u670d\u836f\u548c\u5c31\u533b\u3002\u5982\u679c\u5931\u53bb\u62a4\u7406\u670d\u52a1\uff0c\u5979\u7684\u5065\u5eb7\u72b6\u51b5\u4f1a\u8fc5\u901f\u6076\u5316\u3002\u7531\u4e8e\u8054\u90a6\u653f\u5e9c\u5927\u5e45\u524a\u51cf Medicaid\uff0c\u5979\u9762\u4e34\u7740\u5931\u53bb\u8d56\u4ee5\u751f\u5b58\u7684\u62a4\u7406\u670d\u52a1\u7684\u98ce\u9669\u3002&nbsp; \u6b63\u56e0\u5982\u6b64\uff0c\u5728 2026&nbsp;\u5e74\u534e\u76db\u987f\u5dde Legislative Session\uff08\u7acb\u6cd5\u4f1a\u8bae\uff09\u671f\u95f4\uff0c\u6211\u7aed\u529b\u634d\u536b\u5979\u7684\u62a4\u7406\u670d\u52a1 \u2014&nbsp;\u4ee5\u53ca\u534e\u76db\u987f\u5dde\u6240\u6709\u5c45\u6c11\u7684\u62a4\u7406\u670d\u52a1\u3002\u6211\u751a\u81f3\u5728 Olympia \u4e3e\u884c\u7684 SEIU&nbsp;775 \u96c6\u4f1a\u4e0a\u53d1\u8868\u4e86\u8bb2\u8bdd\uff0c\u547c\u5401\u4fdd\u62a4\u79fb\u6c11\u7684\u62a4\u7406\u670d\u52a1\u3002\u8fd9\u662f\u6211\u7b2c\u4e00\u6b21\u53c2\u52a0\u5982\u6b64\u5927\u89c4\u6a21\u7684\u96c6\u4f1a\uff0c\u6211\u4e3a\u80fd\u4e0e\u5de5\u4f1a\u7684\u5144\u5f1f\u59d0\u59b9\u4eec\u5e76\u80a9\u4f5c\u6218\u800c\u611f\u5230\u65e0\u6bd4\u81ea\u8c6a\u3002&nbsp; \u51ed\u501f\u6211\u4eec\u56e2\u7ed3\u7684\u529b\u91cf\uff0c\u6211\u4eec\u4e89\u53d6\u5230\u4e86\u8d44\u91d1\uff0c\u9632\u6b62\u4e86\u534e\u76db\u987f\u5dde\u8bb8\u591a\u957f\u671f\u62a4\u7406\u5ba2\u6237\u7684\u62a4\u7406\u670d\u52a1\u88ab\u524a\u51cf\uff1b\u540c\u65f6\uff0c\u6211\u4eec\u901a\u8fc7\u7981\u6b62 ICE \u4eba\u5458\u906e\u76d6\u9762\u90e8\uff0c\u4ee5\u53ca\u4e3a\u79fb\u6c11\u5de5\u4eba\u4e89\u53d6\u66f4\u591a\u5de5\u4f5c\u4fdd\u969c\uff0c\u4f7f\u6211\u4eec\u7684\u793e\u533a\u53d8\u5f97\u66f4\u52a0\u5b89\u5168\u3002&nbsp;&nbsp; \u6211\u4eec\u4f9d\u7136\u4efb\u91cd\u9053\u8fdc\uff0c\u8d85\u8fc7\u4e00\u5343\u540d\u5ba2\u6237\u4ecd\u9762\u4e34\u7740\u5728 10\u00a0\u6708\u00a01 \u65e5\u5931\u53bb\u62a4\u7406\u670d\u52a1\u7684\u98ce\u9669\uff0c\u4f46\u8fd9\u4e9b\u80dc\u5229\u8bc1\u660e\u4e86\uff0c\u56e2\u7ed3\u8d77\u6765\uff0c\u6211\u4eec\u5c31\u62e5\u6709\u5f3a\u5927\u7684\u529b\u91cf\u3002 &#8211;&nbsp;Nataliia&nbsp;B.\uff0c\u62a4\u7406\u4eba\u5458\uff0c\u534e\u76db\u987f\u5dde Vancouver&nbsp; \u6211\u4eec\u7684\u5de5\u4f5c\u5c1a\u672a\u5b8c\u6210\u3002\u4eca\u5e74\u590f\u5929\uff0cTrump \u653f\u5e9c\u91c7\u53d6\u4e86\u6781\u7aef\u7acb\u573a\uff0c\u610f\u56fe\u66f4\u5feb\u5730\u5265\u593a\u66f4\u591a\u4eba\u7684\u62a4\u7406\u670d\u52a1\uff0c\u8fd9\u610f\u5473\u7740\u6211\u4eec\u4e89\u53d6\u5230\u7684\u4fdd\u62a4\u62a4\u7406\u670d\u52a1\u7684\u8d44\u91d1\u5e76\u4e0d\u8db3\u4ee5\u8986\u76d6\u6240\u6709\u4eba\u3002\u8fd9\u610f\u5473\u7740\u534e\u76db\u987f\u5dde\u6709\u6210\u5343\u4e0a\u4e07\u7684\u4eba\u4ec5\u4ec5\u56e0\u4e3a\u79fb\u6c11\u8eab\u4efd\uff0c\u5c31\u5373\u5c06\u5931\u53bb\u62a4\u7406\u670d\u52a1\u3002\u8bf7\u5728\u6b64\u5904\u5411 Ferguson \u5dde\u957f\u53d1\u9001\u4fe1\u606f\uff0c\u8981\u6c42\u4ed6\u52a8\u7528\u7d27\u6025\u8d44\u91d1\u6765\u586b\u8865\u79fb\u6c11\u62a4\u7406\u65b9\u9762\u7684\u8d44\u91d1\u7f3a\u53e3\uff1aseiu775.org\/protectourcare&nbsp;&nbsp; \u8499\u5927\u62ff\u5dde\u62a4\u7406\u4eba\u5458\u5728\u8c08\u5224\u684c\u4e0a\u8d62\u5f97\u52a0\u85aa&nbsp;&nbsp; \u6211\u5728\u8499\u5927\u62ff\u5dde Consumer Direct Care Network \u62c5\u4efb\u62a4\u7406\u4eba\u5458\u8fd1\u5341\u5e74\u4e86\u3002\u6211\u662f\u6211\u4eec\u8c08\u5224\u56e2\u961f\u4e2d\u5f15\u4ee5\u4e3a\u50b2\u7684\u4e00\u5458 \u2014\u00a0\u6211\u975e\u5e38\u9ad8\u5174\u5730\u5ba3\u5e03\uff0c\u6211\u4eec\u6279\u51c6\u4e86\u6211\u4eec\u7684\u7b2c\u4e8c\u4efd\u5de5\u4f1a\u5408\u540c\uff01\u00a0 \u5728\u6211\u4eec\u6210\u7acb\u5de5\u4f1a\u4e4b\u524d\uff0c\u6bcf\u6b21\u96c7\u4e3b\u8fdb\u884c\u7ee9\u6548\u8003\u6838\u65f6\uff0c\u6211\u90fd\u4f1a\u8981\u6c42\u52a0\u85aa\u3002\u6211\u7684\u8bc4\u5206\u603b\u662f\u5f88\u9ad8\uff0c\u4f46\u4e00\u6b21\u53c8\u4e00\u6b21\uff0c\u6211\u4ecd\u7136\u88ab\u62d2\u7edd\u3002\u4f46\u6211\u4eec\u6210\u7acb\u5de5\u4f1a\u540e\uff0c\u6211\u4eec\u90fd\u83b7\u5f97\u4e86\u52a0\u85aa\u3002\u5e26\u85aa\u4f11\u5047\u5236\u5ea6\u4ece\u6700\u521d\u53ea\u63d0\u4f9b\u7ed9\u5c11\u6570\u5458\u5de5\uff0c\u6269\u5c55\u5230\u4e86\u6240\u6709\u5458\u5de5\u3002\u6700\u91cd\u8981\u7684\u662f\uff0c\u6211\u4eec\u7ec8\u4e8e\u5728\u5de5\u4f5c\u4e2d\u62e5\u6709\u4e86\u53d1\u8a00\u6743\u3002&nbsp; \u8c08\u5224\u8fc7\u7a0b\u6f2b\u957f\u800c\u5bcc\u6709\u6210\u6548\u3002\u6211\u4eec\u7ecf\u8fc7\u516d\u4e2a\u6708\u7684\u8c08\u5224\u624d\u6700\u7ec8\u8fbe\u6210\u534f\u8bae\u3002\u4f46\u6700\u7ec8\uff0c\u4e00\u5207\u90fd\u662f\u503c\u5f97\u7684\u3002\u6211\u4eec\u4e89\u53d6\u5230\u4e86\u66f4\u9ad8\u7684\u5de5\u8d44\u3001\u66f4\u9ad8\u7684\u91cc\u7a0b\u62a5\u9500\u3001\u66f4\u591a\u7684\u5e26\u85aa\u4f11\u5047\u4ee5\u53ca\u66f4\u9ad8\u7684\u5f85\u547d\u6d25\u8d34\u3002\u8fd8\u4e89\u53d6\u5230\u4e86\u6570\u636e\u4fdd\u62a4\u3001\u66f4\u77ed\u7684\u8bd5\u7528\u671f\u548c\u5956\u91d1\u3002&nbsp;&nbsp; \u73b0\u5728\uff0c\u6211\u4eec\u7684\u52aa\u529b\u4ecd\u5728\u7ee7\u7eed\u3002\u7528\u4e8e\u6211\u4eec\u5de5\u8d44\u7684\u5927\u90e8\u5206\u8d44\u91d1\u90fd\u7531\u5dde\u8bae\u5458\u5728\u5dde\u9884\u7b97\u4e2d\u51b3\u5b9a\u3002\u9009\u4e3e\u5373\u5c06\u4e8e 11\u00a0\u6708\u4e3e\u884c\uff0c\u73b0\u5728\u5df2\u7ecf\u6709\u5f88\u591a\u65b9\u5f0f\u53ef\u4ee5\u53c2\u4e0e\u5176\u4e2d\u3002\u6211\u5f88\u671f\u5f85\u6328\u5bb6\u6328\u6237\u53bb\u6572\u95e8\uff0c\u62e5\u62a4\u90a3\u4e9b\u652f\u6301\u62a4\u7406\u4eba\u5458\u7684\u5019\u9009\u4eba\u4eec\u3002 &#8211; Nic&nbsp;S.\uff0c\u62a4\u7406\u4eba\u5458\uff0c\u8499\u5927\u62ff\u5dde&nbsp;Missoula&nbsp; [&hellip;]\" \/>\n<meta property=\"og:url\" content=\"https:\/\/seiu775.org\/july2026newsletter-ch\/\" \/>\n<meta property=\"og:site_name\" content=\"SEIU 775\" \/>\n<meta property=\"article:publisher\" content=\"https:\/\/www.facebook.com\/seiu775\" \/>\n<meta property=\"article:published_time\" content=\"2026-07-29T18:28:23+00:00\" \/>\n<meta property=\"article:modified_time\" content=\"2026-07-29T18:28:40+00:00\" \/>\n<meta property=\"og:image\" content=\"https:\/\/seiu775.org\/wp-content\/uploads\/2026\/05\/2026-03-30-M-Tax-Bill-Signing-19-1.jpg\" \/>\n\t<meta property=\"og:image:width\" content=\"1616\" \/>\n\t<meta property=\"og:image:height\" content=\"1080\" \/>\n\t<meta property=\"og:image:type\" content=\"image\/jpeg\" \/>\n<meta name=\"author\" content=\"Rachel Jakovac\" \/>\n<meta name=\"twitter:card\" content=\"summary_large_image\" \/>\n<meta name=\"twitter:creator\" content=\"@seiu775\" \/>\n<meta name=\"twitter:site\" content=\"@seiu775\" \/>\n<meta name=\"twitter:label1\" content=\"Escrito por\" \/>\n\t<meta name=\"twitter:data1\" content=\"Rachel Jakovac\" \/>\n\t<meta name=\"twitter:label2\" content=\"Tiempo de lectura\" \/>\n\t<meta name=\"twitter:data2\" content=\"3 minutos\" \/>\n<script type=\"application\/ld+json\" class=\"yoast-schema-graph\">{\"@context\":\"https:\\\/\\\/schema.org\",\"@graph\":[{\"@type\":\"Article\",\"@id\":\"https:\\\/\\\/seiu775.org\\\/july2026newsletter-ch\\\/#article\",\"isPartOf\":{\"@id\":\"https:\\\/\\\/seiu775.org\\\/july2026newsletter-ch\\\/\"},\"author\":{\"name\":\"Rachel Jakovac\",\"@id\":\"https:\\\/\\\/seiu775.org\\\/#\\\/schema\\\/person\\\/b68bb44ebcb6d100d9590a377b54fab4\"},\"headline\":\"\u56e2\u7ed3\u4f7f\u6211\u4eec\u66f4\u5f3a\u5927\uff1aSEIU 775\u00a07\u00a0\u6708\u5185\u90e8\u901a\u8baf\u00a0\",\"datePublished\":\"2026-07-29T18:28:23+00:00\",\"dateModified\":\"2026-07-29T18:28:40+00:00\",\"mainEntityOfPage\":{\"@id\":\"https:\\\/\\\/seiu775.org\\\/july2026newsletter-ch\\\/\"},\"wordCount\":108,\"publisher\":{\"@id\":\"https:\\\/\\\/seiu775.org\\\/#organization\"},\"image\":{\"@id\":\"https:\\\/\\\/seiu775.org\\\/july2026newsletter-ch\\\/#primaryimage\"},\"thumbnailUrl\":\"https:\\\/\\\/seiu775.org\\\/wp-content\\\/uploads\\\/2026\\\/05\\\/2026-03-30-M-Tax-Bill-Signing-19-1-1024x684.jpg\",\"keywords\":[\"Immigration\",\"Medicaid\",\"Newsletter\",\"Nursing Homes\",\"Agency Provider\",\"Individual Provider\",\"Alaska\",\"Montana\",\"Washington\",\"Home Care\"],\"articleSection\":[\"News\"],\"inLanguage\":\"es\"},{\"@type\":\"WebPage\",\"@id\":\"https:\\\/\\\/seiu775.org\\\/july2026newsletter-ch\\\/\",\"url\":\"https:\\\/\\\/seiu775.org\\\/july2026newsletter-ch\\\/\",\"name\":\"\u56e2\u7ed3\u4f7f\u6211\u4eec\u66f4\u5f3a\u5927\uff1aSEIU 775\u00a07\u00a0\u6708\u5185\u90e8\u901a\u8baf\u00a0 - SEIU 775\",\"isPartOf\":{\"@id\":\"https:\\\/\\\/seiu775.org\\\/#website\"},\"primaryImageOfPage\":{\"@id\":\"https:\\\/\\\/seiu775.org\\\/july2026newsletter-ch\\\/#primaryimage\"},\"image\":{\"@id\":\"https:\\\/\\\/seiu775.org\\\/july2026newsletter-ch\\\/#primaryimage\"},\"thumbnailUrl\":\"https:\\\/\\\/seiu775.org\\\/wp-content\\\/uploads\\\/2026\\\/05\\\/2026-03-30-M-Tax-Bill-Signing-19-1-1024x684.jpg\",\"datePublished\":\"2026-07-29T18:28:23+00:00\",\"dateModified\":\"2026-07-29T18:28:40+00:00\",\"breadcrumb\":{\"@id\":\"https:\\\/\\\/seiu775.org\\\/july2026newsletter-ch\\\/#breadcrumb\"},\"inLanguage\":\"es\",\"potentialAction\":[{\"@type\":\"ReadAction\",\"target\":[\"https:\\\/\\\/seiu775.org\\\/july2026newsletter-ch\\\/\"]}]},{\"@type\":\"ImageObject\",\"inLanguage\":\"es\",\"@id\":\"https:\\\/\\\/seiu775.org\\\/july2026newsletter-ch\\\/#primaryimage\",\"url\":\"https:\\\/\\\/seiu775.org\\\/wp-content\\\/uploads\\\/2026\\\/05\\\/2026-03-30-M-Tax-Bill-Signing-19-1-1024x684.jpg\",\"contentUrl\":\"https:\\\/\\\/seiu775.org\\\/wp-content\\\/uploads\\\/2026\\\/05\\\/2026-03-30-M-Tax-Bill-Signing-19-1-1024x684.jpg\"},{\"@type\":\"BreadcrumbList\",\"@id\":\"https:\\\/\\\/seiu775.org\\\/july2026newsletter-ch\\\/#breadcrumb\",\"itemListElement\":[{\"@type\":\"ListItem\",\"position\":1,\"name\":\"Home\",\"item\":\"https:\\\/\\\/seiu775.org\\\/es\\\/\"},{\"@type\":\"ListItem\",\"position\":2,\"name\":\"\u56e2\u7ed3\u4f7f\u6211\u4eec\u66f4\u5f3a\u5927\uff1aSEIU 775\u00a07\u00a0\u6708\u5185\u90e8\u901a\u8baf\u00a0\"}]},{\"@type\":\"WebSite\",\"@id\":\"https:\\\/\\\/seiu775.org\\\/#website\",\"url\":\"https:\\\/\\\/seiu775.org\\\/\",\"name\":\"SEIU775\",\"description\":\"We&#039;re Stronger Together\",\"publisher\":{\"@id\":\"https:\\\/\\\/seiu775.org\\\/#organization\"},\"potentialAction\":[{\"@type\":\"SearchAction\",\"target\":{\"@type\":\"EntryPoint\",\"urlTemplate\":\"https:\\\/\\\/seiu775.org\\\/?s={search_term_string}\"},\"query-input\":{\"@type\":\"PropertyValueSpecification\",\"valueRequired\":true,\"valueName\":\"search_term_string\"}}],\"inLanguage\":\"es\"},{\"@type\":\"Organization\",\"@id\":\"https:\\\/\\\/seiu775.org\\\/#organization\",\"name\":\"SEIU775\",\"url\":\"https:\\\/\\\/seiu775.org\\\/\",\"logo\":{\"@type\":\"ImageObject\",\"inLanguage\":\"es\",\"@id\":\"https:\\\/\\\/seiu775.org\\\/#\\\/schema\\\/logo\\\/image\\\/\",\"url\":\"https:\\\/\\\/seiu775.org\\\/wp-content\\\/uploads\\\/2020\\\/07\\\/logo.png\",\"contentUrl\":\"https:\\\/\\\/seiu775.org\\\/wp-content\\\/uploads\\\/2020\\\/07\\\/logo.png\",\"width\":126,\"height\":126,\"caption\":\"SEIU775\"},\"image\":{\"@id\":\"https:\\\/\\\/seiu775.org\\\/#\\\/schema\\\/logo\\\/image\\\/\"},\"sameAs\":[\"https:\\\/\\\/www.facebook.com\\\/seiu775\",\"https:\\\/\\\/x.com\\\/seiu775\",\"https:\\\/\\\/www.youtube.com\\\/channel\\\/UCRnCbqnYM3ZaGYHUZQiG3Ug\",\"https:\\\/\\\/www.instagram.com\\\/seiu775\\\/\",\"https:\\\/\\\/www.linkedin.com\\\/company\\\/seiu-775nw\\\/\"]},{\"@type\":\"Person\",\"@id\":\"https:\\\/\\\/seiu775.org\\\/#\\\/schema\\\/person\\\/b68bb44ebcb6d100d9590a377b54fab4\",\"name\":\"Rachel Jakovac\",\"image\":{\"@type\":\"ImageObject\",\"inLanguage\":\"es\",\"@id\":\"https:\\\/\\\/secure.gravatar.com\\\/avatar\\\/b9888826ab82112ec13ff6e354563a1cad072dc43a2d13ce52113247b75ee9d6?s=96&d=mm&r=g\",\"url\":\"https:\\\/\\\/secure.gravatar.com\\\/avatar\\\/b9888826ab82112ec13ff6e354563a1cad072dc43a2d13ce52113247b75ee9d6?s=96&d=mm&r=g\",\"contentUrl\":\"https:\\\/\\\/secure.gravatar.com\\\/avatar\\\/b9888826ab82112ec13ff6e354563a1cad072dc43a2d13ce52113247b75ee9d6?s=96&d=mm&r=g\",\"caption\":\"Rachel Jakovac\"}}]}<\/script>\n<!-- \/ Yoast SEO plugin. -->","yoast_head_json":{"title":"\u56e2\u7ed3\u4f7f\u6211\u4eec\u66f4\u5f3a\u5927\uff1aSEIU 775\u00a07\u00a0\u6708\u5185\u90e8\u901a\u8baf\u00a0 - SEIU 775","robots":{"index":"index","follow":"follow","max-snippet":"max-snippet:-1","max-image-preview":"max-image-preview:large","max-video-preview":"max-video-preview:-1"},"canonical":"https:\/\/seiu775.org\/july2026newsletter-ch\/","og_locale":"es_ES","og_type":"article","og_title":"\u56e2\u7ed3\u4f7f\u6211\u4eec\u66f4\u5f3a\u5927\uff1aSEIU 775\u00a07\u00a0\u6708\u5185\u90e8\u901a\u8baf\u00a0 - SEIU 775","og_description":"\u5404\u4f4d SEIU&nbsp;775 \u62a4\u7406\u4eba\u5458\uff1a&nbsp; \u6211\u4eec\u4e3a\u7a0e\u6536\u516c\u5e73\u594b\u6597\u4e86\u4e8c\u5341\u591a\u5e74\u3002\u81ea\u4ece 2002 \u5e74\u52a0\u5165\u5de5\u4f1a\u4ee5\u6765\uff0c\u6211\u4e0e\u62a4\u7406\u4eba\u5458\u4eec\u4e00\u8d77\u53c2\u52a0\u4e86\u65e0\u6570\u6b21\u96c6\u4f1a\u3001\u5199\u4fe1\u6d3b\u52a8\u3001\u59d4\u5458\u4f1a\u542c\u8bc1\u4f1a\u4ee5\u53ca\u5176\u4ed6\u5404\u79cd\u6d3b\u52a8\u3002\u73b0\u5728\uff0c\u534e\u76db\u987f\u5dde\u7ec8\u4e8e\u8981\u901a\u8fc7\u5177\u6709\u5386\u53f2\u610f\u4e49\u7684\u201c\u767e\u4e07\u5bcc\u7fc1\u7a0e\u201d\u6cd5\u6848\uff0c\u5411\u5bcc\u4eba\u5f81\u7a0e\u4e86\u3002\u8fd9\u8981\u5f52\u529f\u4e8e\u62a4\u7406\u4eba\u5458\u548c\u6211\u4eec\u7684\u76df\u53cb\u4eec\u5728\u8fc7\u53bb\u548c\u73b0\u5728\u6240\u505a\u7684\u52aa\u529b\u3002&nbsp;&nbsp; \u5728\u534e\u76db\u987f\u5dde\u98a0\u5012\u7684\u7a0e\u6536\u5236\u5ea6\u4e0b\uff0c\u5de5\u85aa\u9636\u5c42\u7f34\u7eb3\u7684\u7a0e\u6b3e\u6bd4\u4f8b\u8fdc\u9ad8\u4e8e\u6700\u5bcc\u6709\u7684\u4eba\u3002\u7ed3\u679c\u5982\u4f55\uff1f\u4ebf\u4e07\u5bcc\u7fc1\u548c\u8d85\u7ea7\u5bcc\u8c6a\u4eec\u9003\u907f\u7f34\u7eb3\u4ed6\u4eec\u5e94\u7f34\u7684\u7a0e\u6b3e\uff0c\u800c\u7acb\u6cd5\u8005\u4eec\u5374\u5e74\u590d\u4e00\u5e74\u5730\u544a\u8bc9\u6211\u4eec\uff0c\u653f\u5e9c\u7684\u8d44\u91d1\u4e0d\u8db3\u4ee5\u652f\u4ed8\u62a4\u7406\u4eba\u5458\u7684\u751f\u6d3b\u5de5\u8d44\u3002&nbsp;&nbsp; \u65b0\u7684\u201c\u767e\u4e07\u5bcc\u7fc1\u7a0e\u201d\u5c06\u4e3a\u957f\u671f\u62a4\u7406\u7b49\u670d\u52a1\u5e26\u6765\u6570\u5341\u4ebf\u7f8e\u5143\u7684\u8d44\u91d1\uff0c\u5e76\u53d6\u6d88\u6211\u4eec\u65e5\u5e38\u8d2d\u7269\u7684\u9500\u552e\u7a0e\u3002\u6211\u5f88\u81ea\u8c6a\u5730\u8bf4\uff0c\u62a4\u7406\u4eba\u5458\u4e3a\u8fd9\u9879\u6cd5\u6848\u7684\u901a\u8fc7\u94fa\u5e73\u4e86\u9053\u8def\u3002\u4f46\u6211\u4eec\u8fd8\u6ca1\u5230\u7ec8\u70b9 \u2014&nbsp;\u8d85\u7ea7\u5bcc\u8c6a\u4eec\u5df2\u7ecf\u5f00\u59cb\u7aed\u5c3d\u5168\u529b\uff0c\u8bd5\u56fe\u5728\u4eca\u5e74\u665a\u4e9b\u65f6\u5019\u7684\u6295\u7968\u4e2d\u6311\u6218\u8fd9\u9879\u7a0e\u6536\u63d0\u6848\u3002\u6211\u4eec\u9762\u524d\u8fd8\u6709\u4e00\u573a\u786c\u4ed7\u8981\u6253\uff0c\u4f46\u6211\u4eec\u5df2\u7ecf\u5c55\u73b0\u4e86\u56e2\u7ed3\u7684\u529b\u91cf\u3002\u8ba9\u6211\u4eec\u5e86\u795d\u6240\u6709\u80dc\u5229\uff0c\u4e5f\u8ba9\u6211\u4eec\u7ee7\u7eed\u6218\u6597\uff01&nbsp; \u6b64\u81f4\uff0c&nbsp;&nbsp; Sterling&nbsp;Harders, SEIU 775 President \u5b88\u62a4\u6211\u4eec\u7684\u62a4\u7406\u670d\u52a1&nbsp;&nbsp; \u6211\u548c\u6211\u7684\u5ba2\u6237\u5728\u6218\u4e89\u671f\u95f4\u88ab\u8feb\u79bb\u5f00\u4e4c\u514b\u5170\u3002\u6211\u4eec\u5931\u53bb\u4e86\u4e00\u5207 \u2014\u00a0\u5bb6\u56ed\u3001\u8d22\u7269\u3001\u670b\u53cb\u3001\u4eb2\u4eba\u3002\u00a0\u00a0\u00a0 \u6211\u7684\u5ba2\u6237\u4eca\u5e74 73&nbsp;\u5c81\uff0c\u9700\u8981\u6211\u63d0\u9192\u5979\u5403\u996d\u3001\u670d\u836f\u548c\u5c31\u533b\u3002\u5982\u679c\u5931\u53bb\u62a4\u7406\u670d\u52a1\uff0c\u5979\u7684\u5065\u5eb7\u72b6\u51b5\u4f1a\u8fc5\u901f\u6076\u5316\u3002\u7531\u4e8e\u8054\u90a6\u653f\u5e9c\u5927\u5e45\u524a\u51cf Medicaid\uff0c\u5979\u9762\u4e34\u7740\u5931\u53bb\u8d56\u4ee5\u751f\u5b58\u7684\u62a4\u7406\u670d\u52a1\u7684\u98ce\u9669\u3002&nbsp; \u6b63\u56e0\u5982\u6b64\uff0c\u5728 2026&nbsp;\u5e74\u534e\u76db\u987f\u5dde Legislative Session\uff08\u7acb\u6cd5\u4f1a\u8bae\uff09\u671f\u95f4\uff0c\u6211\u7aed\u529b\u634d\u536b\u5979\u7684\u62a4\u7406\u670d\u52a1 \u2014&nbsp;\u4ee5\u53ca\u534e\u76db\u987f\u5dde\u6240\u6709\u5c45\u6c11\u7684\u62a4\u7406\u670d\u52a1\u3002\u6211\u751a\u81f3\u5728 Olympia \u4e3e\u884c\u7684 SEIU&nbsp;775 \u96c6\u4f1a\u4e0a\u53d1\u8868\u4e86\u8bb2\u8bdd\uff0c\u547c\u5401\u4fdd\u62a4\u79fb\u6c11\u7684\u62a4\u7406\u670d\u52a1\u3002\u8fd9\u662f\u6211\u7b2c\u4e00\u6b21\u53c2\u52a0\u5982\u6b64\u5927\u89c4\u6a21\u7684\u96c6\u4f1a\uff0c\u6211\u4e3a\u80fd\u4e0e\u5de5\u4f1a\u7684\u5144\u5f1f\u59d0\u59b9\u4eec\u5e76\u80a9\u4f5c\u6218\u800c\u611f\u5230\u65e0\u6bd4\u81ea\u8c6a\u3002&nbsp; \u51ed\u501f\u6211\u4eec\u56e2\u7ed3\u7684\u529b\u91cf\uff0c\u6211\u4eec\u4e89\u53d6\u5230\u4e86\u8d44\u91d1\uff0c\u9632\u6b62\u4e86\u534e\u76db\u987f\u5dde\u8bb8\u591a\u957f\u671f\u62a4\u7406\u5ba2\u6237\u7684\u62a4\u7406\u670d\u52a1\u88ab\u524a\u51cf\uff1b\u540c\u65f6\uff0c\u6211\u4eec\u901a\u8fc7\u7981\u6b62 ICE \u4eba\u5458\u906e\u76d6\u9762\u90e8\uff0c\u4ee5\u53ca\u4e3a\u79fb\u6c11\u5de5\u4eba\u4e89\u53d6\u66f4\u591a\u5de5\u4f5c\u4fdd\u969c\uff0c\u4f7f\u6211\u4eec\u7684\u793e\u533a\u53d8\u5f97\u66f4\u52a0\u5b89\u5168\u3002&nbsp;&nbsp; \u6211\u4eec\u4f9d\u7136\u4efb\u91cd\u9053\u8fdc\uff0c\u8d85\u8fc7\u4e00\u5343\u540d\u5ba2\u6237\u4ecd\u9762\u4e34\u7740\u5728 10\u00a0\u6708\u00a01 \u65e5\u5931\u53bb\u62a4\u7406\u670d\u52a1\u7684\u98ce\u9669\uff0c\u4f46\u8fd9\u4e9b\u80dc\u5229\u8bc1\u660e\u4e86\uff0c\u56e2\u7ed3\u8d77\u6765\uff0c\u6211\u4eec\u5c31\u62e5\u6709\u5f3a\u5927\u7684\u529b\u91cf\u3002 &#8211;&nbsp;Nataliia&nbsp;B.\uff0c\u62a4\u7406\u4eba\u5458\uff0c\u534e\u76db\u987f\u5dde Vancouver&nbsp; \u6211\u4eec\u7684\u5de5\u4f5c\u5c1a\u672a\u5b8c\u6210\u3002\u4eca\u5e74\u590f\u5929\uff0cTrump \u653f\u5e9c\u91c7\u53d6\u4e86\u6781\u7aef\u7acb\u573a\uff0c\u610f\u56fe\u66f4\u5feb\u5730\u5265\u593a\u66f4\u591a\u4eba\u7684\u62a4\u7406\u670d\u52a1\uff0c\u8fd9\u610f\u5473\u7740\u6211\u4eec\u4e89\u53d6\u5230\u7684\u4fdd\u62a4\u62a4\u7406\u670d\u52a1\u7684\u8d44\u91d1\u5e76\u4e0d\u8db3\u4ee5\u8986\u76d6\u6240\u6709\u4eba\u3002\u8fd9\u610f\u5473\u7740\u534e\u76db\u987f\u5dde\u6709\u6210\u5343\u4e0a\u4e07\u7684\u4eba\u4ec5\u4ec5\u56e0\u4e3a\u79fb\u6c11\u8eab\u4efd\uff0c\u5c31\u5373\u5c06\u5931\u53bb\u62a4\u7406\u670d\u52a1\u3002\u8bf7\u5728\u6b64\u5904\u5411 Ferguson \u5dde\u957f\u53d1\u9001\u4fe1\u606f\uff0c\u8981\u6c42\u4ed6\u52a8\u7528\u7d27\u6025\u8d44\u91d1\u6765\u586b\u8865\u79fb\u6c11\u62a4\u7406\u65b9\u9762\u7684\u8d44\u91d1\u7f3a\u53e3\uff1aseiu775.org\/protectourcare&nbsp;&nbsp; \u8499\u5927\u62ff\u5dde\u62a4\u7406\u4eba\u5458\u5728\u8c08\u5224\u684c\u4e0a\u8d62\u5f97\u52a0\u85aa&nbsp;&nbsp; \u6211\u5728\u8499\u5927\u62ff\u5dde Consumer Direct Care Network \u62c5\u4efb\u62a4\u7406\u4eba\u5458\u8fd1\u5341\u5e74\u4e86\u3002\u6211\u662f\u6211\u4eec\u8c08\u5224\u56e2\u961f\u4e2d\u5f15\u4ee5\u4e3a\u50b2\u7684\u4e00\u5458 \u2014\u00a0\u6211\u975e\u5e38\u9ad8\u5174\u5730\u5ba3\u5e03\uff0c\u6211\u4eec\u6279\u51c6\u4e86\u6211\u4eec\u7684\u7b2c\u4e8c\u4efd\u5de5\u4f1a\u5408\u540c\uff01\u00a0 \u5728\u6211\u4eec\u6210\u7acb\u5de5\u4f1a\u4e4b\u524d\uff0c\u6bcf\u6b21\u96c7\u4e3b\u8fdb\u884c\u7ee9\u6548\u8003\u6838\u65f6\uff0c\u6211\u90fd\u4f1a\u8981\u6c42\u52a0\u85aa\u3002\u6211\u7684\u8bc4\u5206\u603b\u662f\u5f88\u9ad8\uff0c\u4f46\u4e00\u6b21\u53c8\u4e00\u6b21\uff0c\u6211\u4ecd\u7136\u88ab\u62d2\u7edd\u3002\u4f46\u6211\u4eec\u6210\u7acb\u5de5\u4f1a\u540e\uff0c\u6211\u4eec\u90fd\u83b7\u5f97\u4e86\u52a0\u85aa\u3002\u5e26\u85aa\u4f11\u5047\u5236\u5ea6\u4ece\u6700\u521d\u53ea\u63d0\u4f9b\u7ed9\u5c11\u6570\u5458\u5de5\uff0c\u6269\u5c55\u5230\u4e86\u6240\u6709\u5458\u5de5\u3002\u6700\u91cd\u8981\u7684\u662f\uff0c\u6211\u4eec\u7ec8\u4e8e\u5728\u5de5\u4f5c\u4e2d\u62e5\u6709\u4e86\u53d1\u8a00\u6743\u3002&nbsp; \u8c08\u5224\u8fc7\u7a0b\u6f2b\u957f\u800c\u5bcc\u6709\u6210\u6548\u3002\u6211\u4eec\u7ecf\u8fc7\u516d\u4e2a\u6708\u7684\u8c08\u5224\u624d\u6700\u7ec8\u8fbe\u6210\u534f\u8bae\u3002\u4f46\u6700\u7ec8\uff0c\u4e00\u5207\u90fd\u662f\u503c\u5f97\u7684\u3002\u6211\u4eec\u4e89\u53d6\u5230\u4e86\u66f4\u9ad8\u7684\u5de5\u8d44\u3001\u66f4\u9ad8\u7684\u91cc\u7a0b\u62a5\u9500\u3001\u66f4\u591a\u7684\u5e26\u85aa\u4f11\u5047\u4ee5\u53ca\u66f4\u9ad8\u7684\u5f85\u547d\u6d25\u8d34\u3002\u8fd8\u4e89\u53d6\u5230\u4e86\u6570\u636e\u4fdd\u62a4\u3001\u66f4\u77ed\u7684\u8bd5\u7528\u671f\u548c\u5956\u91d1\u3002&nbsp;&nbsp; \u73b0\u5728\uff0c\u6211\u4eec\u7684\u52aa\u529b\u4ecd\u5728\u7ee7\u7eed\u3002\u7528\u4e8e\u6211\u4eec\u5de5\u8d44\u7684\u5927\u90e8\u5206\u8d44\u91d1\u90fd\u7531\u5dde\u8bae\u5458\u5728\u5dde\u9884\u7b97\u4e2d\u51b3\u5b9a\u3002\u9009\u4e3e\u5373\u5c06\u4e8e 11\u00a0\u6708\u4e3e\u884c\uff0c\u73b0\u5728\u5df2\u7ecf\u6709\u5f88\u591a\u65b9\u5f0f\u53ef\u4ee5\u53c2\u4e0e\u5176\u4e2d\u3002\u6211\u5f88\u671f\u5f85\u6328\u5bb6\u6328\u6237\u53bb\u6572\u95e8\uff0c\u62e5\u62a4\u90a3\u4e9b\u652f\u6301\u62a4\u7406\u4eba\u5458\u7684\u5019\u9009\u4eba\u4eec\u3002 &#8211; Nic&nbsp;S.\uff0c\u62a4\u7406\u4eba\u5458\uff0c\u8499\u5927\u62ff\u5dde&nbsp;Missoula&nbsp; [&hellip;]","og_url":"https:\/\/seiu775.org\/july2026newsletter-ch\/","og_site_name":"SEIU 775","article_publisher":"https:\/\/www.facebook.com\/seiu775","article_published_time":"2026-07-29T18:28:23+00:00","article_modified_time":"2026-07-29T18:28:40+00:00","og_image":[{"width":1616,"height":1080,"url":"https:\/\/seiu775.org\/wp-content\/uploads\/2026\/05\/2026-03-30-M-Tax-Bill-Signing-19-1.jpg","type":"image\/jpeg"}],"author":"Rachel Jakovac","twitter_card":"summary_large_image","twitter_creator":"@seiu775","twitter_site":"@seiu775","twitter_misc":{"Escrito por":"Rachel Jakovac","Tiempo de lectura":"3 minutos"},"schema":{"@context":"https:\/\/schema.org","@graph":[{"@type":"Article","@id":"https:\/\/seiu775.org\/july2026newsletter-ch\/#article","isPartOf":{"@id":"https:\/\/seiu775.org\/july2026newsletter-ch\/"},"author":{"name":"Rachel Jakovac","@id":"https:\/\/seiu775.org\/#\/schema\/person\/b68bb44ebcb6d100d9590a377b54fab4"},"headline":"\u56e2\u7ed3\u4f7f\u6211\u4eec\u66f4\u5f3a\u5927\uff1aSEIU 775\u00a07\u00a0\u6708\u5185\u90e8\u901a\u8baf\u00a0","datePublished":"2026-07-29T18:28:23+00:00","dateModified":"2026-07-29T18:28:40+00:00","mainEntityOfPage":{"@id":"https:\/\/seiu775.org\/july2026newsletter-ch\/"},"wordCount":108,"publisher":{"@id":"https:\/\/seiu775.org\/#organization"},"image":{"@id":"https:\/\/seiu775.org\/july2026newsletter-ch\/#primaryimage"},"thumbnailUrl":"https:\/\/seiu775.org\/wp-content\/uploads\/2026\/05\/2026-03-30-M-Tax-Bill-Signing-19-1-1024x684.jpg","keywords":["Immigration","Medicaid","Newsletter","Nursing Homes","Agency Provider","Individual Provider","Alaska","Montana","Washington","Home Care"],"articleSection":["News"],"inLanguage":"es"},{"@type":"WebPage","@id":"https:\/\/seiu775.org\/july2026newsletter-ch\/","url":"https:\/\/seiu775.org\/july2026newsletter-ch\/","name":"\u56e2\u7ed3\u4f7f\u6211\u4eec\u66f4\u5f3a\u5927\uff1aSEIU 775\u00a07\u00a0\u6708\u5185\u90e8\u901a\u8baf\u00a0 - SEIU 775","isPartOf":{"@id":"https:\/\/seiu775.org\/#website"},"primaryImageOfPage":{"@id":"https:\/\/seiu775.org\/july2026newsletter-ch\/#primaryimage"},"image":{"@id":"https:\/\/seiu775.org\/july2026newsletter-ch\/#primaryimage"},"thumbnailUrl":"https:\/\/seiu775.org\/wp-content\/uploads\/2026\/05\/2026-03-30-M-Tax-Bill-Signing-19-1-1024x684.jpg","datePublished":"2026-07-29T18:28:23+00:00","dateModified":"2026-07-29T18:28:40+00:00","breadcrumb":{"@id":"https:\/\/seiu775.org\/july2026newsletter-ch\/#breadcrumb"},"inLanguage":"es","potentialAction":[{"@type":"ReadAction","target":["https:\/\/seiu775.org\/july2026newsletter-ch\/"]}]},{"@type":"ImageObject","inLanguage":"es","@id":"https:\/\/seiu775.org\/july2026newsletter-ch\/#primaryimage","url":"https:\/\/seiu775.org\/wp-content\/uploads\/2026\/05\/2026-03-30-M-Tax-Bill-Signing-19-1-1024x684.jpg","contentUrl":"https:\/\/seiu775.org\/wp-content\/uploads\/2026\/05\/2026-03-30-M-Tax-Bill-Signing-19-1-1024x684.jpg"},{"@type":"BreadcrumbList","@id":"https:\/\/seiu775.org\/july2026newsletter-ch\/#breadcrumb","itemListElement":[{"@type":"ListItem","position":1,"name":"Home","item":"https:\/\/seiu775.org\/es\/"},{"@type":"ListItem","position":2,"name":"\u56e2\u7ed3\u4f7f\u6211\u4eec\u66f4\u5f3a\u5927\uff1aSEIU 775\u00a07\u00a0\u6708\u5185\u90e8\u901a\u8baf\u00a0"}]},{"@type":"WebSite","@id":"https:\/\/seiu775.org\/#website","url":"https:\/\/seiu775.org\/","name":"SEIU775","description":"We&#039;re Stronger Together","publisher":{"@id":"https:\/\/seiu775.org\/#organization"},"potentialAction":[{"@type":"SearchAction","target":{"@type":"EntryPoint","urlTemplate":"https:\/\/seiu775.org\/?s={search_term_string}"},"query-input":{"@type":"PropertyValueSpecification","valueRequired":true,"valueName":"search_term_string"}}],"inLanguage":"es"},{"@type":"Organization","@id":"https:\/\/seiu775.org\/#organization","name":"SEIU775","url":"https:\/\/seiu775.org\/","logo":{"@type":"ImageObject","inLanguage":"es","@id":"https:\/\/seiu775.org\/#\/schema\/logo\/image\/","url":"https:\/\/seiu775.org\/wp-content\/uploads\/2020\/07\/logo.png","contentUrl":"https:\/\/seiu775.org\/wp-content\/uploads\/2020\/07\/logo.png","width":126,"height":126,"caption":"SEIU775"},"image":{"@id":"https:\/\/seiu775.org\/#\/schema\/logo\/image\/"},"sameAs":["https:\/\/www.facebook.com\/seiu775","https:\/\/x.com\/seiu775","https:\/\/www.youtube.com\/channel\/UCRnCbqnYM3ZaGYHUZQiG3Ug","https:\/\/www.instagram.com\/seiu775\/","https:\/\/www.linkedin.com\/company\/seiu-775nw\/"]},{"@type":"Person","@id":"https:\/\/seiu775.org\/#\/schema\/person\/b68bb44ebcb6d100d9590a377b54fab4","name":"Rachel Jakovac","image":{"@type":"ImageObject","inLanguage":"es","@id":"https:\/\/secure.gravatar.com\/avatar\/b9888826ab82112ec13ff6e354563a1cad072dc43a2d13ce52113247b75ee9d6?s=96&d=mm&r=g","url":"https:\/\/secure.gravatar.com\/avatar\/b9888826ab82112ec13ff6e354563a1cad072dc43a2d13ce52113247b75ee9d6?s=96&d=mm&r=g","contentUrl":"https:\/\/secure.gravatar.com\/avatar\/b9888826ab82112ec13ff6e354563a1cad072dc43a2d13ce52113247b75ee9d6?s=96&d=mm&r=g","caption":"Rachel Jakovac"}}]}},"publishpress_future_action":{"enabled":false,"date":"2026-09-10 11:48:53","action":"change-status","newStatus":"draft","terms":[],"taxonomy":"category","extraData":[]},"publishpress_future_workflow_manual_trigger":{"enabledWorkflows":[]},"_links":{"self":[{"href":"https:\/\/seiu775.org\/es\/wp-json\/wp\/v2\/posts\/31028","targetHints":{"allow":["GET"]}}],"collection":[{"href":"https:\/\/seiu775.org\/es\/wp-json\/wp\/v2\/posts"}],"about":[{"href":"https:\/\/seiu775.org\/es\/wp-json\/wp\/v2\/types\/post"}],"author":[{"embeddable":true,"href":"https:\/\/seiu775.org\/es\/wp-json\/wp\/v2\/users\/5669"}],"replies":[{"embeddable":true,"href":"https:\/\/seiu775.org\/es\/wp-json\/wp\/v2\/comments?post=31028"}],"version-history":[{"count":0,"href":"https:\/\/seiu775.org\/es\/wp-json\/wp\/v2\/posts\/31028\/revisions"}],"wp:attachment":[{"href":"https:\/\/seiu775.org\/es\/wp-json\/wp\/v2\/media?parent=31028"}],"wp:term":[{"taxonomy":"category","embeddable":true,"href":"https:\/\/seiu775.org\/es\/wp-json\/wp\/v2\/categories?post=31028"},{"taxonomy":"post_tag","embeddable":true,"href":"https:\/\/seiu775.org\/es\/wp-json\/wp\/v2\/tags?post=31028"}],"curies":[{"name":"wp","href":"https:\/\/api.w.org\/{rel}","templated":true}]}}]